{"id":378084,"date":"2025-09-09T15:54:09","date_gmt":"2025-09-09T15:54:09","guid":{"rendered":"https:\/\/www.europesays.com\/fr\/378084\/"},"modified":"2025-09-09T15:54:09","modified_gmt":"2025-09-09T15:54:09","slug":"je-nai-jamais-vu-ca-2","status":"publish","type":"post","link":"https:\/\/www.europesays.com\/fr\/378084\/","title":{"rendered":"Je n&rsquo;ai jamais vu \u00e7a"},"content":{"rendered":"<p>            Par<br \/>\n        <strong><br \/>\n            <a href=\"https:\/\/actu.fr\/auteur\/fabien-binacchi\" title=\"Consulter tous les articles de Fabien Binacchi\" target=\"_blank\" rel=\"noopener\">Fabien Binacchi<\/a><br \/>\n        <\/strong><\/p>\n<p>        Publi\u00e9 le<\/p>\n<p>            9 sept. 2025 \u00e0 17h28        <\/p>\n<p>Des requins bleus qui s\u2019approchent du bord et des baigneurs dans <a href=\"https:\/\/actu.fr\/tag\/parc-des-calanques\" target=\"_blank\" rel=\"noopener\">les calanques,<\/a> \u00ab\u2009ce n\u2019est pas \u00e9tonnant\u2009\u00bb, des raies pastenagues, venimeuses, tout proche des plages de <a href=\"https:\/\/actu.fr\/marseille\/\" target=\"_blank\" rel=\"noopener\">Marseille<\/a>, \u00ab\u2009aussi\u2009\u00bb, mais les Mobula d\u00e9sorient\u00e9es qui viennent s\u2019\u00e9chouer, \u00ab\u2009je n\u2019avais encore jamais vu \u00e7a\u2009\u00bb. Nicolas Ziani, directeur scientifique du <strong>Groupe phoc\u00e9en d\u2019\u00e9tude des requins<\/strong> dresse, pour actu Marseille, le bilan d\u2019un \u00e9t\u00e9 aussi riche en observations sur le littoral qu\u2019inqui\u00e9tant. Le sp\u00e9cialiste craint que <a href=\"https:\/\/actu.fr\/provence-alpes-cote-d-azur\/marseille_13055\/canicule-a-marseille-du-jamais-vu-pourquoi-la-temperature-de-la-mer-mediterranee-est-exceptionnelle_63027079.html\" target=\"_blank\" rel=\"noopener\">les canicules marines,<\/a> qui risquent d\u2019\u00eatre de plus en plus fr\u00e9quentes en M\u00e9diterran\u00e9en, n\u2019aient un v\u00e9ritable impact sur la mortalit\u00e9 de la faune.<\/p>\n<p>Des apparitions habituelles et d\u2019autres pas<\/p>\n<p class=\" wall-content\">Les Marseillais et les touristes ont pass\u00e9 un \u00e9t\u00e9 \u00ab\u2009au contact\u2009\u00bb. \u00c0 de nombreuses reprises, ils ont pu observer des sp\u00e9cimens tout pr\u00e8s des plages, <strong>ferm\u00e9es d\u2019urgence pour prot\u00e9ger les baigneurs, mais surtout cette faune, fragile.<\/strong><\/p>\n<p class=\" wall-content\">Les voir l\u00e0 est-il exceptionnel\u2009? \u00ab\u2009Un requin bleu en bord de c\u00f4t\u00e9\u2009\u00bb, <a href=\"https:\/\/actu.fr\/provence-alpes-cote-d-azur\/marseille_13055\/marseille-un-requin-s-aventure-pres-de-cette-plage-tres-connue-la-baignade-interdite_63041808.html\" target=\"_blank\" rel=\"noopener\">comme \u00e0 Sormiou mi-ao\u00fbt,<\/a> \u00ab\u2009\u00e7a arrive lorsqu\u2019ils suivent des proies et c\u2019est sans danger\u2009\u00bb, \u00ab\u2009<a href=\"https:\/\/actu.fr\/provence-alpes-cote-d-azur\/marseille_13055\/marseille-cette-plage-fermee-d-urgence-une-espece-venimeuse-et-dangereuse-detectee_62992764.html\" target=\"_blank\" rel=\"noopener\">des Pastenagues qui s\u2019approchent<\/a>\u2009<strong>ce n\u2019est pas non plus inhabituel<\/strong>\u2009\u00bb, attaque Nicolas Ziani, qui \u00e9tudie ces Chondrichtyens, les poissons cartilagineux, depuis des ann\u00e9es.<\/p>\n<p class=\" wall-content\">Ce qui inqui\u00e8te le sp\u00e9cialiste en revanche, ce sont <a href=\"https:\/\/actu.fr\/provence-alpes-cote-d-azur\/marseille_13055\/marseille-un-animal-geant-en-perdition-sur-cette-plage-operation-de-sauvetage-lancee_63016033.html\" target=\"_blank\" rel=\"noopener\">les apparitions r\u00e9p\u00e9t\u00e9es de raies Mobula,<\/a> en perdition. Cet immense et majestueux poisson, aussi impressionnant qu\u2019inoffensif pour l\u2019homme, peut mesurer <strong>jusqu\u2019\u00e0 5m de diam\u00e8tre.<\/strong> \u00ab\u2009C\u2019est une esp\u00e8ce typique de nos eaux, mais qui n\u2019a rien \u00e0 faire en bord de plage comme on a pu l\u2019observer\u2009\u00bb, rel\u00e8ve-t-il.<\/p>\n<p>\u00c9chouages et d\u00e9c\u00e8s<\/p>\n<p class=\" wall-content\">Le 8\u00a0ao\u00fbt, un tr\u00e8s grand sp\u00e9cimen du <strong>Diable de la mer M\u00e9diterran\u00e9e,<\/strong> comme Mobula mobular est surnomm\u00e9, a \u00e9t\u00e9 sauv\u00e9 de l\u2019\u00e9chouage. La police municipale et des marins pompiers avaient d\u00fb mouiller le maillot (et la combi) pour le ramener vers le large. \u00ab\u2009L\u2019animal \u00e9tait coinc\u00e9 dans des rochers\u2009\u00bb, expliquaient les secours \u00e0 actu Marseille.<\/p>\n<p class=\" wall-content\"><strong>\u00ab\u2009Elle \u00e9tait d\u00e9sorient\u00e9e\u2009\u00bb<\/strong> indiquait \u00e9galement l\u2019adjoint au maire Herv\u00e9 Menchon, d\u00e9l\u00e9gu\u00e9 \u00e0 la mer. Les plongeurs avaient d\u00fb s\u2019y reprendre \u00ab\u2009\u00e0 plusieurs reprises\u2009\u00bb.<\/p>\n<p>    <a href=\"https:\/\/www.facebook.com\/plugins\/video.php?height=476&amp;href=https%3A%2F%2Fwww.facebook.com%2Fjeanlouis.manzoni%2Fvideos%2F1062538515621102%2F%3Fidorvanity%3D192440364825888&amp;show_text=false&amp;width=350&amp;t=0\" title=\"Ouvrie le lien\" target=\"_blank\" rel=\"noopener\">Cliquez ici pour visualiser le contenu<\/a><\/p>\n<p>Votre r\u00e9gion, votre actu !<\/p>\n<p>Recevez chaque jour les infos qui comptent pour vous.<\/p>\n<p>\t<a href=\"https:\/\/actu.fr\/newsletter\" class=\"ac-btn ac-btn--corner ac-btn--medium ac-btn--blue800\" target=\"_blank\" rel=\"noopener\">S&rsquo;incrire<\/a><\/p>\n<p class=\" wall-content\">\u00ab\u2009Et \u00e7a n\u2019est absolument pas normal. Je n\u2019avais encore jamais vu \u00e7a\u2009\u00bb, appuie encore Nicolas Ziani, form\u00e9 depuis 2003 \u00e0 l\u2019\u00e9tude \u00e9tiologique. D\u2019autant plus que ces \u00ab\u2009visites\u2009\u00bb fortuites se sont en effet multipli\u00e9es tout le long du littoral m\u00e9diterran\u00e9en.<\/p>\n<p class=\" wall-content\">Il y a trois semaines, une de ses Mobula a \u00e9t\u00e9 <strong>retrouv\u00e9e sans vie sur une plage de Perpignan.<\/strong> Une autre avait aussi \u00e9t\u00e9 d\u00e9couverte pr\u00e8s de B\u00e9ziers.<\/p>\n<p>Victimes de \u00ab\u2009coups de chaleur\u2009\u00bb\u2009?<\/p>\n<p class=\" wall-content\">Plusieurs explications sont sur la table. Un agent pathog\u00e8ne pr\u00e9sent dans l\u2019eau\u2009? Une algue toxique\u2009? La cause la plus probable, selon le sp\u00e9cialiste, est plut\u00f4t \u00e0 trouver du c\u00f4t\u00e9 des \u00ab\u2009heat waves\u2009\u00bb, <strong>ces canicules marines de plus en plus fr\u00e9quentes.<\/strong> Fin juin comme mi-ao\u00fbt, la temp\u00e9rature de l\u2019eau avait flirt\u00e9 avec les 30\u00b0C sur les c\u00f4tes marseillaises.<\/p>\n<blockquote class=\"ac-article-quote wall-content\">\n<p>\u00ab\u00a0Comme nous, il est possible que ces raies puissent souffrir de coups de chaleur lorsque le mercure s\u2019affole. Elles se retrouvent apathiques, comme sonn\u00e9es et d\u00e9sorient\u00e9es. C\u2019est ce qui pourrait expliquer ce comportement un peu dysfonctionnel.\u00a0\u00bb<\/p>\n<p>    <strong>Nicolas Ziani<\/strong>\n            <\/p><\/blockquote>\n<p class=\" wall-content\">\u00ab\u2009Avec ce ph\u00e9nom\u00e8ne, qui risque de s\u2019accentuer, il va y avoir de la mortalit\u00e9, redoute le directeur scientifique. Et <strong>ce sont surtout les juv\u00e9niles qui vont \u00eatre impact\u00e9s.<\/strong>\u2009\u00bb<\/p>\n<p>\u00ab\u2009En danger\u2009\u00bb d\u2019extinction<\/p>\n<p class=\" wall-content\">De quoi faire faire craindre le pire, \u00e0 terme, pour <strong>ces populations d\u00e9j\u00e0 menac\u00e9es.<\/strong> \u00ab\u2009En danger\u2009\u00bb d\u2019extinction, selon le classement de l\u2019Union internationale pour la conservation de la nature, Mobula mobular est une des esp\u00e8ces les plus fragiles de M\u00e9diterran\u00e9e.<\/p>\n<blockquote class=\"ac-article-quote wall-content\">\n<p>\u00ab\u00a0Les femelles peuvent atteindre 5 m\u00e8tres et ne donnent naissance qu\u2019\u00e0 un seul jeune \u00e0 la fois. Leur grande taille et leur faible capacit\u00e9 reproductive font des mantes une esp\u00e8ce particuli\u00e8rement vuln\u00e9rable \u00e0 la capture et \u00e0 la prise dans plusieurs filets de p\u00eache, notamment les filets d\u00e9rivants ill\u00e9gaux.\u00a0\u00bb<\/p>\n<p>    <strong>Rapport de l\u2019Union internationale pour la conservation de la nature<\/strong><br \/>\n        D\u00e9j\u00e0, en 2007    <\/p><\/blockquote>\n<p class=\" wall-content\">La p\u00eache, mais aussi la pollution plastique (ing\u00e9r\u00e9e) et d\u00e9sormais <strong>les cons\u00e9quences du r\u00e9chauffement climatique<\/strong> p\u00e8sent sur la survie du Diable de la mer M\u00e9diterran\u00e9e.<\/p>\n<p class=\" wall-content\">Personnalisez votre actualit\u00e9 en ajoutant vos villes et m\u00e9dias en favori avec <a href=\"https:\/\/moncompte.actu.fr\" title=\"D\u00e9couvez Mon Actu\" rel=\"nofollow noopener\" data-trk=\"{&quot;cta&quot;:{&quot;action&quot;:&quot;https:\\\/\\\/moncompte.actu.fr&quot;,&quot;category&quot;:&quot;mon compte&quot;,&quot;from&quot;:&quot;article footer&quot;,&quot;name&quot;:&quot;Mon actu&quot;,&quot;type&quot;:&quot;cta&quot;}}\" target=\"_blank\">Mon Actu<\/a>.<\/p>\n","protected":false},"excerpt":{"rendered":"Par Fabien Binacchi Publi\u00e9 le 9 sept. 2025 \u00e0 17h28 Des requins bleus qui s\u2019approchent du bord et&hellip;\n","protected":false},"author":2,"featured_media":305742,"comment_status":"","ping_status":"","sticky":false,"template":"","format":"standard","meta":{"footnotes":""},"categories":[2814],"tags":[1111,11,1867,1130,1777,674,1011,27,884,1252,12,52,882,5140,25],"class_list":{"0":"post-378084","1":"post","2":"type-post","3":"status-publish","4":"format-standard","5":"has-post-thumbnail","7":"category-marseille","8":"tag-actu","9":"tag-actualites","10":"tag-animaux","11":"tag-biodiversite","12":"tag-eu","13":"tag-europe","14":"tag-fr","15":"tag-france","16":"tag-marseille","17":"tag-mediterranee","18":"tag-news","19":"tag-planete","20":"tag-provence-alpes-cote-dazur","21":"tag-rechauffement-climatique","22":"tag-republique-francaise"},"share_on_mastodon":{"url":"https:\/\/pubeurope.com\/@fr\/115175152975961146","error":""},"_links":{"self":[{"href":"https:\/\/www.europesays.com\/fr\/wp-json\/wp\/v2\/posts\/378084","targetHints":{"allow":["GET"]}}],"collection":[{"href":"https:\/\/www.europesays.com\/fr\/wp-json\/wp\/v2\/posts"}],"about":[{"href":"https:\/\/www.europesays.com\/fr\/wp-json\/wp\/v2\/types\/post"}],"author":[{"embeddable":true,"href":"https:\/\/www.europesays.com\/fr\/wp-json\/wp\/v2\/users\/2"}],"replies":[{"embeddable":true,"href":"https:\/\/www.europesays.com\/fr\/wp-json\/wp\/v2\/comments?post=378084"}],"version-history":[{"count":0,"href":"https:\/\/www.europesays.com\/fr\/wp-json\/wp\/v2\/posts\/378084\/revisions"}],"wp:featuredmedia":[{"embeddable":true,"href":"https:\/\/www.europesays.com\/fr\/wp-json\/wp\/v2\/media\/305742"}],"wp:attachment":[{"href":"https:\/\/www.europesays.com\/fr\/wp-json\/wp\/v2\/media?parent=378084"}],"wp:term":[{"taxonomy":"category","embeddable":true,"href":"https:\/\/www.europesays.com\/fr\/wp-json\/wp\/v2\/categories?post=378084"},{"taxonomy":"post_tag","embeddable":true,"href":"https:\/\/www.europesays.com\/fr\/wp-json\/wp\/v2\/tags?post=378084"}],"curies":[{"name":"wp","href":"https:\/\/api.w.org\/{rel}","templated":true}]}}