{"id":378085,"date":"2025-09-09T15:55:14","date_gmt":"2025-09-09T15:55:14","guid":{"rendered":"https:\/\/www.europesays.com\/fr\/378085\/"},"modified":"2025-09-09T15:55:14","modified_gmt":"2025-09-09T15:55:14","slug":"une-residence-senior-visee-par-un-incendie-aux-allures-de-represailles","status":"publish","type":"post","link":"https:\/\/www.europesays.com\/fr\/378085\/","title":{"rendered":"une r\u00e9sidence s\u00e9nior vis\u00e9e par un incendie aux allures de repr\u00e9sailles\u00a0"},"content":{"rendered":"<p class=\"gmail-Paragraph gmail-SCXW116627297 gmail-BCX0\" lang=\"FR-FR\">Nouvel \u00e9pisode de tension sur le boulevard Ambroise-Croizat, \u00e0 V\u00e9nissieux. Le 8 septembre, en d\u00e9but de soir\u00e9e, un groupe de jeunes s\u2019en est pris \u00e0 une r\u00e9sidence s\u00e9nior, provoquant\u00a0\u00ab\u00a0un incendie volontaire\u00a0\u00bb selon les habitants dans le local poubelle situ\u00e9 au rez-de-chauss\u00e9e. <\/p>\n<p class=\"gmail-Paragraph gmail-SCXW116627297 gmail-BCX0\" lang=\"FR-FR\">Les assaillants auraient coinc\u00e9 un caddie contre la porte pour emp\u00eacher toute tentative d\u2019extinction. L\u2019immeuble, qui compte des appartements \u00e0 proximit\u00e9 imm\u00e9diate du local, a n\u00e9cessit\u00e9 l\u2019intervention rapide des pompiers.\u00a0<\/p>\n<p class=\"gmail-Paragraph gmail-SCXW116627297 gmail-BCX0\" lang=\"FR-FR\"><img loading=\"lazy\" decoding=\"async\" style=\"display: block; margin-left: auto; margin-right: auto;\" src=\"https:\/\/www.europesays.com\/fr\/wp-content\/uploads\/2025\/09\/60598302-6766-497f-aaa5-680adb257ddc-73718.jpg\" alt=\"\" width=\"400\" height=\"533\"\/><\/p>\n<p class=\"gmail-Paragraph gmail-SCXW116627297 gmail-BCX0\" lang=\"FR-FR\">Selon plusieurs r\u00e9sidents, cette attaque s\u2019apparente \u00e0 des repr\u00e9sailles, apr\u00e8s les nombreuses plaintes de ces derniers contre l\u2019ins\u00e9curit\u00e9 et la pr\u00e9sence d\u2019un point de deal \u00e0 proximit\u00e9. Depuis plus d\u2019un an, les occupants d\u00e9noncent un climat de tension r\u00e9current autour de la r\u00e9sidence, initialement pr\u00e9sent\u00e9e comme un havre de tranquillit\u00e9 pour les s\u00e9niors par la mairie communiste.\u00a0<\/p>\n<p class=\"gmail-Paragraph gmail-SCXW116627297 gmail-BCX0\" lang=\"FR-FR\">Quelques jours avant les faits, le 3 septembre, la maire de V\u00e9nissieux Mich\u00e8le Picard et le pr\u00e9fet d\u00e9l\u00e9gu\u00e9 \u00e0 la s\u00e9curit\u00e9 Antoine Gu\u00e9rin s\u2019\u00e9taient d\u00e9plac\u00e9s dans le quartier Ambroise-Croizat. Cette visite faisait suite aux violences de l\u2019\u00e9t\u00e9, sur fond de guerre de territoires entre trafiquants de drogue, afin de r\u00e9affirmer l\u2019engagement des autorit\u00e9s. Ils avaient ainsi pu \u00e9changer et rassurer les habitants de cette r\u00e9sidence qui n\u2019est pas \u00e9pargn\u00e9e.\u00a0<\/p>\n<p class=\"gmail-Paragraph gmail-SCXW116627297 gmail-BCX0\" lang=\"FR-FR\">\u00a0Mais selon les riverains, les renforts policiers n\u2019auraient dur\u00e9 que deux jours.\u00a0<\/p>\n<p class=\"gmail-Paragraph gmail-SCXW116627297 gmail-BCX0\" lang=\"FR-FR\">Les r\u00e9sidents affirment avoir multipli\u00e9 les alertes aupr\u00e8s des autorit\u00e9s locales, de la pr\u00e9fecture et de Lyon M\u00e9tropole Habitat. Une plainte devait \u00eatre d\u00e9pos\u00e9e dans la journ\u00e9e de mardi suite \u00e0 l\u2019incendie.<\/p>\n","protected":false},"excerpt":{"rendered":"Nouvel \u00e9pisode de tension sur le boulevard Ambroise-Croizat, \u00e0 V\u00e9nissieux. Le 8 septembre, en d\u00e9but de soir\u00e9e, un&hellip;\n","protected":false},"author":2,"featured_media":378086,"comment_status":"","ping_status":"","sticky":false,"template":"","format":"standard","meta":{"footnotes":""},"categories":[1889],"tags":[1111,11,2813,2190,2430,1109,251,1112,2811,1777,674,118,1011,27,1922,1110,1114,2428,2810,12,241,316,25,2812,517,800],"class_list":{"0":"post-378085","1":"post","2":"type-post","3":"status-publish","4":"format-standard","5":"has-post-thumbnail","7":"category-lyon","8":"tag-actu","9":"tag-actualites","10":"tag-article","11":"tag-asvel","12":"tag-auvergne-rhone-alpes","13":"tag-breves","14":"tag-culture","15":"tag-depeches","16":"tag-economique","17":"tag-eu","18":"tag-europe","19":"tag-faits-divers","20":"tag-fr","21":"tag-france","22":"tag-info","23":"tag-informations","24":"tag-infos","25":"tag-lyon","26":"tag-lyonmag","27":"tag-news","28":"tag-ol","29":"tag-politique","30":"tag-republique-francaise","31":"tag-sociale","32":"tag-sport","33":"tag-transports"},"share_on_mastodon":{"url":"https:\/\/pubeurope.com\/@fr\/115175157087576404","error":""},"_links":{"self":[{"href":"https:\/\/www.europesays.com\/fr\/wp-json\/wp\/v2\/posts\/378085","targetHints":{"allow":["GET"]}}],"collection":[{"href":"https:\/\/www.europesays.com\/fr\/wp-json\/wp\/v2\/posts"}],"about":[{"href":"https:\/\/www.europesays.com\/fr\/wp-json\/wp\/v2\/types\/post"}],"author":[{"embeddable":true,"href":"https:\/\/www.europesays.com\/fr\/wp-json\/wp\/v2\/users\/2"}],"replies":[{"embeddable":true,"href":"https:\/\/www.europesays.com\/fr\/wp-json\/wp\/v2\/comments?post=378085"}],"version-history":[{"count":0,"href":"https:\/\/www.europesays.com\/fr\/wp-json\/wp\/v2\/posts\/378085\/revisions"}],"wp:featuredmedia":[{"embeddable":true,"href":"https:\/\/www.europesays.com\/fr\/wp-json\/wp\/v2\/media\/378086"}],"wp:attachment":[{"href":"https:\/\/www.europesays.com\/fr\/wp-json\/wp\/v2\/media?parent=378085"}],"wp:term":[{"taxonomy":"category","embeddable":true,"href":"https:\/\/www.europesays.com\/fr\/wp-json\/wp\/v2\/categories?post=378085"},{"taxonomy":"post_tag","embeddable":true,"href":"https:\/\/www.europesays.com\/fr\/wp-json\/wp\/v2\/tags?post=378085"}],"curies":[{"name":"wp","href":"https:\/\/api.w.org\/{rel}","templated":true}]}}