{"id":378087,"date":"2025-09-09T15:56:10","date_gmt":"2025-09-09T15:56:10","guid":{"rendered":"https:\/\/www.europesays.com\/fr\/378087\/"},"modified":"2025-09-09T15:56:10","modified_gmt":"2025-09-09T15:56:10","slug":"des-blocages-potentiellement-violents-attendus-a-lyon-ce-mercredi","status":"publish","type":"post","link":"https:\/\/www.europesays.com\/fr\/378087\/","title":{"rendered":"Des \u00ab\u00a0blocages potentiellement violents\u00a0\u00bb attendus \u00e0 Lyon ce mercredi"},"content":{"rendered":"<p>                            <img loading=\"lazy\" width=\"1200\" height=\"750\" class=\"attachment-article size-article wp-post-image lazyload\" alt=\"Manifestation contre la r\u00e9forme des retraites sur le pont de la Guilloti\u00e8re @Hugo LAUBEPIN\" decoding=\"async\" src=\"https:\/\/www.europesays.com\/fr\/wp-content\/uploads\/2025\/09\/Reforme-des-Retraites-2-e1686063101168.jpg\"  data- data-eio-rwidth=\"1200\" data-eio-rheight=\"750\"\/><\/p>\n<p>Manifestation contre la r\u00e9forme des retraites sur le pont de la Guilloti\u00e8re<br \/>\n@Hugo LAUBEPIN<\/p>\n<p class=\"content\" style=\"font-size:1.2em;font-weight:700\">En marge du mouvement \u00ab\u00a0Bloquons tout\u00a0\u00bb pr\u00e9vu mercredi 10 septembre, 1 300 gendarmes et policiers seront mobilis\u00e9s dans le Rh\u00f4ne. 82 actions de tous types sont pr\u00e9vues dans la r\u00e9gion. <\/p>\n<p>Enseignes barricad\u00e9es, premi\u00e8re interpellation \u00e0 Caluire&#8230; A moins de 24 h de la mobilisation du 10 septembre, les premiers signes du mouvement \u00ab\u00a0Bloquons tout\u00a0\u00bb commencent \u00e0 se faire ressentir dans la m\u00e9tropole de Lyon. Alors que la pr\u00e9f\u00e8te du Rh\u00f4ne avait annonc\u00e9 que \u00ab\u00a0la police nationale serait pleinement mobilis\u00e9e le 10 septembre\u00a0\u00bb, nous connaissons les chiffres officiels concernant les dispositifs de s\u00e9curit\u00e9 d\u00e9ploy\u00e9s.<\/p>\n<p>82 actions pr\u00e9vues dans la R\u00e9gion<\/p>\n<p>Au total, 1 300 gendarmes et policiers seront mobilis\u00e9s dans le Rh\u00f4ne. 7 000 le seront \u00e0 l&rsquo;\u00e9chelle r\u00e9gionale. Selon les informations de la pr\u00e9fecture, les centaures sont pr\u00e9positionn\u00e9s \u00ab\u00a0pour \u00eatre utilis\u00e9s si n\u00e9cessaire.\u00a0\u00bb Les centres op\u00e9rationnels sont activ\u00e9s, tandis que des \u00e9changes \u00e9troits avec l&rsquo;autorit\u00e9 judiciaire sont mis en place. <\/p>\n<p>Un \u00e9change avec la CCI, permettant aux commer\u00e7ants d&rsquo;anticiper les mesures de s\u00e9curit\u00e9, est \u00e9galement d\u00e9ploy\u00e9. Du \u00ab\u00a0rassemblement banal\u00a0\u00bb aux actions de blocage \u00ab\u00a0potentiellement violentes\u00a0\u00bb, la pr\u00e9fecture du Rh\u00f4ne envisage 82 actions dans la r\u00e9gion.<\/p>\n<p><strong>Lire aussi :<\/strong> <a href=\"https:\/\/www.lyoncapitale.fr\/actualite\/mobilisation-du-10-septembre-a-quoi-s-attendre-demain-a-lyon\" target=\"_blank\" rel=\"noreferrer noopener nofollow\">Mobilisation du 10 septembre : \u00e0 quoi s&rsquo;attendre demain \u00e0 Lyon ?<\/a><\/p>\n<p>En raison d&rsquo;une absence de d\u00e9claration d&rsquo;une quelconque gr\u00e8ve et donc d&rsquo;interlocuteur, les m\u00e9diations et d\u00e9sescalades ne seront pas possibles. \u00ab\u00a0Un dispositif exceptionnel, adaptable, r\u00e9actif, mobile et fort\u00a0\u00bb sera donc d\u00e9ploy\u00e9 \u00ab\u00a0conform\u00e9ment aux consignes minist\u00e9rielles : d\u00e9bloquer, disperser, interpeller\u00a0\u00bb, informe la pr\u00e9fecture du Rh\u00f4ne.  <\/p>\n<p>Parmi les nombreux rassemblements pr\u00e9vus, la CGT donne rendez-vous \u00e0 12h sur la place Guichard dans le 3e arrondissement pour \u00ab\u00a0un moment d\u2019expression collective et spontan\u00e9e sur le ras le bol d\u2019un gouvernement au service du patronat\u00a0\u00bb. Des piquets de gr\u00e8ve se tiendront d\u00e8s 8 h \u00e0 l&rsquo;h\u00f4pital Edouard Herriot (3e) et d\u00e8s 10 h devant l&rsquo;usine Arkema Pierre-B\u00e9nite. Selon nos confr\u00e8res de France 3, certains groupes appellent sur les r\u00e9seaux sociaux \u00e0 bloquer les n\u0153uds autoroutiers aux entr\u00e9es de Lyon.<\/p>\n<p><strong>Lire aussi : <\/strong><a href=\"http:\/\/Mobilisation du 10 septembre : \u00e0 quoi s'attendre demain \u00e0 Lyon ?\">Mobilisation du 10 septembre : \u00e0 quoi s&rsquo;attendre demain \u00e0 Lyon ?<\/a><\/p>\n","protected":false},"excerpt":{"rendered":"Manifestation contre la r\u00e9forme des retraites sur le pont de la Guilloti\u00e8re @Hugo LAUBEPIN En marge du mouvement&hellip;\n","protected":false},"author":2,"featured_media":378088,"comment_status":"","ping_status":"","sticky":false,"template":"","format":"standard","meta":{"footnotes":""},"categories":[1889],"tags":[1111,11,2430,1777,674,1011,27,2428,12,25],"class_list":{"0":"post-378087","1":"post","2":"type-post","3":"status-publish","4":"format-standard","5":"has-post-thumbnail","7":"category-lyon","8":"tag-actu","9":"tag-actualites","10":"tag-auvergne-rhone-alpes","11":"tag-eu","12":"tag-europe","13":"tag-fr","14":"tag-france","15":"tag-lyon","16":"tag-news","17":"tag-republique-francaise"},"share_on_mastodon":{"url":"https:\/\/pubeurope.com\/@fr\/115175160792184443","error":""},"_links":{"self":[{"href":"https:\/\/www.europesays.com\/fr\/wp-json\/wp\/v2\/posts\/378087","targetHints":{"allow":["GET"]}}],"collection":[{"href":"https:\/\/www.europesays.com\/fr\/wp-json\/wp\/v2\/posts"}],"about":[{"href":"https:\/\/www.europesays.com\/fr\/wp-json\/wp\/v2\/types\/post"}],"author":[{"embeddable":true,"href":"https:\/\/www.europesays.com\/fr\/wp-json\/wp\/v2\/users\/2"}],"replies":[{"embeddable":true,"href":"https:\/\/www.europesays.com\/fr\/wp-json\/wp\/v2\/comments?post=378087"}],"version-history":[{"count":0,"href":"https:\/\/www.europesays.com\/fr\/wp-json\/wp\/v2\/posts\/378087\/revisions"}],"wp:featuredmedia":[{"embeddable":true,"href":"https:\/\/www.europesays.com\/fr\/wp-json\/wp\/v2\/media\/378088"}],"wp:attachment":[{"href":"https:\/\/www.europesays.com\/fr\/wp-json\/wp\/v2\/media?parent=378087"}],"wp:term":[{"taxonomy":"category","embeddable":true,"href":"https:\/\/www.europesays.com\/fr\/wp-json\/wp\/v2\/categories?post=378087"},{"taxonomy":"post_tag","embeddable":true,"href":"https:\/\/www.europesays.com\/fr\/wp-json\/wp\/v2\/tags?post=378087"}],"curies":[{"name":"wp","href":"https:\/\/api.w.org\/{rel}","templated":true}]}}