{"id":378093,"date":"2025-09-09T15:59:10","date_gmt":"2025-09-09T15:59:10","guid":{"rendered":"https:\/\/www.europesays.com\/fr\/378093\/"},"modified":"2025-09-09T15:59:10","modified_gmt":"2025-09-09T15:59:10","slug":"les-previsions-du-trafic-du-10-septembre-a-paris-dans-les-rer-et-trains-dile-de-france","status":"publish","type":"post","link":"https:\/\/www.europesays.com\/fr\/378093\/","title":{"rendered":"les pr\u00e9visions du trafic du 10 septembre \u00e0 Paris dans les RER et trains d&rsquo;\u00cele-de-France"},"content":{"rendered":"<p>            Par<br \/>\n        <strong><br \/>\n            <a href=\"https:\/\/actu.fr\/auteur\/redaction-paris\" title=\"Consulter tous les articles de R\u00e9daction Paris\" rel=\"nofollow noopener\" target=\"_blank\">R\u00e9daction Paris<\/a><br \/>\n        <\/strong><\/p>\n<p>        Publi\u00e9 le<\/p>\n<p>            9 sept. 2025 \u00e0 17h24        <\/p>\n<p>Dans le sillage du <a href=\"https:\/\/actu.fr\/ile-de-france\/paris_75056\/rassemblement-devant-l-elysee-operations-coup-de-poing-ce-qui-est-prevu-pour-le-10-septembre-a-paris_63133063.html\" rel=\"nofollow noopener\" target=\"_blank\">mouvement \u00ab\u2009Bloquons tout\u2009\u00bb<\/a>, plusieurs perturbations sont attendues, mercredi 10\u00a0septembre 2025, pour les <strong>RER<\/strong> et <strong>trains d\u2019\u00cele-de-France<\/strong>. Voici \u00e0 quoi s\u2019attendre.<\/p>\n<p>Les pr\u00e9visions du trafic pour le mercredi 10\u00a0septembre 2025<\/p>\n<ul class=\" wall-content\">\n<li><a href=\"https:\/\/actu.fr\/tag\/rer-a\" rel=\"nofollow noopener\" target=\"_blank\">RER A<\/a>, <strong>Ligne V<\/strong> (<a href=\"https:\/\/actu.fr\/tag\/transilien\" rel=\"nofollow noopener\" target=\"_blank\">Transilien<\/a>), <strong>T12<\/strong>, <strong>T13<\/strong>\u2009: pr\u00e9voir un trafic normal.<\/li>\n<li><strong>Ligne P<\/strong> (Transilien)\u2009: pr\u00e9voir un trafic normal entre Paris Est et Coulommiers et entre Paris Est et Ch\u00e2teau Thierry\u2009; 3 trains sur 4 entre Paris Est et Meaux et entre Paris Est et Provins\u2009; 2 trains sur 3 entre Paris Est et la Fert\u00e9 Milon.<\/li>\n<li><a href=\"https:\/\/actu.fr\/tag\/rer-e\" rel=\"nofollow noopener\" target=\"_blank\">RER E<\/a>, <strong>Ligne J<\/strong> et <strong>L<\/strong>\u2009: pr\u00e9voir 2 trains sur 3.<\/li>\n<li><a href=\"https:\/\/actu.fr\/tag\/rer-b\" rel=\"nofollow noopener\" target=\"_blank\">RER B<\/a>\u2009: pr\u00e9voir 1 train sur 2 au nord de la ligne et 2 trains sur 3 au sud de la ligne\u2009;<br \/>Pas de changement de train n\u00e9cessaire en gare de Paris Nord.<\/li>\n<li><a href=\"https:\/\/actu.fr\/tag\/rer-c\" rel=\"nofollow noopener\" target=\"_blank\">RER C<\/a>, <strong>Ligne K<\/strong>, <strong>N<\/strong>, <strong>U<\/strong>\u2009: pr\u00e9voir 1 train sur 2.<\/li>\n<li><strong>Ligne H<\/strong>\u2009: pr\u00e9voir 1 train sur 3.<\/li>\n<li><strong>Ligne R<\/strong>\u2009: Pr\u00e9voir 1 train sur 3 uniquement aux heures de pointe.<\/li>\n<li><a href=\"https:\/\/actu.fr\/tag\/rer-d\" rel=\"nofollow noopener\" target=\"_blank\">RER D<\/a>\u2009: pr\u00e9voir 1 train sur 3 entre Corbeil-Essonnes et Creil\u2009; 1 train sur 2 entre Melun et Goussainville\u2009; 1 train sur 5 uniquement aux heures de pointe entre Corbeil-Essonnes et Malesherbes\u2009; Aucune circulation entre Juvisy et Corbeil-Essonnes via Ris Orangis et entre Corbeil-Essonnes et Melun.<\/li>\n<\/ul>\n<p class=\" wall-content\">Personnalisez votre actualit\u00e9 en ajoutant vos villes et m\u00e9dias en favori avec <a href=\"https:\/\/moncompte.actu.fr\" title=\"D\u00e9couvez Mon Actu\" rel=\"nofollow noopener\" data-trk=\"{&quot;cta&quot;:{&quot;action&quot;:&quot;https:\\\/\\\/moncompte.actu.fr&quot;,&quot;category&quot;:&quot;mon compte&quot;,&quot;from&quot;:&quot;article footer&quot;,&quot;name&quot;:&quot;Mon actu&quot;,&quot;type&quot;:&quot;cta&quot;}}\" target=\"_blank\">Mon Actu<\/a>.<\/p>\n","protected":false},"excerpt":{"rendered":"Par R\u00e9daction Paris Publi\u00e9 le 9 sept. 2025 \u00e0 17h24 Dans le sillage du mouvement \u00ab\u2009Bloquons tout\u2009\u00bb, plusieurs&hellip;\n","protected":false},"author":2,"featured_media":378094,"comment_status":"","ping_status":"","sticky":false,"template":"","format":"standard","meta":{"footnotes":""},"categories":[1888],"tags":[1111,1928,11,1927,47212,1777,674,1011,27,50957,12,1926,626,1925,25,104,2803],"class_list":{"0":"post-378093","1":"post","2":"type-post","3":"status-publish","4":"format-standard","5":"has-post-thumbnail","7":"category-paris","8":"tag-actu","9":"tag-actu-paris","10":"tag-actualites","11":"tag-actualites-paris","12":"tag-bloquons-tout","13":"tag-eu","14":"tag-europe","15":"tag-fr","16":"tag-france","17":"tag-mouvement-du-10-septembre","18":"tag-news","19":"tag-news-paris","20":"tag-paris","21":"tag-paris-news","22":"tag-republique-francaise","23":"tag-societe","24":"tag-transport"},"share_on_mastodon":{"url":"https:\/\/pubeurope.com\/@fr\/115175172626216761","error":""},"_links":{"self":[{"href":"https:\/\/www.europesays.com\/fr\/wp-json\/wp\/v2\/posts\/378093","targetHints":{"allow":["GET"]}}],"collection":[{"href":"https:\/\/www.europesays.com\/fr\/wp-json\/wp\/v2\/posts"}],"about":[{"href":"https:\/\/www.europesays.com\/fr\/wp-json\/wp\/v2\/types\/post"}],"author":[{"embeddable":true,"href":"https:\/\/www.europesays.com\/fr\/wp-json\/wp\/v2\/users\/2"}],"replies":[{"embeddable":true,"href":"https:\/\/www.europesays.com\/fr\/wp-json\/wp\/v2\/comments?post=378093"}],"version-history":[{"count":0,"href":"https:\/\/www.europesays.com\/fr\/wp-json\/wp\/v2\/posts\/378093\/revisions"}],"wp:featuredmedia":[{"embeddable":true,"href":"https:\/\/www.europesays.com\/fr\/wp-json\/wp\/v2\/media\/378094"}],"wp:attachment":[{"href":"https:\/\/www.europesays.com\/fr\/wp-json\/wp\/v2\/media?parent=378093"}],"wp:term":[{"taxonomy":"category","embeddable":true,"href":"https:\/\/www.europesays.com\/fr\/wp-json\/wp\/v2\/categories?post=378093"},{"taxonomy":"post_tag","embeddable":true,"href":"https:\/\/www.europesays.com\/fr\/wp-json\/wp\/v2\/tags?post=378093"}],"curies":[{"name":"wp","href":"https:\/\/api.w.org\/{rel}","templated":true}]}}