{"id":378099,"date":"2025-09-09T16:02:14","date_gmt":"2025-09-09T16:02:14","guid":{"rendered":"https:\/\/www.europesays.com\/fr\/378099\/"},"modified":"2025-09-09T16:02:14","modified_gmt":"2025-09-09T16:02:14","slug":"les-petits-pas-de-la-gauche-vers-une-union-au-premier-tour","status":"publish","type":"post","link":"https:\/\/www.europesays.com\/fr\/378099\/","title":{"rendered":"les petits pas de la gauche vers une union au premier tour"},"content":{"rendered":"<p>                         <img loading=\"lazy\" decoding=\"async\" src=\"https:\/\/www.europesays.com\/fr\/wp-content\/uploads\/2025\/09\/166b338_upload-1-3o95ybwdlfv4-000-73867r3.jpg\" alt=\"David Belliard (au centre), candidat \u00e9cologiste \u00e0 la mairie de Paris, lors d\u2019une r\u00e9union publique, \u00e0 Paris, le 2\u00a0septembre\u00a02025.\"   width=\"664\" height=\"443\"\/>    David Belliard (au centre), candidat \u00e9cologiste \u00e0 la mairie de Paris, lors d\u2019une r\u00e9union publique, \u00e0 Paris, le 2\u00a0septembre\u00a02025.  JULIEN DE ROSA\/AFP                 <\/p>\n<p class=\"article__paragraph  \">Il fallait d\u2019abord attendre le r\u00e9sultat de la primaire des socialistes pour conna\u00eetre le nom de leur candidat aux \u00e9lections municipales de mars\u00a02026\u00a0\u00e0 Paris. Puis, une fois le d\u00e9put\u00e9 de Paris <a href=\"https:\/\/www.lemonde.fr\/politique\/article\/2025\/06\/30\/paris-emmanuel-gregoire-designe-candidat-du-parti-socialiste-aux-municipales-2026_6617030_823448.html\" rel=\"nofollow noopener\" target=\"_blank\">Emmanuel Gr\u00e9goire choisi par les militants<\/a>, le 30\u00a0juin, il fallait encore patienter et conna\u00eetre l\u2019aboutissement de la r\u00e9forme du mode de scrutin \u00e0 Paris, Lyon et Marseille, <a href=\"https:\/\/www.lemonde.fr\/politique\/article\/2025\/07\/10\/reforme-paris-lyon-marseille-ce-que-contient-le-texte-adopte-par-le-parlement-et-ce-qu-il-peut-changer-pour-les-municipales_6620428_823448.html\" rel=\"nofollow noopener\" target=\"_blank\">d\u00e9finitivement adopt\u00e9e le 10\u00a0juillet<\/a> et <a href=\"https:\/\/www.lemonde.fr\/politique\/article\/2025\/08\/07\/municipales-2026-le-conseil-constitutionnel-valide-la-reforme-du-mode-de-scrutin-a-paris-lyon-et-marseille_6627335_823448.html\" rel=\"nofollow noopener\" target=\"_blank\">enti\u00e8rement valid\u00e9e par le Conseil constitutionnel<\/a>, le 7\u00a0ao\u00fbt. C\u2019est seulement apr\u00e8s tout cela que les discussions s\u00e9rieuses pourraient commencer \u00e0 gauche, promettaient les int\u00e9ress\u00e9s.<\/p>\n<p class=\"article__paragraph  \">L\u2019annonce inattendue du premier ministre, Fran\u00e7ois Bayrou, <a href=\"https:\/\/www.lemonde.fr\/politique\/article\/2025\/08\/25\/ce-qu-il-faut-retenir-de-la-conference-de-presse-de-rentree-de-francois-bayrou_6634901_823448.html\" rel=\"nofollow noopener\" target=\"_blank\">le 25\u00a0ao\u00fbt<\/a>, de solliciter un vote de confiance \u00e0 l\u2019Assembl\u00e9e, le 8\u00a0septembre, \u00e0 l\u2019issue duquel il a \u00e9t\u00e9 mis en minorit\u00e9, a pos\u00e9 une nouvelle chape sur les enjeux municipaux, \u00e9cras\u00e9s par le contexte national. C\u2019est finalement les p\u00e9rip\u00e9ties du parti Les R\u00e9publicains pour la l\u00e9gislative partielle dans la 2e\u00a0circonscription de Paris des 21\u00a0et 28\u00a0septembre et, surtout, le <a href=\"https:\/\/www.lemonde.fr\/politique\/article\/2025\/08\/29\/municipales-a-paris-les-republicains-reglent-le-litige-entre-rachida-dati-et-michel-barnier-et-evitent-le-piege-de-la-division_6637060_823448.html\" rel=\"nofollow noopener\" target=\"_blank\">coup r\u00e9ussi de la maire du 7e\u00a0arrondissement et ministre de la culture, Rachida Dati, pour mettre son parti en ordre de bataille derri\u00e8re elle<\/a> pour les municipales qui ont mis un coup d\u2019acc\u00e9l\u00e9rateur, voire de pression, \u00e0 gauche.<\/p>\n<p class=\"reading-mode-only \"><strong>Il vous reste 73.06% de cet article \u00e0 lire. La suite est r\u00e9serv\u00e9e aux abonn\u00e9s.<\/strong><\/p>\n","protected":false},"excerpt":{"rendered":"David Belliard (au centre), candidat \u00e9cologiste \u00e0 la mairie de Paris, lors d\u2019une r\u00e9union publique, \u00e0 Paris, le&hellip;\n","protected":false},"author":2,"featured_media":378100,"comment_status":"","ping_status":"","sticky":false,"template":"","format":"standard","meta":{"footnotes":""},"categories":[1888],"tags":[11,1777,674,1011,27,12,626,25],"class_list":{"0":"post-378099","1":"post","2":"type-post","3":"status-publish","4":"format-standard","5":"has-post-thumbnail","7":"category-paris","8":"tag-actualites","9":"tag-eu","10":"tag-europe","11":"tag-fr","12":"tag-france","13":"tag-news","14":"tag-paris","15":"tag-republique-francaise"},"share_on_mastodon":{"url":"https:\/\/pubeurope.com\/@fr\/115175185399997127","error":""},"_links":{"self":[{"href":"https:\/\/www.europesays.com\/fr\/wp-json\/wp\/v2\/posts\/378099","targetHints":{"allow":["GET"]}}],"collection":[{"href":"https:\/\/www.europesays.com\/fr\/wp-json\/wp\/v2\/posts"}],"about":[{"href":"https:\/\/www.europesays.com\/fr\/wp-json\/wp\/v2\/types\/post"}],"author":[{"embeddable":true,"href":"https:\/\/www.europesays.com\/fr\/wp-json\/wp\/v2\/users\/2"}],"replies":[{"embeddable":true,"href":"https:\/\/www.europesays.com\/fr\/wp-json\/wp\/v2\/comments?post=378099"}],"version-history":[{"count":0,"href":"https:\/\/www.europesays.com\/fr\/wp-json\/wp\/v2\/posts\/378099\/revisions"}],"wp:featuredmedia":[{"embeddable":true,"href":"https:\/\/www.europesays.com\/fr\/wp-json\/wp\/v2\/media\/378100"}],"wp:attachment":[{"href":"https:\/\/www.europesays.com\/fr\/wp-json\/wp\/v2\/media?parent=378099"}],"wp:term":[{"taxonomy":"category","embeddable":true,"href":"https:\/\/www.europesays.com\/fr\/wp-json\/wp\/v2\/categories?post=378099"},{"taxonomy":"post_tag","embeddable":true,"href":"https:\/\/www.europesays.com\/fr\/wp-json\/wp\/v2\/tags?post=378099"}],"curies":[{"name":"wp","href":"https:\/\/api.w.org\/{rel}","templated":true}]}}