{"id":378105,"date":"2025-09-09T16:05:12","date_gmt":"2025-09-09T16:05:12","guid":{"rendered":"https:\/\/www.europesays.com\/fr\/378105\/"},"modified":"2025-09-09T16:05:12","modified_gmt":"2025-09-09T16:05:12","slug":"refuser-le-chantage-les-brics-veulent-seriger-en-rempart-contre-lunilateralisme-des-etats-unis","status":"publish","type":"post","link":"https:\/\/www.europesays.com\/fr\/378105\/","title":{"rendered":"\u00ab Refuser le chantage\u00a0\u00bb : les Brics veulent s&rsquo;\u00e9riger en rempart contre l&rsquo;unilat\u00e9ralisme des Etats-Unis"},"content":{"rendered":"<p>Face \u00e0 un syst\u00e8me international domin\u00e9 par les pays du Nord \u2013 notamment \u00e0 travers des institutions issues de <a href=\"http:\/\/humanite.fr\/histoire\/2e-guerre-mondiale\/les-accords-de-bretton-woods-comment-le-dollar-a-conquis-le-monde\" rel=\"nofollow noopener\" target=\"_blank\">Bretton Woods taill\u00e9es<\/a> \u00e0 la mesure pour servir les int\u00e9r\u00eats de la premi\u00e8re puissance mondiale, les \u00c9tats-Unis \u2013 voil\u00e0 d\u00e9j\u00e0 plus de quinze ans que les membres du Brics s\u2019organisent pour amorcer un<a href=\"https:\/\/www.humanite.fr\/monde\/bresil\/au-sommet-ocs-la-chine-federe-le-sud-global-pour-contrer-donald-trump\" rel=\"nofollow noopener\" target=\"_blank\"> r\u00e9\u00e9quilibrage de la gouvernance mondiale<\/a> plus en phase avec les dynamiques politiques et \u00e9conomiques actuelles. \u00a0<\/p>\n<p>Apr\u00e8s s\u2019\u00eatre r\u00e9unis en juillet dernier pour son sommet annuel \u00e0 Rio de Janeiro et une semaine apr\u00e8s le sommet de l\u2019Organisation de coop\u00e9ration de Shanghai, le groupe \u2013 qui s\u2019est \u00e9largi depuis 2023&#8230;<\/p>\n","protected":false},"excerpt":{"rendered":"Face \u00e0 un syst\u00e8me international domin\u00e9 par les pays du Nord \u2013 notamment \u00e0 travers des institutions issues&hellip;\n","protected":false},"author":2,"featured_media":378106,"comment_status":"","ping_status":"","sticky":false,"template":"","format":"standard","meta":{"footnotes":""},"categories":[1589],"tags":[11,9322,19362,309,2160,73,1866,19363,12,7834,5544,132,51170,770,1864,1865,1863,308],"class_list":{"0":"post-378105","1":"post","2":"type-post","3":"status-publish","4":"format-standard","5":"has-post-thumbnail","7":"category-etats-unis","8":"tag-actualites","9":"tag-brics","10":"tag-bru00e9sil","11":"tag-chine","12":"tag-commerce-international","13":"tag-etats-unis","14":"tag-etats-unis-damerique","15":"tag-lula","16":"tag-news","17":"tag-omc","18":"tag-protectionnisme","19":"tag-russie","20":"tag-sud-global","21":"tag-u00e9tats-unis","22":"tag-united-states","23":"tag-united-states-of-america","24":"tag-us","25":"tag-usa"},"share_on_mastodon":{"url":"https:\/\/pubeurope.com\/@fr\/115175196215611128","error":""},"_links":{"self":[{"href":"https:\/\/www.europesays.com\/fr\/wp-json\/wp\/v2\/posts\/378105","targetHints":{"allow":["GET"]}}],"collection":[{"href":"https:\/\/www.europesays.com\/fr\/wp-json\/wp\/v2\/posts"}],"about":[{"href":"https:\/\/www.europesays.com\/fr\/wp-json\/wp\/v2\/types\/post"}],"author":[{"embeddable":true,"href":"https:\/\/www.europesays.com\/fr\/wp-json\/wp\/v2\/users\/2"}],"replies":[{"embeddable":true,"href":"https:\/\/www.europesays.com\/fr\/wp-json\/wp\/v2\/comments?post=378105"}],"version-history":[{"count":0,"href":"https:\/\/www.europesays.com\/fr\/wp-json\/wp\/v2\/posts\/378105\/revisions"}],"wp:featuredmedia":[{"embeddable":true,"href":"https:\/\/www.europesays.com\/fr\/wp-json\/wp\/v2\/media\/378106"}],"wp:attachment":[{"href":"https:\/\/www.europesays.com\/fr\/wp-json\/wp\/v2\/media?parent=378105"}],"wp:term":[{"taxonomy":"category","embeddable":true,"href":"https:\/\/www.europesays.com\/fr\/wp-json\/wp\/v2\/categories?post=378105"},{"taxonomy":"post_tag","embeddable":true,"href":"https:\/\/www.europesays.com\/fr\/wp-json\/wp\/v2\/tags?post=378105"}],"curies":[{"name":"wp","href":"https:\/\/api.w.org\/{rel}","templated":true}]}}