{"id":378109,"date":"2025-09-09T16:07:10","date_gmt":"2025-09-09T16:07:10","guid":{"rendered":"https:\/\/www.europesays.com\/fr\/378109\/"},"modified":"2025-09-09T16:07:10","modified_gmt":"2025-09-09T16:07:10","slug":"drones-espions-russes-en-allemagne-berlin-face-a-son-incapacite-a-riposter","status":"publish","type":"post","link":"https:\/\/www.europesays.com\/fr\/378109\/","title":{"rendered":"Drones espions russes en Allemagne : Berlin face \u00e0 son incapacit\u00e9 \u00e0 riposter"},"content":{"rendered":"<p>          <img decoding=\"async\" class=\"c-ad__placeholder__logo\" src=\"https:\/\/static.euronews.com\/website\/images\/logos\/logo-euronews-stacked-outlined-72x72-grey-9.svg\" width=\"72\" height=\"72\" alt=\"\" loading=\"lazy\"\/><br \/>\n          PUBLICIT\u00c9<\/p>\n<p>Depuis le d\u00e9but de l&rsquo;ann\u00e9e, plusieurs centaines de vols de drones espions espionnant des infrastructures importantes ont \u00e9t\u00e9 enregistr\u00e9s en Allemagne. Les L\u00e4nder c\u00f4tiers sont les plus concern\u00e9s. Les cibles sont des installations militaires, mais aussi des infrastructures critiques comme les terminaux GNL. La Bundeswehr n&rsquo;est toutefois pas toujours responsable pour la s\u00e9curit\u00e9 de ces installations : les infrastructures civiles sont sous la responsabilit\u00e9 de la police et des exploitants respectifs.<\/p>\n<p>C&rsquo;est pr\u00e9cis\u00e9ment cette responsabilit\u00e9 est au c\u0153ur des d\u00e9bats depuis le week-end dernier, lorsque des forces sp\u00e9ciales de police du Schleswig-Holstein et de Basse-Saxe ont arr\u00eat\u00e9 et fouill\u00e9 le cargo \u00ab\u00a0Scanlark\u00a0\u00bb dans l&rsquo;\u00e9cluse de Kiel-Holtenau en raison de soup\u00e7ons d&rsquo;espionnage et de sabotage.<\/p>\n<p>Selon les ministres de l&rsquo;Int\u00e9rieur du Schleswig-Holstein, Sabine S\u00fctterlin-Waack, et de Basse-Saxe, Daniela Behrens, le navire est soup\u00e7onn\u00e9 d&rsquo;avoir servi de \u00ab\u00a0base pour des vols de drones au-dessus d&rsquo;infrastructures critiques dans le nord de l&rsquo;Allemagne\u00a0\u00bb. Selon le journal Kieler Nachrichten, un drone aurait survol\u00e9 un navire de la marine et pris des photos.<\/p>\n<p>Les deux ministres de l&rsquo;Int\u00e9rieur ont soulign\u00e9 l&rsquo;importance de l&rsquo;action transnationale contre les menaces hybrides. L&rsquo;intervention est un \u00ab\u00a0signe fort\u00a0\u00bb de la capacit\u00e9 d&rsquo;action de l&rsquo;\u00c9tat de droit et montre l&rsquo;\u00e9troite coh\u00e9sion des L\u00e4nder c\u00f4tiers qui sont particuli\u00e8rement menac\u00e9s en raison de leur infrastructure maritime strat\u00e9giquement importante.<\/p>\n<p>Le navire d&rsquo;environ 75 m\u00e8tres de long aurait navigu\u00e9 pour l&rsquo;armateur estonien Vista Shipping Agency et est immatricul\u00e9 depuis 2006 dans l&rsquo;\u00c9tat des Cara\u00efbes de Saint-Vincent-et-les-Grenadines. Avant la quille, le navire \u00e9tait \u00e0 Rotterdam. La destination suivante aurait d\u00fb \u00eatre la Finlande.<\/p>\n<p><strong>Espionnage \u00e0 bord de la \u00ab\u00a0flotte fant\u00f4me\u00a0\u00bb<\/strong><\/p>\n<p>La Russie utilise g\u00e9n\u00e9ralement des p\u00e9troliers et des navires de transport plus anciens pour contourner les sanctions de l&rsquo;UE et des Etats-Unis contre son secteur de l&rsquo;\u00e9nergie et de l&rsquo;exportation. Une enqu\u00eate men\u00e9e le mois dernier par Follow the Money, le S\u00fcddeutsche Zeitung, la NDR, la VRT, De Tijd et Pointer a r\u00e9v\u00e9l\u00e9 que Moscou pourrait \u00e9galement lancer des drones depuis ces navires pour effectuer des missions de reconnaissance en Allemagne.<\/p>\n<p>Selon Hans-Jakob Schindler, directeur du Counter Extremism Project, c&rsquo;est \u00ab\u00a0tout \u00e0 fait possible\u00a0\u00bb \u00e9tant donn\u00e9 que de nombreux navires de la \u00ab\u00a0flotte fant\u00f4me\u00a0\u00bb traversent r\u00e9guli\u00e8rement la mer Baltique. Si tel devait \u00eatre le cas, selon Schindler, se poserait alors la question de la surveillance des navires et des capacit\u00e9s des autorit\u00e9s, qui seraient probablement limit\u00e9es en raison de la taille de la mer Baltique et du grand nombre de navires.<\/p>\n<p>Une surveillance compl\u00e8te de chaque navire par les autorit\u00e9s allemandes n&rsquo;est donc pas possible et \u00ab\u00a0ce n&rsquo;est peut-\u00eatre pas non plus la meilleure utilisation des ressources\u00a0\u00bb, ajoute l&rsquo;expert en s\u00e9curit\u00e9 pour Euronews.<\/p>\n<p><strong>Une surcharge bureaucratique dans la lutte contre les drones<\/strong><\/p>\n<p>Avant qu&rsquo;une intervention contre les drones espions russes ne soit possible, la question de la comp\u00e9tence doit \u00eatre clarifi\u00e9e. Selon le lieu de l&rsquo;infraction, c&rsquo;est soit la police, soit l&rsquo;arm\u00e9e allemande qui est comp\u00e9tente, mais uniquement sur le territoire allemand.<\/p>\n<p>Si les drones d\u00e9collent dans les eaux internationales, il n&rsquo;est pas possible d&rsquo;intervenir. Il n&rsquo;est permis d&rsquo;intervenir que lorsqu&rsquo;ils entrent dans l&rsquo;espace a\u00e9rien allemand, mais \u00ab\u00a0l\u00e0 encore, la question se pose de savoir si la question de la comp\u00e9tence est suffisamment clarifi\u00e9e et s&rsquo;il existe des bases juridiques correspondantes\u00a0\u00bb, estime Hans-Jakob Schindler.<\/p>\n<p>Selon lui, la capacit\u00e9 des stations radar \u00e0 d\u00e9tecter efficacement les drones en ascension d\u00e9pend probablement de leur taille. Les grands drones sont plus faciles \u00e0 d\u00e9tecter.<\/p>\n<p>\u00ab\u00a0Les d\u00e9fis pos\u00e9s par de tels vols de drones sont assez vari\u00e9s\u00a0\u00bb, explique-t-il, ajoutant que \u00ab\u00a0lorsqu&rsquo;il s&rsquo;agit d&rsquo;installations militaires, le survol est g\u00e9n\u00e9ralement interdit, de sorte que les pilotes de drones qui se trouvent au-dessus de telles installations commettent dans tous les cas une infraction.\u00a0\u00bb<\/p>\n<p>Selon l&rsquo;expert en terrorisme, ce n&rsquo;est toutefois pas toujours le cas pour les infrastructures critiques ou les transports militaires en mouvement, \u00ab\u00a0de sorte qu&rsquo;il faut ici clarifier de mani\u00e8re centrale quelle est la probabilit\u00e9 qu&rsquo;il s&rsquo;agisse effectivement d&rsquo;un cas de reconnaissance et non d&rsquo;un drone priv\u00e9.\u00a0\u00bb<\/p>\n<p><strong>Un vide juridique freine les d\u00e9fenses<\/strong><\/p>\n<p>Dans une d\u00e9claration \u00e9crite \u00e0 Euronews, le minist\u00e8re de l&rsquo;Int\u00e9rieur (BMI) a expliqu\u00e9 que les autorit\u00e9s comp\u00e9tentes de l&rsquo;\u00c9tat f\u00e9d\u00e9ral et des L\u00e4nder \u00ab\u00a0sont en contact permanent les unes avec les autres, y compris avec les gestionnaires d&rsquo;infrastructures et d&rsquo;autres parties prenantes\u00a0\u00bb. Il existe donc des voies de signalement et de communication \u00e9tablies, mais aussi \u00ab\u00a0la coop\u00e9ration est adapt\u00e9e en fonction des besoins et en tenant compte de l&rsquo;\u00e9volution de la menace\u00a0\u00bb, poursuit le texte.<\/p>\n<p>Au cours de la derni\u00e8re l\u00e9gislature, le gouvernement d&rsquo;Olaf Scholz avait pr\u00e9vu de modifier la loi sur la s\u00e9curit\u00e9 a\u00e9rienne (LuftSiG) afin de permettre \u00e0 l&rsquo;arm\u00e9e allemande d&rsquo;abattre des drones dangereux volant ill\u00e9galement lorsque la police n&rsquo;est pas techniquement en mesure de le faire et demande de l&rsquo;aide.<\/p>\n<p>L&rsquo;amendement n&rsquo;a toutefois pas \u00e9t\u00e9 adopt\u00e9 par la suite. Konstantin von Notz, d\u00e9put\u00e9 des Verts et pr\u00e9sident de l&rsquo;organe de contr\u00f4le parlementaire, a critiqu\u00e9 la CDU\/CSU pour ne pas avoir soutenu la proposition pr\u00e9c\u00e9dente du gouvernement de l&rsquo;Ampel pour des \u00ab\u00a0consid\u00e9rations tactiques de parti\u00a0\u00bb.<\/p>\n<p>Un porte-parole du minist\u00e8re de l&rsquo;Int\u00e9rieur confirme que le projet de loi est soumis au principe de discontinuit\u00e9 : \u00ab\u00a0les \u00e9ventuelles modifications doivent \u00eatre r\u00e9introduites dans la proc\u00e9dure parlementaire\u00a0\u00bb. La formation de l&rsquo;opinion du nouveau gouvernement f\u00e9d\u00e9ral sur l&rsquo;adaptation de la loi sur la s\u00e9curit\u00e9 a\u00e9rienne n&rsquo;est pas encore termin\u00e9e, selon le porte-parole.<\/p>\n<p><strong>Espionnage et provocation \u00e0 la fois<\/strong><\/p>\n<p>Depuis l&rsquo;invasion \u00e0 grande \u00e9chelle de l&rsquo;Ukraine par la Russie, non seulement les incidents d&rsquo;espionnage par drones se multiplient en Europe, mais des drones russes pr\u00e9sum\u00e9s avoir p\u00e9n\u00e9tr\u00e9 par erreur dans l&rsquo;espace a\u00e9rien polonais depuis l&rsquo;Ukraine.<\/p>\n<p>Le week-end dernier encore, un drone portant des inscriptions russes s&rsquo;est \u00e9cras\u00e9 dans un champ de la r\u00e9gion de Lublin, apr\u00e8s avoir p\u00e9n\u00e9tr\u00e9 dans l&rsquo;espace a\u00e9rien polonais en provenance d&rsquo;Ukraine.<\/p>\n<p>Des restes de drones portant des inscriptions en cyrillique ont \u00e9galement \u00e9t\u00e9 r\u00e9cemment d\u00e9couverts \u00e0 la fronti\u00e8re avec la Bi\u00e9lorussie. Bien que l&rsquo;enqu\u00eate soit toujours en cours, les autorit\u00e9s polonaises ont confirm\u00e9 que les deux objets n&rsquo;\u00e9taient pas arm\u00e9s.<\/p>\n<p>Le gouvernement de Varsovie pr\u00e9vient qu&rsquo;il pourrait \u00e9galement s&rsquo;agir de provocations cibl\u00e9es. Ces incidents montrent que la menace des drones ne se limite pas \u00e0 l&rsquo;Allemagne, mais concerne l&rsquo;ensemble de la r\u00e9gion orientale de l&rsquo;OTAN.<\/p>\n","protected":false},"excerpt":{"rendered":"PUBLICIT\u00c9 Depuis le d\u00e9but de l&rsquo;ann\u00e9e, plusieurs centaines de vols de drones espions espionnant des infrastructures importantes ont&hellip;\n","protected":false},"author":2,"featured_media":378110,"comment_status":"","ping_status":"","sticky":false,"template":"","format":"standard","meta":{"footnotes":""},"categories":[1587],"tags":[11,672,31467,1804,1805,1803,1777,674,1801,3482,12,1802,132],"class_list":{"0":"post-378109","1":"post","2":"type-post","3":"status-publish","4":"format-standard","5":"has-post-thumbnail","7":"category-allemagne","8":"tag-actualites","9":"tag-allemagne","10":"tag-armee-allemande","11":"tag-bundesrepublik-deutschland","12":"tag-de","13":"tag-deutschland","14":"tag-eu","15":"tag-europe","16":"tag-germany","17":"tag-guerre-russie-ukraine","18":"tag-news","19":"tag-republique-federale-dallemagne","20":"tag-russie"},"share_on_mastodon":{"url":"https:\/\/pubeurope.com\/@fr\/115175204854526196","error":""},"_links":{"self":[{"href":"https:\/\/www.europesays.com\/fr\/wp-json\/wp\/v2\/posts\/378109","targetHints":{"allow":["GET"]}}],"collection":[{"href":"https:\/\/www.europesays.com\/fr\/wp-json\/wp\/v2\/posts"}],"about":[{"href":"https:\/\/www.europesays.com\/fr\/wp-json\/wp\/v2\/types\/post"}],"author":[{"embeddable":true,"href":"https:\/\/www.europesays.com\/fr\/wp-json\/wp\/v2\/users\/2"}],"replies":[{"embeddable":true,"href":"https:\/\/www.europesays.com\/fr\/wp-json\/wp\/v2\/comments?post=378109"}],"version-history":[{"count":0,"href":"https:\/\/www.europesays.com\/fr\/wp-json\/wp\/v2\/posts\/378109\/revisions"}],"wp:featuredmedia":[{"embeddable":true,"href":"https:\/\/www.europesays.com\/fr\/wp-json\/wp\/v2\/media\/378110"}],"wp:attachment":[{"href":"https:\/\/www.europesays.com\/fr\/wp-json\/wp\/v2\/media?parent=378109"}],"wp:term":[{"taxonomy":"category","embeddable":true,"href":"https:\/\/www.europesays.com\/fr\/wp-json\/wp\/v2\/categories?post=378109"},{"taxonomy":"post_tag","embeddable":true,"href":"https:\/\/www.europesays.com\/fr\/wp-json\/wp\/v2\/tags?post=378109"}],"curies":[{"name":"wp","href":"https:\/\/api.w.org\/{rel}","templated":true}]}}