{"id":378113,"date":"2025-09-09T16:09:14","date_gmt":"2025-09-09T16:09:14","guid":{"rendered":"https:\/\/www.europesays.com\/fr\/378113\/"},"modified":"2025-09-09T16:09:14","modified_gmt":"2025-09-09T16:09:14","slug":"achats-darmement-la-belgique-pourrait-emprunter-a-lue-jusqua-834-milliards","status":"publish","type":"post","link":"https:\/\/www.europesays.com\/fr\/378113\/","title":{"rendered":"Achats d&rsquo;armement: la Belgique pourrait emprunter \u00e0 l&rsquo;UE jusqu&rsquo;\u00e0 8,34 milliards"},"content":{"rendered":"<p class=\"ap-StoryElement ap-StoryElement--mb ap-StoryText\">Obus, missiles, artillerie, drone, d\u00e9fense a\u00e9rienne, cyber-d\u00e9fense, mobilit\u00e9 militaire, etc., sont \u00e9ligibles, \u00e0 condition que les contrats garantissent qu&rsquo;au moins 65 % de la valeur des composants proviennent de l&rsquo;UE, d&rsquo;Ukraine ou de pays de l&rsquo;EEE-AELE. Des achats conjoints pourront aussi \u00eatre conclus avec des partenaires de s\u00e9curit\u00e9 tels que le Royaume-Uni, le Japon, le Canada ou tout pays candidat \u00e0 l&rsquo;UE.<\/p>\n<p><a href=\"https:\/\/www.dhnet.be\/actu\/belgique\/2025\/09\/05\/la-defense-achete-240-parachutes-pour-les-largages-humanitaires-JLOCB3J7YJDMLPRQXHI2AAWXMA\/\" target=\"_blank\" rel=\"noopener noreferrer nofollow\" class=\"ap-StoryInterstitialLink ap-StoryElement ap-StoryElement--mb\">La D\u00e9fense ach\u00e8te 240 parachutes pour les largages humanitaires<\/a><\/p>\n<p class=\"ap-StoryElement ap-StoryElement--mb ap-StoryText\">La Commission annon\u00e7ait ce mardi la r\u00e9partition des allocations provisoires. Le montant allou\u00e9 \u00e0 chaque \u00c9tat membre a \u00e9t\u00e9 \u00e9tabli sur base des demandes de chacun d&rsquo;eux, qui exc\u00e9daient le budget disponible. Avec 8,34 milliards, la Belgique est le 6e plus grand b\u00e9n\u00e9ficiaire de SAFE, derri\u00e8re la Pologne (43,73 milliards), la Roumanie (16,68), la France et la Hongrie (16,21 chacune) et l&rsquo;Italie (14,9).<\/p>\n<p class=\"ap-StoryElement ap-StoryElement--mb ap-StoryText\">Les premiers d\u00e9caissements sont envisag\u00e9s au d\u00e9but 2026. Entre-temps, les \u00c9tats membres auront d\u00fb pr\u00e9senter, pour la fin novembre, leur plan national d&rsquo;investissement, d\u00e9crivant l&rsquo;utilisation de l&rsquo;assistance demand\u00e9e. L&rsquo;allocation annonc\u00e9e ce mardi pourrait donc \u00eatre ajust\u00e9e en fonction de ces plans.<\/p>\n<p>\u00ab\u00a0ReArm Europe\u00a0\u00bb<\/p>\n<p class=\"ap-StoryElement ap-StoryElement--mb ap-StoryText\">Les 150 milliards d&rsquo;euros de SAFE constituent le premier pilier du grand plan \u00ab\u00a0ReArm Europe\u00a0\u00bb de la Commission europ\u00e9enne \u00e0 l&rsquo;horizon 2030, qui vise \u00e0 d\u00e9bloquer plus de 800 milliards d&rsquo;euros de d\u00e9penses de d\u00e9fense dans toute l&rsquo;UE. Les services de renseignement consid\u00e8rent en effet que la Russie serait en mesure de d\u00e9clencher une nouvelle guerre d&rsquo;ici 2030, tandis que la pression sur l&rsquo;UE s&rsquo;est accentu\u00e9e apr\u00e8s que Washington a r\u00e9duit l&rsquo;aide militaire am\u00e9ricaine \u00e0 l&rsquo;Ukraine et remis en question son engagement \u00e0 prot\u00e9ger l&rsquo;Europe.<\/p>\n<p><a href=\"https:\/\/www.dhnet.be\/actu\/belgique\/2025\/09\/03\/defense-et-pensions-vont-accelerer-le-traitement-des-dossiers-des-victimes-du-terrorisme-QUHPRARTGBFQ5LR57CJB752DHY\/\" target=\"_blank\" rel=\"noopener noreferrer nofollow\" class=\"ap-StoryInterstitialLink ap-StoryElement ap-StoryElement--mb\">D\u00e9fense et Pensions vont acc\u00e9l\u00e9rer le traitement des dossiers des victimes du terrorisme<\/a><\/p>\n","protected":false},"excerpt":{"rendered":"Obus, missiles, artillerie, drone, d\u00e9fense a\u00e9rienne, cyber-d\u00e9fense, mobilit\u00e9 militaire, etc., sont \u00e9ligibles, \u00e0 condition que les contrats garantissent&hellip;\n","protected":false},"author":2,"featured_media":378114,"comment_status":"","ping_status":"","sticky":false,"template":"","format":"standard","meta":{"footnotes":""},"categories":[1586],"tags":[11,2390,554,1777,674,1779,1011,27,12,25,1778,364],"class_list":{"0":"post-378113","1":"post","2":"type-post","3":"status-publish","4":"format-standard","5":"has-post-thumbnail","7":"category-europe","8":"tag-actualites","9":"tag-comeuro","10":"tag-defense","11":"tag-eu","12":"tag-europe","13":"tag-european-union","14":"tag-fr","15":"tag-france","16":"tag-news","17":"tag-republique-francaise","18":"tag-ue","19":"tag-union-europeenne"},"share_on_mastodon":{"url":"https:\/\/pubeurope.com\/@fr\/115175211822518675","error":""},"_links":{"self":[{"href":"https:\/\/www.europesays.com\/fr\/wp-json\/wp\/v2\/posts\/378113","targetHints":{"allow":["GET"]}}],"collection":[{"href":"https:\/\/www.europesays.com\/fr\/wp-json\/wp\/v2\/posts"}],"about":[{"href":"https:\/\/www.europesays.com\/fr\/wp-json\/wp\/v2\/types\/post"}],"author":[{"embeddable":true,"href":"https:\/\/www.europesays.com\/fr\/wp-json\/wp\/v2\/users\/2"}],"replies":[{"embeddable":true,"href":"https:\/\/www.europesays.com\/fr\/wp-json\/wp\/v2\/comments?post=378113"}],"version-history":[{"count":0,"href":"https:\/\/www.europesays.com\/fr\/wp-json\/wp\/v2\/posts\/378113\/revisions"}],"wp:featuredmedia":[{"embeddable":true,"href":"https:\/\/www.europesays.com\/fr\/wp-json\/wp\/v2\/media\/378114"}],"wp:attachment":[{"href":"https:\/\/www.europesays.com\/fr\/wp-json\/wp\/v2\/media?parent=378113"}],"wp:term":[{"taxonomy":"category","embeddable":true,"href":"https:\/\/www.europesays.com\/fr\/wp-json\/wp\/v2\/categories?post=378113"},{"taxonomy":"post_tag","embeddable":true,"href":"https:\/\/www.europesays.com\/fr\/wp-json\/wp\/v2\/tags?post=378113"}],"curies":[{"name":"wp","href":"https:\/\/api.w.org\/{rel}","templated":true}]}}