{"id":378119,"date":"2025-09-09T16:15:12","date_gmt":"2025-09-09T16:15:12","guid":{"rendered":"https:\/\/www.europesays.com\/fr\/378119\/"},"modified":"2025-09-09T16:15:12","modified_gmt":"2025-09-09T16:15:12","slug":"stade-toulousain-plusieurs-retours-de-cadres-avant-la-reception-de-perpignan","status":"publish","type":"post","link":"https:\/\/www.europesays.com\/fr\/378119\/","title":{"rendered":"Stade Toulousain\u00a0: plusieurs retours de cadres avant la r\u00e9ception de Perpignan"},"content":{"rendered":"<p>\n                                                                    l&rsquo;essentiel<br \/>\n                                                                L\u2019entra\u00eenement collectif du Stade s\u2019est d\u00e9roul\u00e9 ce mardi 9\u00a0septembre devant plus de 3\u00a0000 personnes, en grande partie des abonn\u00e9s. Le champion de France enregistre plusieurs retours dans son effectif.\n                            <\/p>\n<p>Les Toulousains vont retrouver le Stade Ernest-Wallon, plus de trois mois apr\u00e8s leur dernier match aux Sept Deniers. C\u2019\u00e9tait le 1er\u00a0juin dernier et une cartouche inflig\u00e9e \u00e0 Lyon (43-3). Et pour ce premier match de la saison \u00e0 domicile, face \u00e0 Perpignan, Ugo Mola et son staff enregistrent le retour de plusieurs forces vives.<\/p>\n<p>\u00c0 commencer par l\u2019\u00c9cossais <strong>Blair Kinghorn <\/strong>qui avait b\u00e9n\u00e9fici\u00e9 de vacances tardives apr\u00e8s sa tourn\u00e9e avec les Lions Britanniques. De m\u00eame, l\u2019Anglais\u00a0<strong>Jack Willis,<\/strong> l\u2019Argentin<strong> Efrain Elias <\/strong>et l\u2019international fran\u00e7ais <strong>Josh Brennan <\/strong>ont retrouv\u00e9 le chemin d\u2019Ernest-Wallon.<\/p>\n<p class=\"std-elt__inline\">\n        <strong>\u00c0 lire aussi :<\/strong><br \/>\n        <a href=\"https:\/\/www.ladepeche.fr\/2025\/09\/08\/stade-toulousain-des-leaders-deja-moteurs-comment-plusieurs-joueurs-cadres-ont-tenu-leur-rang-pour-permettre-a-toulouse-de-gagner-a-clermont-12917895.php\" rel=\"nofollow noopener\" target=\"_blank\">Stade Toulousain\u00a0: des leaders d\u00e9j\u00e0 moteurs\u00a0! Comment plusieurs joueurs cadres ont tenu leur rang pour permettre \u00e0 Toulouse de gagner \u00e0 Clermont<\/a>\n    <\/p>\n<p><strong>Julien Marchand<\/strong>\u00a0est \u00e9galement de retour. Il a lui aussi\u00a0manqu\u00e9 le d\u00e9placement en Auvergne pour une heureuse nouvelle (sa femme a accouch\u00e9).<\/p>\n<p><strong>P\u00efta Ahk<\/strong>i et\u00a0<strong>Th\u00e9o Ntamack<\/strong> sortis sur commotion en Auvergne passent ce soir le test Hia3. Ils sont priv\u00e9s de comp\u00e9tition pendant douze jours.<\/p>\n<p><strong>Paul Mallez<\/strong> \u00e9tait absent en Auvergne. Et pour cause, il s\u2019est bless\u00e9 \u00e0 l\u2019entra\u00eenement sur une m\u00eal\u00e9e. Il doit d\u00e9sormais passer des examens compl\u00e9mentaires pour conna\u00eetre la nature exacte de la blessure.<\/p>\n<p class=\"std-elt__inline\">\n        <strong>\u00c0 lire aussi :<\/strong><br \/>\n        <a href=\"https:\/\/www.ladepeche.fr\/2025\/09\/08\/video-clermont-stade-toulousain-on-parle-beaucoup-dantoine-dupont-mais-thomas-ramos-et-sa-somptueuse-passe-decisive-font-beaucoup-reagir-12917154.php\" rel=\"nofollow noopener\" target=\"_blank\">VIDEO. Clermont-Stade Toulousain\u00a0: \u00ab\u00a0On parle beaucoup d\u2019Antoine Dupont mais\u2026\u00a0\u00bb Thomas Ramos et sa somptueuse passe d\u00e9cisive font beaucoup r\u00e9agir<\/a>\n    <\/p>\n<p>Victimes de soucis musculaires en d\u00e9but de saison, <strong>Paul Costes,<\/strong> <strong>Teddy Thomas<\/strong> et <strong>George-Henri\u00a0Colombe<\/strong> s\u2019entra\u00eenent en marge du groupe. Tout comme <strong>Matthis Castro-Ferreira<\/strong> et <strong>David Ainu\u2019u <\/strong>bless\u00e9s l\u2019an dernier en fin\u00a0de saison. Ces cinq joueurs n\u2019ont pas encore repris l\u2019entra\u00eenement collectif.<\/p>\n<p class=\"std-elt__inline\">\n        <strong>\u00c0 lire aussi :<\/strong><br \/>\n        <a href=\"https:\/\/www.ladepeche.fr\/2025\/09\/08\/video-clermont-stade-toulousain-jai-le-vent-en-poupe-anthony-jelonch-raconte-son-incroyable-charge-qui-a-amene-le-premier-essai-de-toulouse-12916727.php\" rel=\"nofollow noopener\" target=\"_blank\">VIDEO. Clermont-Stade Toulousain\u00a0: \u00ab\u00a0J\u2019ai le vent en poupe\u00a0!\u00a0\u00bb Anthony Jelonch raconte son incroyable charge qui a amen\u00e9 le premier essai de Toulouse<\/a>\n    <\/p>\n<p>Enfin, en ce qui concerne les bless\u00e9s de longue dur\u00e9e, <strong>Ange Capuozzo<\/strong> entrevoit le bout du tunnel. L\u2019ailier ou arri\u00e8re italien qui souffrait depuis juin d\u2019une fracture du p\u00e9ron\u00e9 de la jambe gauche a repris la course. <strong>Antoine Dupont et Peato Mauvaka<\/strong> poursuivent quant \u00e0 eux leur protocole de reprise.<\/p>\n","protected":false},"excerpt":{"rendered":"l&rsquo;essentiel L\u2019entra\u00eenement collectif du Stade s\u2019est d\u00e9roul\u00e9 ce mardi 9\u00a0septembre devant plus de 3\u00a0000 personnes, en grande partie&hellip;\n","protected":false},"author":2,"featured_media":378120,"comment_status":"","ping_status":"","sticky":false,"template":"","format":"standard","meta":{"footnotes":""},"categories":[1416],"tags":[1011,27,479,1468,60],"class_list":{"0":"post-378119","1":"post","2":"type-post","3":"status-publish","4":"format-standard","5":"has-post-thumbnail","7":"category-rugby","8":"tag-fr","9":"tag-france","10":"tag-rugby","11":"tag-rugby-football","12":"tag-sports"},"share_on_mastodon":{"url":"https:\/\/pubeurope.com\/@fr\/115175235519522084","error":""},"_links":{"self":[{"href":"https:\/\/www.europesays.com\/fr\/wp-json\/wp\/v2\/posts\/378119","targetHints":{"allow":["GET"]}}],"collection":[{"href":"https:\/\/www.europesays.com\/fr\/wp-json\/wp\/v2\/posts"}],"about":[{"href":"https:\/\/www.europesays.com\/fr\/wp-json\/wp\/v2\/types\/post"}],"author":[{"embeddable":true,"href":"https:\/\/www.europesays.com\/fr\/wp-json\/wp\/v2\/users\/2"}],"replies":[{"embeddable":true,"href":"https:\/\/www.europesays.com\/fr\/wp-json\/wp\/v2\/comments?post=378119"}],"version-history":[{"count":0,"href":"https:\/\/www.europesays.com\/fr\/wp-json\/wp\/v2\/posts\/378119\/revisions"}],"wp:featuredmedia":[{"embeddable":true,"href":"https:\/\/www.europesays.com\/fr\/wp-json\/wp\/v2\/media\/378120"}],"wp:attachment":[{"href":"https:\/\/www.europesays.com\/fr\/wp-json\/wp\/v2\/media?parent=378119"}],"wp:term":[{"taxonomy":"category","embeddable":true,"href":"https:\/\/www.europesays.com\/fr\/wp-json\/wp\/v2\/categories?post=378119"},{"taxonomy":"post_tag","embeddable":true,"href":"https:\/\/www.europesays.com\/fr\/wp-json\/wp\/v2\/tags?post=378119"}],"curies":[{"name":"wp","href":"https:\/\/api.w.org\/{rel}","templated":true}]}}