{"id":378121,"date":"2025-09-09T16:16:09","date_gmt":"2025-09-09T16:16:09","guid":{"rendered":"https:\/\/www.europesays.com\/fr\/378121\/"},"modified":"2025-09-09T16:16:09","modified_gmt":"2025-09-09T16:16:09","slug":"us-open-jimmy-connors-meme-si-roger-federer-et-rafael-nadal-etaient-encore-la-carlos-alcaraz-et-jannik-sinner-auraient-envie-de-dire-poussez-vous-les-gars-jaime-ca","status":"publish","type":"post","link":"https:\/\/www.europesays.com\/fr\/378121\/","title":{"rendered":"US Open > Jimmy Connors : \u00ab\u00a0M\u00eame si Roger Federer et Rafael Nadal \u00e9taient encore l\u00e0, Carlos Alcaraz et Jannik Sinner auraient envie de dire : &lsquo;Poussez-vous les gars !&rsquo;. J&rsquo;aime \u00e7a\u00a0\u00bb"},"content":{"rendered":"<p>Dans le dernier \u00e9pisode de son podcast, dont les propos sont relay\u00e9s par <a href=\"https:\/\/www.thetennisgazette.com\/news\/jimmy-connors-suggests-what-jannik-sinner-and-carlos-alcaraz-would-have-done-even-if-roger-federer-was-still-playing\/\" data-wpel-link=\"external\" target=\"_blank\" rel=\"nofollow external noopener\">The Tennis Gazette<\/a>, la l\u00e9gende Jimmy Connors partage une r\u00e9flexion sur Carlos Alcaraz et Jannik Sinner, vain\u00adqueurs \u00e0 eux deux des huit derniers tour\u00adnois du Grand Chelem.<\/p>\n<p><strong>\u00ab\u202fCe que j\u2019aime chez ces deux joueurs, Sinner et Alcaraz, c\u2019est qu\u2019ils savent que leur heure est venue. M\u00eame si Nadal et Federer \u00e9taient encore l\u00e0, ils voudraient dire\u00a0: \u2018Poussez\u2010vous, les gars !\u2019 J\u2019aime \u00e7a. Ils ont \u00e9lev\u00e9 leur jeu \u00e0 ce niveau. D\u2019autres joueurs n\u2019ont pas fait \u00e7a et ont attendu qu\u2019ils prennent leur retraite ou que quelque chose se passe pour dire que c\u2019\u00e9tait main\u00adte\u00adnant leur tour. Eh bien, ce n\u2019est peut\u2010\u00eatre pas le cas. Alcaraz et Sinner sont d\u00e9sor\u00admais bien au\u2010dessus de tous les autres et ils jouent comme tels \u00e0 chaque fois qu\u2019ils entrent sur le court. Cela ne veut pas dire qu\u2019ils vont gagner \u00e0 chaque fois qu\u2019ils entrent sur le court, car si c\u2019\u00e9tait le cas, ce serait incroyable\u202f!\u202f\u00bb<\/strong><\/p>\n<p class=\"post-published-date\" style=\"color: silver; font-size: 75%; text-align: left;\">Publi\u00e9 le mardi 9 septembre 2025 \u00e0 16:50<\/p>\n","protected":false},"excerpt":{"rendered":"Dans le dernier \u00e9pisode de son podcast, dont les propos sont relay\u00e9s par The Tennis Gazette, la l\u00e9gende&hellip;\n","protected":false},"author":2,"featured_media":305067,"comment_status":"","ping_status":"","sticky":false,"template":"","format":"standard","meta":{"footnotes":""},"categories":[1415],"tags":[1744,11582,2199,1011,27,1960,2127,60,1467],"class_list":{"0":"post-378121","1":"post","2":"type-post","3":"status-publish","4":"format-standard","5":"has-post-thumbnail","7":"category-tennis","8":"tag-alcaraz","9":"tag-connors","10":"tag-federer","11":"tag-fr","12":"tag-france","13":"tag-nadal","14":"tag-sinner","15":"tag-sports","16":"tag-tennis"},"share_on_mastodon":{"url":"https:\/\/pubeurope.com\/@fr\/115175239345565268","error":""},"_links":{"self":[{"href":"https:\/\/www.europesays.com\/fr\/wp-json\/wp\/v2\/posts\/378121","targetHints":{"allow":["GET"]}}],"collection":[{"href":"https:\/\/www.europesays.com\/fr\/wp-json\/wp\/v2\/posts"}],"about":[{"href":"https:\/\/www.europesays.com\/fr\/wp-json\/wp\/v2\/types\/post"}],"author":[{"embeddable":true,"href":"https:\/\/www.europesays.com\/fr\/wp-json\/wp\/v2\/users\/2"}],"replies":[{"embeddable":true,"href":"https:\/\/www.europesays.com\/fr\/wp-json\/wp\/v2\/comments?post=378121"}],"version-history":[{"count":0,"href":"https:\/\/www.europesays.com\/fr\/wp-json\/wp\/v2\/posts\/378121\/revisions"}],"wp:featuredmedia":[{"embeddable":true,"href":"https:\/\/www.europesays.com\/fr\/wp-json\/wp\/v2\/media\/305067"}],"wp:attachment":[{"href":"https:\/\/www.europesays.com\/fr\/wp-json\/wp\/v2\/media?parent=378121"}],"wp:term":[{"taxonomy":"category","embeddable":true,"href":"https:\/\/www.europesays.com\/fr\/wp-json\/wp\/v2\/categories?post=378121"},{"taxonomy":"post_tag","embeddable":true,"href":"https:\/\/www.europesays.com\/fr\/wp-json\/wp\/v2\/tags?post=378121"}],"curies":[{"name":"wp","href":"https:\/\/api.w.org\/{rel}","templated":true}]}}