{"id":378122,"date":"2025-09-09T16:18:09","date_gmt":"2025-09-09T16:18:09","guid":{"rendered":"https:\/\/www.europesays.com\/fr\/378122\/"},"modified":"2025-09-09T16:18:09","modified_gmt":"2025-09-09T16:18:09","slug":"motogp-le-titre-est-tombe-a-barcelone-sur-le-g-p-de-catalogne-au-championnat-des-constructeurs","status":"publish","type":"post","link":"https:\/\/www.europesays.com\/fr\/378122\/","title":{"rendered":"MotoGP Le titre est tomb\u00e9 \u00e0 Barcelone, sur le G.P de Catalogne, au championnat des constructeurs !"},"content":{"rendered":"<p>Il ne s\u2019agissait que d\u2019une formalit\u00e9, compte tenu de la domination outrageuse de Ducati en MotoGP. Mais depuis l\u2019arriv\u00e9e du Grand-Prix de Catalogne, c\u2019est officiel. La marque italienne d\u00e9croche, une nouvelle fois, le titre des constructeurs. C\u2019est samedi dernier, apr\u00e8s le sprint et la victoire de Marc Marquez, que ce sacre a \u00e9t\u00e9 confirm\u00e9, sur le plan comptable. Cela fait six fois d\u2019affil\u00e9e que la couronne mondiale tombe dans l\u2019escarcelle de la firme transalpine\u2026<\/p>\n<p>Ducati : six titres d\u2019affil\u00e9e en MotoGP !<\/p>\n<blockquote class=\"twitter-tweet\">\n<p dir=\"ltr\" lang=\"en\">516 points so far this season \ud83d\udd34<br \/>\ud83c\udfc52025 Constructors\u2019 World Champion<\/p>\n<p>The 7th wonder.<br \/>The 6th in a row.<\/p>\n<p>\ud83c\udfc52007<br \/>\ud83c\udfc52020<br \/>\ud83c\udfc52021<br \/>\ud83c\udfc52022<br \/>\ud83c\udfc52023<br \/>\ud83c\udfc52024<br \/>\ud83c\udfc52025 <a href=\"https:\/\/twitter.com\/hashtag\/ForzaDucati?src=hash&amp;ref_src=twsrc%5Etfw\" target=\"_blank\" rel=\"noopener nofollow\">#ForzaDucati<\/a> <a href=\"https:\/\/t.co\/hISW5oXAyD\" rel=\"nofollow\">pic.twitter.com\/hISW5oXAyD<\/a><\/p>\n<p>\u2014 Ducati Corse (@ducaticorse) <a href=\"https:\/\/twitter.com\/ducaticorse\/status\/1964417844826841450?ref_src=twsrc%5Etfw\" target=\"_blank\" rel=\"noopener nofollow\">September 6, 2025<\/a><\/p>\n<\/blockquote>\n<p>Derri\u00e8re, <a href=\"https:\/\/lemagsportauto.ouest-france.fr\/tag\/aprilia\/\" target=\"_blank\" rel=\"noopener nofollow\">Aprilia<\/a> et KTM semblent se d\u00e9gager clairement des constructeurs Japonais. Le titre honorifique de vice-champion du monde de MotoGP 2025 pourrait donc se jouer entre ces deux acteurs. La marque italienne ne disposant que de deux points d\u2019avance sur sa rivale autrichienne. Math\u00e9matiquement, toutefois, Honda et m\u00eame Yamaha, peuvent toujours r\u00eaver d\u2019un exploit. M\u00eame si, dans le cas de cette derni\u00e8re, avec Fabio Quartararo pour seul pilote capable de marquer de gros points, l\u2019affaire parait mal engag\u00e9e\u2026<\/p>\n<p>Place au classement complet.<\/p>\n<tr class=\"standings-table__body-row\">\n<td class=\"standings-table__body-cell standings-table__body-cell--pos u-hide-tablet\">1<\/td>\n<td class=\"standings-table__body-cell standings-table__body-cell--team \">Ducati<\/td>\n<td class=\"standings-table__body-cell standings-table__body-cell--points\">541 points<\/td>\n<\/tr>\n<tr class=\"standings-table__body-row\">\n<td class=\"standings-table__body-cell standings-table__body-cell--pos u-hide-tablet\">2<\/td>\n<td class=\"standings-table__body-cell standings-table__body-cell--team \">Aprilia<\/td>\n<td class=\"standings-table__body-cell standings-table__body-cell--points\">239 points<\/td>\n<\/tr>\n<tr class=\"standings-table__body-row\">\n<td class=\"standings-table__body-cell standings-table__body-cell--pos u-hide-tablet\">3<\/td>\n<td class=\"standings-table__body-cell standings-table__body-cell--team \">KTM<\/td>\n<td class=\"standings-table__body-cell standings-table__body-cell--points\">237 points<\/td>\n<\/tr>\n<tr class=\"standings-table__body-row\">\n<td class=\"standings-table__body-cell standings-table__body-cell--pos u-hide-tablet\">4<\/td>\n<td class=\"standings-table__body-cell standings-table__body-cell--team \">Honda<\/td>\n<td class=\"standings-table__body-cell standings-table__body-cell--points\">186 points<\/td>\n<\/tr>\n<tr class=\"standings-table__body-row\">\n<td class=\"standings-table__body-cell standings-table__body-cell--pos u-hide-tablet\">5<\/td>\n<td class=\"standings-table__body-cell standings-table__body-cell--team \">Yamaha<\/td>\n<td class=\"standings-table__body-cell standings-table__body-cell--points\">160 points<\/td>\n<\/tr>\n<p>Article publi\u00e9 le 09\/09\/2025 \u00e0 17h26<\/p>\n<p>                                                            <script async src=\"https:\/\/platform.twitter.com\/widgets.js\" charset=\"utf-8\"><\/script><\/p>\n","protected":false},"excerpt":{"rendered":"Il ne s\u2019agissait que d\u2019une formalit\u00e9, compte tenu de la domination outrageuse de Ducati en MotoGP. Mais depuis&hellip;\n","protected":false},"author":2,"featured_media":378123,"comment_status":"","ping_status":"","sticky":false,"template":"","format":"standard","meta":{"footnotes":""},"categories":[1413],"tags":[1981,1011,27,1457,1456,1458,60],"class_list":{"0":"post-378122","1":"post","2":"type-post","3":"status-publish","4":"format-standard","5":"has-post-thumbnail","7":"category-moto","8":"tag-classement","9":"tag-fr","10":"tag-france","11":"tag-moto","12":"tag-motocycle","13":"tag-motogp","14":"tag-sports"},"share_on_mastodon":{"url":"https:\/\/pubeurope.com\/@fr\/115175247313044719","error":""},"_links":{"self":[{"href":"https:\/\/www.europesays.com\/fr\/wp-json\/wp\/v2\/posts\/378122","targetHints":{"allow":["GET"]}}],"collection":[{"href":"https:\/\/www.europesays.com\/fr\/wp-json\/wp\/v2\/posts"}],"about":[{"href":"https:\/\/www.europesays.com\/fr\/wp-json\/wp\/v2\/types\/post"}],"author":[{"embeddable":true,"href":"https:\/\/www.europesays.com\/fr\/wp-json\/wp\/v2\/users\/2"}],"replies":[{"embeddable":true,"href":"https:\/\/www.europesays.com\/fr\/wp-json\/wp\/v2\/comments?post=378122"}],"version-history":[{"count":0,"href":"https:\/\/www.europesays.com\/fr\/wp-json\/wp\/v2\/posts\/378122\/revisions"}],"wp:featuredmedia":[{"embeddable":true,"href":"https:\/\/www.europesays.com\/fr\/wp-json\/wp\/v2\/media\/378123"}],"wp:attachment":[{"href":"https:\/\/www.europesays.com\/fr\/wp-json\/wp\/v2\/media?parent=378122"}],"wp:term":[{"taxonomy":"category","embeddable":true,"href":"https:\/\/www.europesays.com\/fr\/wp-json\/wp\/v2\/categories?post=378122"},{"taxonomy":"post_tag","embeddable":true,"href":"https:\/\/www.europesays.com\/fr\/wp-json\/wp\/v2\/tags?post=378122"}],"curies":[{"name":"wp","href":"https:\/\/api.w.org\/{rel}","templated":true}]}}