{"id":378129,"date":"2025-09-09T16:22:10","date_gmt":"2025-09-09T16:22:10","guid":{"rendered":"https:\/\/www.europesays.com\/fr\/378129\/"},"modified":"2025-09-09T16:22:10","modified_gmt":"2025-09-09T16:22:10","slug":"apres-soprano-kev-adams-vianney-et-mika-cest-la-chanteuse-santa-recompensee-pour-son-album-recommence-moi-a-ete-choisie-comme-marraine-du-telethon-lci","status":"publish","type":"post","link":"https:\/\/www.europesays.com\/fr\/378129\/","title":{"rendered":"Apr\u00e8s Soprano, Kev Adams, Vianney et Mika, c&rsquo;est la chanteuse Santa, r\u00e9compens\u00e9e pour son album \u00ab\u00a0Recommence-moi\u00a0\u00bb a \u00e9t\u00e9 choisie comme marraine du T\u00e9l\u00e9thon (LCI)"},"content":{"rendered":"<p>Apr\u00e8s Soprano, Kev Adams, Vianney et Mika, c&rsquo;est la chanteuse Santa qui a \u00e9t\u00e9 choisie comme marraine du T\u00e9l\u00e9thon, selon les informations de LCI. R\u00e9compens\u00e9e d&rsquo;une Victoire de la musique en f\u00e9vrier pour son album \u00ab\u00a0Recommence-moi\u00a0\u00bb, l&rsquo;interpr\u00e8te de \u00ab\u00a0Popcorn sal\u00e9\u00a0\u00bb sera aux c\u00f4t\u00e9s des malades et de leurs familles pendant 30h de direct sur France T\u00e9l\u00e9visions. \u00ab\u00a0Quand je vois des enfants malades, j&rsquo;ai envie de les aider. Ils sont dans l&rsquo;attente de traitement et je porte cette notion d&rsquo;espoir\u00a0\u00bb, confie l&rsquo;artiste \u00e0 ICI.<\/p>\n<p>Chaque ann\u00e9e depuis 1987, le T\u00e9l\u00e9thon permet de r\u00e9colter plusieurs dizaines de millions d&rsquo;euros au profit de la recherche sur les maladies g\u00e9n\u00e9tiques rares. L&rsquo;an dernier, plus de 96 millions d&rsquo;euros ont \u00e9t\u00e9 collect\u00e9s, pr\u00e8s de 4 millions d&rsquo;euros de plus qu&rsquo;en 2023. La 39e \u00e9dition se d\u00e9roulera les 5 et 6 d\u00e9cembre 2025.<\/p>\n<p>Santa dit avoir \u00ab\u00a0envie de faire p\u00e9ter les compteurs des dons, du 3637\u00a0\u00bb. \u00ab\u00a0J&rsquo;ai vraiment l&rsquo;ambition que cette ann\u00e9e encore, les Fran\u00e7ais soient les plus g\u00e9n\u00e9reux possible, esp\u00e8re-t-elle. Dans ces airs o\u00f9 l&#8217;empathie manque, nous avons cruellement besoins de ces dons, ces \u00e9lans d&rsquo;humanit\u00e9 pour renverser la table\u00a0\u00bb.<\/p>\n<p>La chanteuse promet de \u00ab\u00a0tout casser\u00a0\u00bb car \u00ab\u00a0\u00e7a nous touche dans nos c\u0153urs, nos tripes, notre humanit\u00e9\u00a0\u00bb. Comment va-t-elle accompagner les malades pendant ce marathon t\u00e9l\u00e9vis\u00e9 ? \u00ab\u00a0Je vais essayer humblement d&rsquo;accompagner ces 30h de direct avec la gaiet\u00e9\u00a0\u00bb, assure la chanteuse, \u00ab\u00a0honor\u00e9e\u00a0\u00bb d&rsquo;avoir \u00e9t\u00e9 approch\u00e9e, mais p\u00e9trie d'\u00a0\u00bbune immense peur de ne pas \u00eatre \u00e0 la hauteur de ce rendez-vous qui sauve des vies\u00a0\u00bb.<\/p>\n<p>\u00ab\u00a0Le T\u00e9l\u00e9thon parle de choses graves, mais il y a aussi l&rsquo;envie de faire un pied de nez \u00e0 la gravit\u00e9, \u00e0 la vie, de renverser les pr\u00e9dictions, affirme-t-elle. De faire la f\u00eate autour de choses graves, c&rsquo;est aussi le pied de nez que l&rsquo;on a en tant qu&rsquo;\u00eatres humains. Voir se transformer l&rsquo;incurable en espoir, j&rsquo;ai envie de porter \u00e7a \u00e0 la t\u00e9l\u00e9\u00a0\u00bb.<\/p>\n","protected":false},"excerpt":{"rendered":"Apr\u00e8s Soprano, Kev Adams, Vianney et Mika, c&rsquo;est la chanteuse Santa qui a \u00e9t\u00e9 choisie comme marraine du&hellip;\n","protected":false},"author":2,"featured_media":378130,"comment_status":"","ping_status":"","sticky":false,"template":"","format":"standard","meta":{"footnotes":""},"categories":[1359],"tags":[58,59,1011,27,973,44726,51171],"class_list":{"0":"post-378129","1":"post","2":"type-post","3":"status-publish","4":"format-standard","5":"has-post-thumbnail","7":"category-people","8":"tag-divertissement","9":"tag-entertainment","10":"tag-fr","11":"tag-france","12":"tag-people","13":"tag-santa","14":"tag-tu00e9lu00e9thon"},"share_on_mastodon":{"url":"https:\/\/pubeurope.com\/@fr\/115175263071611758","error":""},"_links":{"self":[{"href":"https:\/\/www.europesays.com\/fr\/wp-json\/wp\/v2\/posts\/378129","targetHints":{"allow":["GET"]}}],"collection":[{"href":"https:\/\/www.europesays.com\/fr\/wp-json\/wp\/v2\/posts"}],"about":[{"href":"https:\/\/www.europesays.com\/fr\/wp-json\/wp\/v2\/types\/post"}],"author":[{"embeddable":true,"href":"https:\/\/www.europesays.com\/fr\/wp-json\/wp\/v2\/users\/2"}],"replies":[{"embeddable":true,"href":"https:\/\/www.europesays.com\/fr\/wp-json\/wp\/v2\/comments?post=378129"}],"version-history":[{"count":0,"href":"https:\/\/www.europesays.com\/fr\/wp-json\/wp\/v2\/posts\/378129\/revisions"}],"wp:featuredmedia":[{"embeddable":true,"href":"https:\/\/www.europesays.com\/fr\/wp-json\/wp\/v2\/media\/378130"}],"wp:attachment":[{"href":"https:\/\/www.europesays.com\/fr\/wp-json\/wp\/v2\/media?parent=378129"}],"wp:term":[{"taxonomy":"category","embeddable":true,"href":"https:\/\/www.europesays.com\/fr\/wp-json\/wp\/v2\/categories?post=378129"},{"taxonomy":"post_tag","embeddable":true,"href":"https:\/\/www.europesays.com\/fr\/wp-json\/wp\/v2\/tags?post=378129"}],"curies":[{"name":"wp","href":"https:\/\/api.w.org\/{rel}","templated":true}]}}