{"id":378131,"date":"2025-09-09T16:23:11","date_gmt":"2025-09-09T16:23:11","guid":{"rendered":"https:\/\/www.europesays.com\/fr\/378131\/"},"modified":"2025-09-09T16:23:11","modified_gmt":"2025-09-09T16:23:11","slug":"premiere-exposition-photos-et-videos-pour-le-miquelonnais-micah-de-lizaraga-17-ans","status":"publish","type":"post","link":"https:\/\/www.europesays.com\/fr\/378131\/","title":{"rendered":"Premi\u00e8re exposition photos et vid\u00e9os pour le Miquelonnais Micah de Lizaraga, 17 ans"},"content":{"rendered":"<p>Kakawi, li\u00e8vre arctique, renardeaux, chevreuils, faucons&#8230; Micah de Lizaraga, 17 ans, Miquelonnais, passe son temps libre dans la nature, \u00e0 la recherche d\u2019animaux sauvages \u00e0 photographier et filmer. Une s\u00e9lection de ses photos et vid\u00e9os est \u00e0 d\u00e9couvrir \u00e0 la Micro-Folie, \u00e0 Saint-Pierre, jusqu\u2019au 19 septembre.<\/p>\n<p>Sa passion pour la nature, Micah de Lizaragua, 17 ans, l\u2019a h\u00e9rit\u00e9e de son p\u00e8re. Mais sa passion pour la photo et la vid\u00e9o, ses parents ne l\u2019expliquent pas vraiment. En observant les chevreuils derri\u00e8re chez lui, \u00e0 Miquelon, il a eu envie \u201cde les prendre en photos\u201d, retrace-t-il. \u201cJ\u2019ai regard\u00e9 des tutos sur Internet pour les r\u00e9glages et puis voil\u00e0.\u201d<\/p>\n<p>Son admiration pour la faune sauvage, sa patience et du talent lui ont permis d\u2019en arriver l\u00e0 : apr\u00e8s avoir particip\u00e9 \u00e0 plusieurs documentaires pour France TV, il est expos\u00e9 \u00e0 la Micro-Folie, \u00e0 Saint-Pierre, jusqu\u2019au 19 septembre. Il a s\u00e9lectionn\u00e9 17 clich\u00e9s et vid\u00e9os.<\/p>\n<p>Le li\u00e8vre arctique en train de grignoter un bout de sapin, c\u2019est l\u2019aboutissement de \u201ctrois ans de recherche tous les hivers. J&rsquo;avais en t\u00eate cette photo. C\u2019est exceptionnel\u201d, raconte-t-il devant la photo. Le moment l\u2019\u00e9tait. Le r\u00e9sultat l\u2019est tout autant.<\/p>\n<p><a href=\"https:\/\/la1ere.franceinfo.fr\/saintpierremiquelon\/les-images-impressionnantes-des-orages-captees-par-le-photographe-miquelonnais-micah-delizaraga-1513871.html\" target=\"_blank\" data-tooltip-url=\"https:\/\/la1ere.franceinfo.fr\/saintpierremiquelon\/les-images-impressionnantes-des-orages-captees-par-le-photographe-miquelonnais-micah-delizaraga-1513871.html\" rel=\"noopener nofollow\"><strong>\u00c0 lire aussi &gt;&gt; Les images impressionnantes des orages capt\u00e9es par le photographe miquelonnais Micah Delizaraga<\/strong><\/a><\/p>\n<p>Les renardeaux, \u201cil y a pass\u00e9 des ann\u00e9es. Et puis un jour il est rentr\u00e9 en hurlant \u2018J\u2019ai trouv\u00e9 le terrier, j\u2019ai trouv\u00e9 les petits, je les ai film\u00e9s pendant des heures&rsquo; \u201d, raconte sa maman, Nancy de Lizaraga.<\/p>\n<p>                                    <img class=\"a-article__image lazy libre\" width=\"800\" height=\"450\" data-src=\"https:\/\/www.europesays.com\/fr\/wp-content\/uploads\/2025\/09\/renarde-ok-664e254bb9f95074304912.jpg\" style=\"--img-placeholder: url('\/assets\/img\/placeholders\/article-800-450.svg');\" alt=\"Renarde\" aria-hidden=\"true\"\/><\/p>\n<p>                Une renarde et ses renardeaux dans le Cap de Miquelon film\u00e9s le week end du 18-19 mai 2024.<br \/>\n                     \u2022<br \/>\n                            \u00a9MICAH DE LIZARAGA<\/p>\n<p>\u201cJe ne l\u2019avais jamais vu aussi fou de joie et depuis sa passion grandit. Il fait des choses de plus en plus belles. On est \u00e9merveill\u00e9s \u00e0 la maison. On est fier, tr\u00e8s fier.\u201d Les murs du salon sont d\u00e9sormais couverts de photos prises par Micah.<\/p>\n<p><a href=\"https:\/\/la1ere.franceinfo.fr\/saintpierremiquelon\/miquelon-langlade\/des-images-rares-d-une-renarde-et-de-ses-cinq-petits-filmes-par-le-miquelonnais-micah-de-lizaraga-1490309.html\" target=\"_blank\" data-tooltip-url=\"https:\/\/la1ere.franceinfo.fr\/saintpierremiquelon\/miquelon-langlade\/des-images-rares-d-une-renarde-et-de-ses-cinq-petits-filmes-par-le-miquelonnais-micah-de-lizaraga-1490309.html\" rel=\"noopener nofollow\"><strong>\u00c0 lire aussi &gt;&gt; Des images rares de deux renardes et de six petits film\u00e9s par le Miquelonnais Micah De Lizaraga<\/strong><\/a><\/p>\n<p>Quand il a besoin de mat\u00e9riel, toute la famille se cotise. La vid\u00e9o du faucon, \u00e0 voir \u00e9galement \u00e0 la Micro-Folie, c\u2019est une des deux mamies qui en d\u00e9crit les coulisses lors du vernissage, le 6 septembre : \u201capr\u00e8s il t\u2019a attaqu\u00e9\u201d. Aujourd\u2019hui, ils en rigolent.<\/p>\n<p>\u201cOn l\u2019encourage dans sa passion, on esp\u00e8re qu\u2019il ira jusqu\u2019au bout, mais parfois on s\u2019inqui\u00e8te\u201d, confie Nancy de Lizaraga. Quand il part \u201cen exp\u00e9dition\u201d, \u201cil s\u2019en va \u00e0 8 heures et il ne revient pas avant 22 heures. Quand la nuit tombe et qu\u2019il n\u2019est pas rentr\u00e9, on se fait du souci.\u201d<\/p>\n<blockquote class=\"ftvi_content_quote\">\n<p class=\"ftvi_citation_quote\">C\u2019est un artiste, il faut qu\u2019on arrive \u00e0 vivre avec.<\/p>\n<p>Nancy de Lizaragua, la maman de Micah<\/p>\n<\/blockquote>\n<p>En bac pro m\u00e9canique \u00e0 Saint-Pierre, Micah de Lizaraga s\u2019est d\u00e9cid\u00e9 : il veut devenir documentariste animalier. Pour cela, il pense aller \u00e9tudier au Canada puis dans l\u2019Hexagone, \u00e0 l\u2019Institut francophone de formation au cin\u00e9ma animalier (IFFCAM).<\/p>\n<p>L\u2019exposition est visible du mardi au vendredi de 15h30 \u00e0 18 heures et le samedi de 14 heures \u00e0 18 heures, \u00e0 la Micro-Folie, 16 rue Georges Daguerre, \u00e0 Saint-Pierre. Entr\u00e9e gratuite. Pour en voir plus, il y a un site <a href=\"https:\/\/dream-forest.jimdofree.com\/\" target=\"_blank\" data-tooltip-url=\"https:\/\/dream-forest.jimdofree.com\/\" rel=\"noopener nofollow\">Dream Forest<\/a>, une page <a href=\"https:\/\/www.facebook.com\/profile.php?id=100085193404014#\" target=\"_blank\" data-tooltip-url=\"https:\/\/www.facebook.com\/profile.php?id=100085193404014#\" rel=\"noopener nofollow\">Facebook<\/a>, une page <a href=\"https:\/\/www.instagram.com\/micahdelizaraga\/\" target=\"_blank\" data-tooltip-url=\"https:\/\/www.instagram.com\/micahdelizaraga\/\" rel=\"noopener nofollow\">Instagram<\/a>, un compte Tik Tok et <a href=\"https:\/\/www.youtube.com\/channel\/UCrjUts90xz8rLoVUmtA07Gg\" target=\"_blank\" data-tooltip-url=\"https:\/\/www.youtube.com\/channel\/UCrjUts90xz8rLoVUmtA07Gg\" rel=\"noopener nofollow\">un compte YouTube<\/a> Dream Forest. <\/p>\n<p>\t\t\t\t\t\t\t<script async src=\"\/\/www.instagram.com\/embed.js\"><\/script><\/p>\n","protected":false},"excerpt":{"rendered":"Kakawi, li\u00e8vre arctique, renardeaux, chevreuils, faucons&#8230; Micah de Lizaraga, 17 ans, Miquelonnais, passe son temps libre dans la&hellip;\n","protected":false},"author":2,"featured_media":378132,"comment_status":"","ping_status":"","sticky":false,"template":"","format":"standard","meta":{"footnotes":""},"categories":[1358],"tags":[1348,1384,1385,1386,58,59,1011,27],"class_list":{"0":"post-378131","1":"post","2":"type-post","3":"status-publish","4":"format-standard","5":"has-post-thumbnail","7":"category-arts-et-design","8":"tag-arts","9":"tag-arts-and-design","10":"tag-arts-et-design","11":"tag-design","12":"tag-divertissement","13":"tag-entertainment","14":"tag-fr","15":"tag-france"},"share_on_mastodon":{"url":"https:\/\/pubeurope.com\/@fr\/115175266938713641","error":""},"_links":{"self":[{"href":"https:\/\/www.europesays.com\/fr\/wp-json\/wp\/v2\/posts\/378131","targetHints":{"allow":["GET"]}}],"collection":[{"href":"https:\/\/www.europesays.com\/fr\/wp-json\/wp\/v2\/posts"}],"about":[{"href":"https:\/\/www.europesays.com\/fr\/wp-json\/wp\/v2\/types\/post"}],"author":[{"embeddable":true,"href":"https:\/\/www.europesays.com\/fr\/wp-json\/wp\/v2\/users\/2"}],"replies":[{"embeddable":true,"href":"https:\/\/www.europesays.com\/fr\/wp-json\/wp\/v2\/comments?post=378131"}],"version-history":[{"count":0,"href":"https:\/\/www.europesays.com\/fr\/wp-json\/wp\/v2\/posts\/378131\/revisions"}],"wp:featuredmedia":[{"embeddable":true,"href":"https:\/\/www.europesays.com\/fr\/wp-json\/wp\/v2\/media\/378132"}],"wp:attachment":[{"href":"https:\/\/www.europesays.com\/fr\/wp-json\/wp\/v2\/media?parent=378131"}],"wp:term":[{"taxonomy":"category","embeddable":true,"href":"https:\/\/www.europesays.com\/fr\/wp-json\/wp\/v2\/categories?post=378131"},{"taxonomy":"post_tag","embeddable":true,"href":"https:\/\/www.europesays.com\/fr\/wp-json\/wp\/v2\/tags?post=378131"}],"curies":[{"name":"wp","href":"https:\/\/api.w.org\/{rel}","templated":true}]}}