{"id":378133,"date":"2025-09-09T16:24:23","date_gmt":"2025-09-09T16:24:23","guid":{"rendered":"https:\/\/www.europesays.com\/fr\/378133\/"},"modified":"2025-09-09T16:24:23","modified_gmt":"2025-09-09T16:24:23","slug":"baisse-du-budget-du-salon-du-livre-du-mans-stephane-le-foll-defend-une-gestion-rigoureuse","status":"publish","type":"post","link":"https:\/\/www.europesays.com\/fr\/378133\/","title":{"rendered":"Baisse du budget du salon du livre du Mans\u00a0: St\u00e9phane Le Foll d\u00e9fend une \u00ab\u00a0gestion rigoureuse\u00a0\u00bb"},"content":{"rendered":"<p>Alors que le festival Faites lire d\u00e9bute dans 20 jours au Mans, St\u00e9phane Le Foll confirme que son budget est en baisse de 200.000 euros par rapport \u00e0 l&rsquo;ann\u00e9e derni\u00e8re. Il y aura moins d&rsquo;auteurs, mais tous seront pay\u00e9s comme les ann\u00e9es pr\u00e9c\u00e9dentes.<\/p>\n<p>Le budget de Faites lire subit une baisse de 200.000 euros pour son \u00e9dition 2025, rapportent les organisateurs mardi 9 septembre, \u00e0 quelques semaines du d\u00e9but du festival du livre. Il se tiendra\u00a0<a target=\"_blank\" rel=\"nofollow noopener noreferrer\" class=\"IciLink ici-link IciArticleLink g-ici-body-regular-1 underline brand svelte-lu7k6w\" href=\"https:\/\/www.faiteslire.fr\/\">du 29 septembre au 5 octobre<\/a>, avec comme point d&rsquo;orgueil le salon du livre le week-end des 4 et 5 octobre. \u00ab\u00a0J&rsquo;avais donn\u00e9 comme consigne effectivement d&rsquo;\u00eatre extr\u00eamement s\u00e9rieux sur le budget, de plafonner ce budget\u00a0\u00bb, explique St\u00e9phane Le Foll lors de la conf\u00e9rence de presse de pr\u00e9sentation ce mardi. Le maire du Mans d\u00e9fend une\u00a0\u00ab\u00a0gestion rigoureuse\u00a0\u00bb, notamment gr\u00e2ce \u00e0 la \u00ab\u00a0rationalisation de l&rsquo;optimisation de tous les lieux\u00a0\u00bb. Par exemple, r\u00e9duire la taille des barnums ou rassembler la litt\u00e9rature jeunesse et la BD au m\u00eame endroit.<\/p>\n<p>Le maire socialiste balaie d&rsquo;un revers de la main les critiques sur une potentielle d\u00e9gradation du niveau du salon. \u00ab\u00a0Si vous ne g\u00e9rez pas, vous \u00eates critiqu\u00e9 parce que vous ne g\u00e9rez pas et si vous g\u00e9rez, on vous dit &lsquo;ah bah \u00e7a veut dire que vous \u00eates en train de baisser le niveau du salon&rsquo;. C&rsquo;est ridicule\u00a0\u00bb, ass\u00e8ne St\u00e9phane Le Foll, qui pr\u00e9cise que c&rsquo;est\u00a0\u00ab\u00a0l&rsquo;\u00e9v\u00e9nement qui co\u00fbte le plus cher\u00a0\u00bb. M\u00eame si le budget passe de 1,4 million d&rsquo;euros l&rsquo;an dernier \u00e0 1,2 million d&rsquo;euros cette ann\u00e9e, le festival\u00a0\u00ab\u00a0continue de se d\u00e9velopper, de grandir\u00a0\u00bb, assure l&rsquo;\u00e9dile. \u00ab\u00a0Il est gratuit et il permet un contact r\u00e9el entre des auteurs et leurs lecteurs\u00a0\u00bb, ajoute-t-il.<\/p>\n<p>20 auteurs en moins cette ann\u00e9e<\/p>\n<p>Ces rencontres ne seront pas perturb\u00e9es par la diminution du budget. En revanche, le nombre d&rsquo;\u00e9crivains pr\u00e9sents \u00e0 l&rsquo;\u00e9v\u00e9nement est en baisse. \u00ab\u00a0Il y aura \u00e0 peu pr\u00e8s 20 auteurs de moins par rapport \u00e0 l&rsquo;ann\u00e9e derni\u00e8re\u00a0\u00bb, affirme Sylvie Rostain, directrice artistique de Faites lire. Ils seront 170 contre 190 l&rsquo;an pass\u00e9. Tous sont pay\u00e9s pour leur participation, environ 300 euros par jour.<\/p>\n<p>\u00c0 lire aussi   <img decoding=\"async\" src=\"https:\/\/www.europesays.com\/fr\/wp-content\/uploads\/2025\/09\/1757435063_796_560x315\" alt=\"M\u00e9lissa Da Costa, en d\u00e9dicaces au Mans\" style=\"--_image-preview:url('data:image\/jpeg;base64,\/9j\/2wBDACgcHiMeGSgjISMtKygwPGRBPDc3PHtYXUlkkYCZlo+AjIqgtObDoKrarYqMyP\/L2u71\/\/\/\/m8H\/\/\/\/6\/+b9\/\/j\/2wBDASstLTw1PHZBQXb4pYyl+Pj4+Pj4+Pj4+Pj4+Pj4+Pj4+Pj4+Pj4+Pj4+Pj4+Pj4+Pj4+Pj4+Pj4+Pj4+Pj4+Pj\/wAARCAAXACoDASIAAhEBAxEB\/8QAGAABAQEBAQAAAAAAAAAAAAAAAAIBAwT\/xAAYEAEBAQEBAAAAAAAAAAAAAAAAARECEv\/EABUBAQEAAAAAAAAAAAAAAAAAAAAB\/8QAFBEBAAAAAAAAAAAAAAAAAAAAAP\/aAAwDAQACEQMRAD8A30XpynTdQXpqNbKK6Sq1EUDyxYKg2AC+VgD\/2Q==');\" loading=\"lazy\" fetchpriority=\"low\" aria-hidden=\"true\" class=\"svelte-1pnmlwx rounded\" onload=\"this.__e=event\" onerror=\"this.__e=event\"\/><\/p>\n<p>Un bonus financier qui attire notamment ceux qui \u00e9crivent pour les enfants et les adolescents. \u00ab\u00a0Les auteurs et les illustrateurs jeunesse gagnent moins d&rsquo;argent que les auteurs adulte\u00a0\u00bb, explique\u00a0M\u00e9lanie Blossier qui travaille au rayon jeunesse de la librairie Gibert-Doucet, au Mans. \u00ab\u00a0C&rsquo;est pour \u00e7a qu&rsquo;il y en a beaucoup qui font partie maintenant de la charte des auteurs jeunesse qui leur permet de signer des contrats et en fait la d\u00e9dicace est un vrai temps de travail\u00a0\u00bb, poursuit la libraire. Parmi les auteurs pr\u00e9sents \u00e0 Faites lire, neuf sont sur les premi\u00e8res listes des prix Goncourt ou Renaudot, dont Natacha Appanan nomm\u00e9e pour les deux pour son dernier livre Nuit au c\u0153ur\u00a0(Gallimard). Les organisateurs esp\u00e8rent d\u00e9passer les 50.000 visiteurs lors de cette \u00e9dition.<\/p>\n","protected":false},"excerpt":{"rendered":"Alors que le festival Faites lire d\u00e9bute dans 20 jours au Mans, St\u00e9phane Le Foll confirme que son&hellip;\n","protected":false},"author":2,"featured_media":378134,"comment_status":"","ping_status":"","sticky":false,"template":"","format":"standard","meta":{"footnotes":""},"categories":[1357],"tags":[1379,58,59,1011,27,1380],"class_list":{"0":"post-378133","1":"post","2":"type-post","3":"status-publish","4":"format-standard","5":"has-post-thumbnail","7":"category-livres","8":"tag-books","9":"tag-divertissement","10":"tag-entertainment","11":"tag-fr","12":"tag-france","13":"tag-livres"},"share_on_mastodon":{"url":"https:\/\/pubeurope.com\/@fr\/115175271281179347","error":""},"_links":{"self":[{"href":"https:\/\/www.europesays.com\/fr\/wp-json\/wp\/v2\/posts\/378133","targetHints":{"allow":["GET"]}}],"collection":[{"href":"https:\/\/www.europesays.com\/fr\/wp-json\/wp\/v2\/posts"}],"about":[{"href":"https:\/\/www.europesays.com\/fr\/wp-json\/wp\/v2\/types\/post"}],"author":[{"embeddable":true,"href":"https:\/\/www.europesays.com\/fr\/wp-json\/wp\/v2\/users\/2"}],"replies":[{"embeddable":true,"href":"https:\/\/www.europesays.com\/fr\/wp-json\/wp\/v2\/comments?post=378133"}],"version-history":[{"count":0,"href":"https:\/\/www.europesays.com\/fr\/wp-json\/wp\/v2\/posts\/378133\/revisions"}],"wp:featuredmedia":[{"embeddable":true,"href":"https:\/\/www.europesays.com\/fr\/wp-json\/wp\/v2\/media\/378134"}],"wp:attachment":[{"href":"https:\/\/www.europesays.com\/fr\/wp-json\/wp\/v2\/media?parent=378133"}],"wp:term":[{"taxonomy":"category","embeddable":true,"href":"https:\/\/www.europesays.com\/fr\/wp-json\/wp\/v2\/categories?post=378133"},{"taxonomy":"post_tag","embeddable":true,"href":"https:\/\/www.europesays.com\/fr\/wp-json\/wp\/v2\/tags?post=378133"}],"curies":[{"name":"wp","href":"https:\/\/api.w.org\/{rel}","templated":true}]}}