{"id":378135,"date":"2025-09-09T16:25:12","date_gmt":"2025-09-09T16:25:12","guid":{"rendered":"https:\/\/www.europesays.com\/fr\/378135\/"},"modified":"2025-09-09T16:25:12","modified_gmt":"2025-09-09T16:25:12","slug":"ton-etoile-brille-pour-toujours-mon-ami-denis-brogniart-marque-par-le-depart-dun-aventurier-de-koh-lanta-a-30-ans","status":"publish","type":"post","link":"https:\/\/www.europesays.com\/fr\/378135\/","title":{"rendered":"\u00ab\u00a0Ton \u00e9toile brille pour toujours mon ami\u00a0\u00bb : Denis Brogniart marqu\u00e9 par le d\u00e9part d&rsquo;un aventurier de Koh-Lanta \u00e0 30 ans"},"content":{"rendered":"<p>            <img loading=\"lazy\" decoding=\"async\" src=\"https:\/\/www.europesays.com\/fr\/wp-content\/uploads\/2025\/04\/67-60dc2d2db82b7-35x35-1.jpg\" class=\"author-article-picture\" width=\"35\" height=\"35\"\/><\/p>\n<p>                Par<br \/>\n                                    <a class=\"author-article-bio-link\" href=\"https:\/\/www.purepeople.com\/auteur\/hiba-semali_a67\" rel=\"nofollow noopener\" target=\"_blank\">Hiba Semali<\/a><br \/>\n                                                    | R\u00e9dactrice<\/p>\n<p>\n                Rattach\u00e9e \u00e0 la rubrique t\u00e9l\u00e9, Hiba Semali se consacre au petit \u00e9cran. The Voice, Koh-Lanta, Top Chef, Secret Story, Star Academy ou encore Les Marseillais n&rsquo;ont aucun secret pour elle.\n            <\/p>\n<p>\n    Il a marqu\u00e9 les fid\u00e8les t\u00e9l\u00e9spectateurs de \u00ab\u00a0Koh-Lanta\u00a0\u00bb. Mais l&rsquo;histoire s&rsquo;est dramatiquement termin\u00e9e \u00e0 l&rsquo;\u00e2ge de 30 ans pour cet aventurier embl\u00e9matique du jeu de TF1. Denis Brogniart reste touch\u00e9 par cette trag\u00e9die et le fait ainsi savoir sur ses r\u00e9seaux sociaux.\n<\/p>\n<p>                            <img loading=\"lazy\" decoding=\"async\" class=\"player-thumbnail\" src=\"https:\/\/www.europesays.com\/fr\/wp-content\/uploads\/2025\/09\/39e0380596c517bc-580x326-2.jpg\" width=\"580\" height=\"326\"\/><\/p>\n<p>                    \u00ab\u00a0Ton \u00e9toile brille pour toujours mon ami\u00a0\u00bb : Denis Brogniart marqu\u00e9 par le d\u00e9part d&rsquo;un aventurier de Koh-Lanta \u00e0 30 ans<\/p>\n<p>La suite apr\u00e8s la publicit\u00e9<\/p>\n<p>Apr\u00e8s <a href=\"https:\/\/www.purepeople.com\/article\/qui-a-gagne-koh-lanta-2025-la-revanche-des-4-terres-la-victoire-est-dans-les-mains-de_a539697\/1\" rel=\"nofollow noopener\" target=\"_blank\">la victoire de Ga\u00eblle dans Koh-Lanta, La Revanche des 4 Terres<\/a> en juin dernier, la production a fait une grande annonce : l&rsquo;\u00e9mission fait une pause et ne reviendra pas \u00e0 l&rsquo;antenne avant 2026. Une mauvaise nouvelle pour les fid\u00e8les du jeu de survie. Et ce ne fut pas la seule&#8230; D&rsquo;autres annonces, bien plus lourdes, sont tomb\u00e9es. Fin ao\u00fbt, on apprenait ainsi <a href=\"https:\/\/www.purepeople.com\/article\/un-candidat-emblematique-de-koh-lanta-a-perdu-la-vie-son-fils-en-fait-lannonce-il-nous-a-quittes-cette-nuit_a541901\/1\" rel=\"nofollow noopener\" target=\"_blank\">la mort de G\u00e9g\u00e9, candidat embl\u00e9matique de l&rsquo;\u00e9mission<\/a>, \u00e0 l&rsquo;\u00e2ge de 79 ans. Un mois plus t\u00f4t, c&rsquo;est <a href=\"https:\/\/www.purepeople.com\/article\/nouvelle-inattendue-pour-lemission-koh-lanta-des-mots-de-la-production-simposent-cest-avec-tristesse-que-nous_a540948\/1\" rel=\"nofollow noopener\" target=\"_blank\">un autre aventurier de Koh-Lanta qui perdait la vie<\/a> : St\u00e9phane Bertheau, mort \u00e0 48 ans et rendu c\u00e9l\u00e8bre par sa participation \u00e0 la premi\u00e8re saison du jeu. De bien tristes annonces qui r\u00e9sonnent encore aujourd&rsquo;hui en <a href=\"https:\/\/www.purepeople.com\/people\/denis-brogniart_p1113\" rel=\"nofollow noopener\" target=\"_blank\"><strong>Denis Brogniart<\/strong><\/a>&#8230;<\/p>\n<p>Il faut dire que ce mardi 9 septembre 2025 est rude. Il s&rsquo;agit de l&rsquo;anniversaire de <strong>la mort de Bertrand-Kamal<\/strong>, dit Beka, candidat phare de Koh-Lanta, Les 4 Terres. Alors que l&rsquo;\u00e9dition \u00e9tait diffus\u00e9e sur TF1 en 2020, le jeune homme <a href=\"https:\/\/www.purepeople.com\/article\/koh-lanta-2020-les-4-terres-bertrand-kamal-est-mort-a-l-age-de-30-ans_a403055\/1\" rel=\"nofollow noopener\" target=\"_blank\">s&rsquo;est \u00e9teint \u00e0 l&rsquo;\u00e2ge de 30 ans des suites d&rsquo;un cancer du pancr\u00e9as<\/a>. Sur Instagram, Denis Brogniart lui rend hommage, comme chaque ann\u00e9e. L&rsquo;animateur partage ainsi des photos souvenirs de Bertrand-Kamal avec ses parents Samir et Annick. Et en l\u00e9gende, il \u00e9crit quelques lignes pleines d&rsquo;\u00e9motion : \u00ab\u00a0<strong>5 ans d\u00e9j\u00e0 que tu es parti<\/strong> mon BeKa apr\u00e8s un combat h\u00e9ro\u00efque mais tellement d\u00e9s\u00e9quilibr\u00e9. Putain 5 ans, j\u2019ai l\u2019impression que c\u2019\u00e9tait hier tant <strong>tu es dans ma vie au quotidien<\/strong>, tant nous parlons de toi si souvent avec tes parents Annick et Samir et avec tes amis. Ton souvenir est incroyablement vivant, tu es une si belle source d\u2019inspiration. Voil\u00e0 pourquoi tu nous manques tant. Et rassure toi, ta fondation, le fond pour Bertrand Kamal a r\u00e9colt\u00e9 beaucoup d\u2019argent pour faire progresser la recherche sur ce cancer du pancr\u00e9as qui t\u2019a emport\u00e9. <strong>Ton \u00e9toile brille pour toujours mon ami<\/strong>.\u00a0\u00bb<\/p>\n<p>Denis Brogniart : Apr\u00e8s la mort de Bertrand-Kamal (Koh-Lanta), il garde de forts liens avec les parents<\/p>\n<p>Depuis la mort de Bertrand-Kamal il y a maintenant cinq ans, Denis Brogniart s&rsquo;est engag\u00e9 en m\u00e9moire de son ami : avec ALP, soci\u00e9t\u00e9 productrice de Koh-Lanta, il a organis\u00e9 <a href=\"https:\/\/www.purepeople.com\/article\/koh-lanta-polemique-du-faible-don-pour-le-fonds-bertrand-kamal-on-ne-roule-pas-sur-l-or_a415277\/1\" rel=\"nofollow noopener\" target=\"_blank\">une lev\u00e9e de fonds pour la recherche sur le cancer<\/a> du pancr\u00e9as. Des centaines de milliers d&rsquo;euros avaient \u00e9t\u00e9 r\u00e9colt\u00e9s pour le Fonds Pour Bertrand-Kamal. Par ailleurs, il entretient une belle relation avec Samir et Annick, les parents du regrett\u00e9 aventurier. C&rsquo;est ainsi que le couple est invit\u00e9 \u00e0 prendre place parmi le public lors de chaque finale de Koh-Lanta depuis la mort de Bertrand-Kamal. Comme une tradition pour se rem\u00e9morer ensemble la folle aventure de leur fils.<\/p>\n","protected":false},"excerpt":{"rendered":"Par Hiba Semali | R\u00e9dactrice Rattach\u00e9e \u00e0 la rubrique t\u00e9l\u00e9, Hiba Semali se consacre au petit \u00e9cran. The&hellip;\n","protected":false},"author":2,"featured_media":378136,"comment_status":"","ping_status":"","sticky":false,"template":"","format":"standard","meta":{"footnotes":""},"categories":[1356],"tags":[58,59,1011,27,252,1364],"class_list":{"0":"post-378135","1":"post","2":"type-post","3":"status-publish","4":"format-standard","5":"has-post-thumbnail","7":"category-television","8":"tag-divertissement","9":"tag-entertainment","10":"tag-fr","11":"tag-france","12":"tag-television","13":"tag-tv"},"share_on_mastodon":{"url":"https:\/\/pubeurope.com\/@fr\/115175274917729916","error":""},"_links":{"self":[{"href":"https:\/\/www.europesays.com\/fr\/wp-json\/wp\/v2\/posts\/378135","targetHints":{"allow":["GET"]}}],"collection":[{"href":"https:\/\/www.europesays.com\/fr\/wp-json\/wp\/v2\/posts"}],"about":[{"href":"https:\/\/www.europesays.com\/fr\/wp-json\/wp\/v2\/types\/post"}],"author":[{"embeddable":true,"href":"https:\/\/www.europesays.com\/fr\/wp-json\/wp\/v2\/users\/2"}],"replies":[{"embeddable":true,"href":"https:\/\/www.europesays.com\/fr\/wp-json\/wp\/v2\/comments?post=378135"}],"version-history":[{"count":0,"href":"https:\/\/www.europesays.com\/fr\/wp-json\/wp\/v2\/posts\/378135\/revisions"}],"wp:featuredmedia":[{"embeddable":true,"href":"https:\/\/www.europesays.com\/fr\/wp-json\/wp\/v2\/media\/378136"}],"wp:attachment":[{"href":"https:\/\/www.europesays.com\/fr\/wp-json\/wp\/v2\/media?parent=378135"}],"wp:term":[{"taxonomy":"category","embeddable":true,"href":"https:\/\/www.europesays.com\/fr\/wp-json\/wp\/v2\/categories?post=378135"},{"taxonomy":"post_tag","embeddable":true,"href":"https:\/\/www.europesays.com\/fr\/wp-json\/wp\/v2\/tags?post=378135"}],"curies":[{"name":"wp","href":"https:\/\/api.w.org\/{rel}","templated":true}]}}