{"id":378137,"date":"2025-09-09T16:26:13","date_gmt":"2025-09-09T16:26:13","guid":{"rendered":"https:\/\/www.europesays.com\/fr\/378137\/"},"modified":"2025-09-09T16:26:13","modified_gmt":"2025-09-09T16:26:13","slug":"la-chanteuse-sabrina-carpenter-a-la-pop-provocatrice-chevillee-au-corps-rts-ch","status":"publish","type":"post","link":"https:\/\/www.europesays.com\/fr\/378137\/","title":{"rendered":"La chanteuse Sabrina Carpenter a la pop provocatrice chevill\u00e9e au corps &#8211; rts.ch"},"content":{"rendered":"<p>Avec la sortie de son septi\u00e8me album \u00ab\u00a0Man&rsquo;s Best Friend\u00a0\u00bb le 29 ao\u00fbt, Sabrina Carpenter s&rsquo;impose comme une artiste pop \u00e0 part. L&rsquo;ex-\u00e9g\u00e9rie Disney, qui a longtemps \u00e9volu\u00e9 aux c\u00f4t\u00e9s de stars comme Miley Cyrus ou Britney Spears, prend son envol en solo et fait parler d&rsquo;elle pour son image provocatrice.<\/p>\n<p>L&rsquo;\u00e9t\u00e9 dernier, Sabrina Carpenter a connu un succ\u00e8s ph\u00e9nom\u00e9nal avec son single \u00ab\u00a0Espresso\u00a0\u00bb. Cette chanson a \u00e9t\u00e9 la deuxi\u00e8me chanson la plus \u00e9cout\u00e9e de 2024 sur les plateformes, en t\u00eate des classements des \u00c9tats-Unis \u00e0 l&rsquo;Angleterre via l&rsquo;Inde, le Danemark ou la Suisse. Avec plus de 2,5 milliards de streams, ce titre couronn\u00e9 du Grammy Award de la meilleure prestation pop solo a propuls\u00e9 la jeune artiste am\u00e9ricaine sur le devant de la sc\u00e8ne internationale.<\/p>\n<p>Un album entre provocation et f\u00e9minisme<\/p>\n<p>La sortie il y a quelques jours de \u00ab\u00a0Man&rsquo;s Best Friend\u00a0\u00bb a quant \u00e0 elle \u00e9t\u00e9 pr\u00e9c\u00e9d\u00e9e d&rsquo;une pol\u00e9mique li\u00e9e \u00e0 sa pochette. D\u00e9voil\u00e9e il y a trois mois, elle montre Sabrina Carpenter \u00e0 genoux devant un homme qui la tire par les cheveux comme si il la tenait en laisse. Cette image, associ\u00e9e au titre de l&rsquo;album qui fait r\u00e9f\u00e9rence \u00e0 l&rsquo;expression habituellement utilis\u00e9e pour les chiens, a d\u00e9clench\u00e9 une vive pol\u00e9mique dans les milieux f\u00e9ministes. Avant d&rsquo;amener l\u2019artiste \u00e0 proposer une seconde pochette moins controvers\u00e9e sans pour autant retirer la premi\u00e8re.<\/p>\n<p> <strong class=\"inline-title\">&gt;&gt; La pochette controvers\u00e9e de l&rsquo;album \u00ab\u00a0Man&rsquo;s Best Friend\u00a0\u00bb de Sabrina Carpenter\u00a0: <\/strong><img decoding=\"async\" src=\"https:\/\/www.europesays.com\/fr\/wp-content\/uploads\/2025\/09\/fyh6ya-28985722.image\" alt=\"Sabrina Carpenter a \u00e9t\u00e9 largement critiqu\u00e9e pour cette premi\u00e8re version de sa pochette d'album.\" title=\"Sabrina Carpenter a \u00e9t\u00e9 largement critiqu\u00e9e pour cette premi\u00e8re version de sa pochette d'album.\" loading=\"lazy\"\/>  Sabrina Carpenter a \u00e9t\u00e9 largement critiqu\u00e9e pour cette premi\u00e8re version de sa pochette d&rsquo;album. <\/p>\n<p>Cependant, le contenu de l&rsquo;album raconte une tout autre histoire. Les textes, assez originaux et dr\u00f4les, sont aux antipodes de l&rsquo;image v\u00e9hicul\u00e9e par la pochette. Sabrina Carpenter y aborde des th\u00e8mes f\u00e9ministes avec humour et ironie, se moquant all\u00e8grement de l&rsquo;immaturit\u00e9 de ses ex et des hommes en g\u00e9n\u00e9ral.<\/p>\n<p>Une pop dans l&rsquo;air du temps<\/p>\n<p>Musicalement, l&rsquo;album s&rsquo;inscrit dans les tendances actuelles. Produit par Jack Antonoff, connu pour ses collaborations avec Taylor Swift, Lana Del Rey ou Lorde, \u00ab\u00a0Man&rsquo;s Best Friend\u00a0\u00bb oscille entre nostalgie synth\u00e9tique eighties, pop sucr\u00e9e et country remise au go\u00fbt du jour.<\/p>\n<p>Contenu externe<\/p>\n<p> Ce contenu externe ne peut pas \u00eatre affich\u00e9 car il est susceptible de collecter des donn\u00e9es personnelles. Pour voir ce contenu vous devez autoriser la cat\u00e9gorie <strong>R\u00e9seaux sociaux<\/strong>. <\/p>\n<p> Accepter Plus d&rsquo;info <\/p>\n<p>L&rsquo;une des particularit\u00e9s de Sabrina Carpenter r\u00e9side dans sa capacit\u00e9 \u00e0 jouer avec son image. Si il y a une certaine sexualisation, la chanteuse de 26 ans en a fait le choix elle-m\u00eame, contrairement \u00e0 l&rsquo;\u00e9poque o\u00f9 les producteurs (majoritairement masculins) imposaient cette image aux artistes f\u00e9minines. Cette d\u00e9marche s&rsquo;inscrit dans une volont\u00e9 d&rsquo;affirmer son contr\u00f4le sur sa carri\u00e8re.<\/p>\n<p>Un album qui fait parler<\/p>\n<p>Avec \u00ab\u00a0Man&rsquo;s Best Friend\u00a0\u00bb, Sabrina Carpenter ne laisse personne indiff\u00e9rent. L&rsquo;album compte treize titres, dont neuf sont labellis\u00e9s \u00ab\u00a0Explicit Lyrics\u00a0\u00bb, t\u00e9moignant de la crudit\u00e9 et de la franchise des paroles. Des chansons comme \u00ab\u00a0Manchild\u00a0\u00bb se moquent ouvertement de l&rsquo;immaturit\u00e9 masculine, tandis que le single \u00ab\u00a0Tears\u00a0\u00bb promet d\u00e9j\u00e0 d&rsquo;\u00eatre un succ\u00e8s. Elle livre ainsi un album qui fait parler autant pour son contenu musical que pour son image, en jouant habilement sur les codes de l&rsquo;industrie.<\/p>\n<p>Contenu externe<\/p>\n<p> Ce contenu externe ne peut pas \u00eatre affich\u00e9 car il est susceptible de collecter des donn\u00e9es personnelles. Pour voir ce contenu vous devez autoriser la cat\u00e9gorie <strong>R\u00e9seaux sociaux<\/strong>. <\/p>\n<p> Accepter Plus d&rsquo;info <\/p>\n<p>L&rsquo;impact de cet album pourrait bien d\u00e9passer le simple succ\u00e8s commercial. Sabrina Carpenter pourrait en effet \u00eatre en lice pour un Grammy Award dans la nouvelle cat\u00e9gorie de la meilleure pochette d&rsquo;album.<\/p>\n<p class=\"sources\">Sujet radio: Davy Bailly-Basin\u00a0<\/p>\n<p class=\"credit\">Adaptation web: olhor<\/p>\n<p class=\"article-footnote\">Sabrina Carpenter, \u00ab\u00a0Man&rsquo;s Best Friend\u00a0\u00bb (Island Records). Paru le 29 ao\u00fbt 2025.<\/p>\n","protected":false},"excerpt":{"rendered":"Avec la sortie de son septi\u00e8me album \u00ab\u00a0Man&rsquo;s Best Friend\u00a0\u00bb le 29 ao\u00fbt, Sabrina Carpenter s&rsquo;impose comme une&hellip;\n","protected":false},"author":2,"featured_media":378138,"comment_status":"","ping_status":"","sticky":false,"template":"","format":"standard","meta":{"footnotes":""},"categories":[1355],"tags":[1692,2593,1693,1000,1695,1696,58,59,1011,27,51172,1361,873,1698,31477,6006],"class_list":{"0":"post-378137","1":"post","2":"type-post","3":"status-publish","4":"format-standard","5":"has-post-thumbnail","7":"category-musique","8":"tag-album","9":"tag-artiste","10":"tag-arts-et-divertissement","11":"tag-celebrites","12":"tag-chanson","13":"tag-chanteur","14":"tag-divertissement","15":"tag-entertainment","16":"tag-fr","17":"tag-france","18":"tag-mans-best-friend","19":"tag-music","20":"tag-musique","21":"tag-musiques","22":"tag-sabrina-carpenter","23":"tag-succes"},"share_on_mastodon":{"url":"https:\/\/pubeurope.com\/@fr\/115175278790800691","error":""},"_links":{"self":[{"href":"https:\/\/www.europesays.com\/fr\/wp-json\/wp\/v2\/posts\/378137","targetHints":{"allow":["GET"]}}],"collection":[{"href":"https:\/\/www.europesays.com\/fr\/wp-json\/wp\/v2\/posts"}],"about":[{"href":"https:\/\/www.europesays.com\/fr\/wp-json\/wp\/v2\/types\/post"}],"author":[{"embeddable":true,"href":"https:\/\/www.europesays.com\/fr\/wp-json\/wp\/v2\/users\/2"}],"replies":[{"embeddable":true,"href":"https:\/\/www.europesays.com\/fr\/wp-json\/wp\/v2\/comments?post=378137"}],"version-history":[{"count":0,"href":"https:\/\/www.europesays.com\/fr\/wp-json\/wp\/v2\/posts\/378137\/revisions"}],"wp:featuredmedia":[{"embeddable":true,"href":"https:\/\/www.europesays.com\/fr\/wp-json\/wp\/v2\/media\/378138"}],"wp:attachment":[{"href":"https:\/\/www.europesays.com\/fr\/wp-json\/wp\/v2\/media?parent=378137"}],"wp:term":[{"taxonomy":"category","embeddable":true,"href":"https:\/\/www.europesays.com\/fr\/wp-json\/wp\/v2\/categories?post=378137"},{"taxonomy":"post_tag","embeddable":true,"href":"https:\/\/www.europesays.com\/fr\/wp-json\/wp\/v2\/tags?post=378137"}],"curies":[{"name":"wp","href":"https:\/\/api.w.org\/{rel}","templated":true}]}}