{"id":378143,"date":"2025-09-09T16:29:10","date_gmt":"2025-09-09T16:29:10","guid":{"rendered":"https:\/\/www.europesays.com\/fr\/378143\/"},"modified":"2025-09-09T16:29:10","modified_gmt":"2025-09-09T16:29:10","slug":"de-la-piste-dathletisme-a-laccompagnement-des-joueurs-bob-tahri-est-lhomme-a-tout-faire-devenu-incontournable","status":"publish","type":"post","link":"https:\/\/www.europesays.com\/fr\/378143\/","title":{"rendered":"De la piste d&rsquo;athl\u00e9tisme \u00e0 l&rsquo;accompagnement des joueurs, Bob Tahri est l&rsquo;homme \u00e0 tout faire devenu incontournable"},"content":{"rendered":"\n<p class=\"Paragraph__content\" data-v-e14a34bc=\"\">Sa longue silhouette longiligne (1,91\u00a0m) accompagne d\u00e9sormais chaque recrue de l&rsquo;Olympique de Marseille lorsqu&rsquo;elle pose le pied \u00e0 l&rsquo;a\u00e9roport de Marseille Provence. Elle les suit partout, observe, surveille et dirige un protocole o\u00f9 l&rsquo;incandescence des supporters s&rsquo;exprime dans un cadre d\u00e9sormais bien rod\u00e9.<\/p>\n<p class=\"Paragraph__content\" data-v-e14a34bc=\"\">Dans l&rsquo;ombre, plus personne ne pr\u00eate vraiment attention \u00e0 lui, pas grand-monde ne conna\u00eet son curriculum vitae, ni pourquoi il est l\u00e0. Garde du corps, mod\u00e8le XXS et taux de masse grasse \u00e0 5\u00a0%\u00a0? Attach\u00e9 de presse\u00a0? Agent\u00a0? Triple m\u00e9daill\u00e9 sur les Championnats du monde et d&rsquo;Europe d&rsquo;athl\u00e9tisme, double finaliste aux Jeux Olympiques (2004, 2008), Bouabdellah Tahri, dit Bob, travaille d\u00e9sormais dans le foot, un r\u00eave d&rsquo;enfant.<\/p>\n<p class=\"Paragraph__content\" data-v-e14a34bc=\"\">Responsable de la r\u00e9athl\u00e9tisation puis en charge de la performance de l&rsquo;\u00e9quipe professionnelle \u00e0 l&rsquo;AS Monaco (\u00e9t\u00e9 2018 &#8211; avril 2020), on avait compris le cheminement. Mais l&rsquo;ancien sp\u00e9cialiste du 3\u00a0000\u00a0m steeple (46\u00a0ans) avait ensuite r\u00e9ussi le tour de force d&rsquo;int\u00e9grer la cellule de recrutement du FC Metz (2022-2024), le club de sa ville de naissance.<\/p>\n<p class=\"Paragraph__content\" data-v-e14a34bc=\"\">Depuis d\u00e9cembre dernier, <a href=\"https:\/\/www.lequipe.fr\/Football\/Actualites\/Bob-tahri-rejoint-le-staff-de-l-om\/1524886\" notaddlevel=\"true\" target=\"_blank\" rel=\"nofollow noopener\">il est devenu \u00ab\u00a0player care\u00a0\u00bb \u00e0 l&rsquo;Olympique de Marseille<\/a>, en charge de l&rsquo;accompagnement des joueurs et de leurs familles dans leur quotidien. Nounou \u00e0 temps plein\u00a0? \u00ab\u00a0Il ne faut surtout pas minimiser ce poste-l\u00e0, il est fondamental, recadre un agent implant\u00e9 sur le march\u00e9 international. Les clubs fran\u00e7ais l&rsquo;ont souvent pris par-dessus la jambe. Mais c&rsquo;est un \u00e9l\u00e9ment tr\u00e8s important du processus d&rsquo;int\u00e9gration des joueurs.\u00a0\u00bb<\/p>\n<p class=\"Quote__content\" data-v-6808232a=\"\">\u00ab\u00a0Il a les codes du vestiaire. Il sait quand il faut parler et quand il faut se taire\u00a0\u00bb<\/p>\n<p class=\"Quote__caption\" data-v-6808232a=\"\">Pierre Dr\u00e9ossi, ancien manager g\u00e9n\u00e9ral du FC Metz<\/p>\n<p class=\"Paragraph__content\" data-v-e14a34bc=\"\">\u00ab\u00a0Je ne suis pas surpris, poursuit Pierre Dr\u00e9ossi, l&rsquo;ancien manager g\u00e9n\u00e9ral du FC Metz. Je lui avais d\u00e9j\u00e0 demand\u00e9 de s&rsquo;en occuper un peu chez nous, car c&rsquo;est quelqu&rsquo;un qui a pas mal de r\u00e9seaux, qui est intelligent, et qui passe bien dans le vestiaire.\u00a0\u00bb Ancien joueur au niveau r\u00e9gional \u00e0 l&rsquo;adolescence, Tahri a toujours envisag\u00e9 son apr\u00e8s-carri\u00e8re dans le monde du foot. \u00ab\u00a0Quand il est arriv\u00e9 chez nous comme consultant \u00e0 L&rsquo;\u00c9quipe du soir (en 2017), c&rsquo;\u00e9tait d\u00e9j\u00e0 un moyen pour lui de montrer qu&rsquo;il pouvait parler d&rsquo;autre chose que d&rsquo;athl\u00e9tisme, raconte Marc Las, directeur de la r\u00e9daction de la cha\u00eene L&rsquo;\u00c9quipe. Son envie de percer dans le foot \u00e9tait tr\u00e8s forte\u00a0\u00bb.<\/p>\n<p class=\"Paragraph__content\" data-v-e14a34bc=\"\">\u00ab\u00a0Il r\u00eavait d&rsquo;\u00eatre manager g\u00e9n\u00e9ral d&rsquo;un club un jour\u00a0\u00bb, ench\u00e9rit Olivier M\u00e9nard, le pr\u00e9sentateur de l&rsquo;\u00e9mission. \u00ab\u00a0Il est venu pour la pige minimale, poursuit Las. Ce n&rsquo;\u00e9tait pas son enjeu. Au d\u00e9but, il avait des prises de position assez fortes, il nous a vite bluff\u00e9s, et c&rsquo;est aussi pour cela que l&rsquo;on a arr\u00eat\u00e9 \u00e0 la fin car au fil du temps, quand il a eu l&rsquo;opportunit\u00e9 de s&rsquo;impliquer dans le milieu, il est devenu moins percutant. Mais avec lui, tout a toujours \u00e9t\u00e9 simple.\u00a0\u00bb Une fois sa carri\u00e8re termin\u00e9e, en 2017, il est arriv\u00e9 dans le monde du foot en douceur, en s&rsquo;occupant dans un premier temps de la pr\u00e9paration individuelle de certains joueurs, comme Nicolas P\u00e9p\u00e9, en parall\u00e8le \u00e0 des \u00e9tudes universitaires (1).<\/p>\n<p class=\"Paragraph__content\" data-v-e14a34bc=\"\">Il a ensuite \u00e9t\u00e9 recrut\u00e9 par l&rsquo;AS Monaco gr\u00e2ce \u00e0 son r\u00e9seau lorrain (2). Gentil avec tout le monde, parce qu&rsquo;on ne sait jamais, mais aussi parce que se rendre utile est un trait de caract\u00e8re profond\u00e9ment marqu\u00e9 chez lui, Bob Tahri r\u00eave en grand. \u00ab\u00a0Il a envie de r\u00e9ussir et il a envie d&rsquo;aider\u00a0\u00bb, souligne Dr\u00e9ossi.\u00a0\u00c0 la cha\u00eene L&rsquo;\u00c9quipe comme au FC Metz, c&rsquo;est lui qui a propos\u00e9 ses services, quand beaucoup d&rsquo;autres attendent les sollicitations, par ego ou par principe. \u00ab\u00a0Il \u00e9tait adjoint municipal \u00e0 Metz, explique Bernard Serin, le pr\u00e9sident du club lorrain. Son avenir professionnel ne pouvait s&rsquo;inscrire que localement donc il est venu nous voir pour proposer ses services. On a dit oui.\u00a0\u00bb<\/p>\n<p class=\"Paragraph__content\" data-v-e14a34bc=\"\">\u00ab\u00a0Il est proactif, effectivement, dit Dr\u00e9ossi. Mais il est aussi proactif quand tu lui demandes quelque chose. Il ma\u00eetrise les outils informatiques, il cherche, il trouve, c&rsquo;est une aide importante pour un directeur sportif.\u00a0\u00bb De l\u00e0 \u00e0 afficher des comp\u00e9tences dans le recrutement\u00a0? \u00ab\u00a0Ce n&rsquo;est pas lui qui d\u00e9cidait, nuance Laszlo B\u00f6l\u00f6ni, l&rsquo;ancien entra\u00eeneur du club, mais il apportait des informations tr\u00e8s utiles.\u00a0\u00bb<\/p>\n<p class=\"Paragraph__content\" data-v-e14a34bc=\"\">In\u00e9vitablement, Bob Tahri a pu p\u00e2tir d&rsquo;un manque de l\u00e9gitimit\u00e9 aux yeux de certains. \u00ab\u00a0Sans doute que cela n&rsquo;a pas jou\u00e9 en sa faveur. Mais il avait d&rsquo;autres atouts, et j&rsquo;ai ador\u00e9 travailler avec lui, dit encore B\u00f6l\u00f6ni. Quand on arrivait au bout d&rsquo;un cycle de matches, je lui donnais la parole dans le vestiaire pour qu&rsquo;il transmette aux joueurs son exp\u00e9rience d&rsquo;athl\u00e8te, comment acc\u00e9l\u00e9rer dans la derni\u00e8re ligne droite, comment r\u00e9sister quand cela devient plus dur\u00a0\u00bb. \u00ab\u00a0Parfois, quand il y avait une discussion un peu technique et sensible, certaines personnes avaient tendance \u00e0 le remettre \u00e0 sa place mais en g\u00e9n\u00e9ral, cela se passait bien\u00a0\u00bb, raconte encore Andr\u00e9 Amitrano, l&rsquo;ancien entra\u00eeneur des gardiens \u00e0 l&rsquo;AS Monaco. \u00ab\u00a0Il a les codes du vestiaire, et \u00e7a, c&rsquo;est primordial. Il sait o\u00f9 il faut se mettre, quand il faut parler et quand il faut se taire\u00a0\u00bb, dit Dr\u00e9ossi.<\/p>\n<p class=\"Quote__content\" data-v-6808232a=\"\">\u00ab\u00a0Il ne faut pas avoir une trop grande bouche. Lui, il voulait bouffer tout le monde\u00a0\u00bb<\/p>\n<p class=\"Paragraph__content\" data-v-e14a34bc=\"\">Les compliments abondent. Mais \u00e0 Monaco ou \u00e0 Metz, il a aussi \u00e9t\u00e9 confront\u00e9 \u00e0 ses d\u00e9tracteurs, qui lui reprochent parfois un go\u00fbt ac\u00e9r\u00e9 pour la lumi\u00e8re. \u00ab\u00a0Il conduit une barque et lui seul sait o\u00f9 il veut la mener, persifle un membre du club mon\u00e9gasque. Chez nous, il voulait tout faire\u00a0: physique, mental, nutrition. Quand ton activit\u00e9 n&rsquo;est pas tr\u00e8s claire, ce n&rsquo;est jamais tr\u00e8s bon.\u00a0\u00c0 la fin, certains joueurs lui reprochaient de pratiquer un double jeu. Il jouait la proximit\u00e9 avec eux mais il cherchait aussi la proximit\u00e9 avec les puissants. Les joueurs sentent ces choses-l\u00e0, ils ont commenc\u00e9 \u00e0 se m\u00e9fier de lui, certains d&rsquo;entre eux l&rsquo;ont fait savoir et il s&rsquo;est fait d\u00e9barquer du jour au lendemain. Il n&rsquo;a pas compris. Mais le foot marche comme \u00e7a. Il ne faut pas avoir une trop grande bouche. Lui, il voulait bouffer tout le monde.\u00a0\u00bb<\/p>\n<p class=\"Paragraph__content\" data-v-e14a34bc=\"\">D&rsquo;autres ont ressenti une ambition, certes, mais aucun vice. \u00ab\u00a0J&rsquo;ai entendu des allusions, quelques critiques. Mais moi (Laszlo B\u00f6l\u00f6ni), il ne m&rsquo;a jamais d\u00e9rang\u00e9. Au contraire.\u00a0\u00bb\u00a0\u00ab\u00a0Ce sont des gar\u00e7ons qui ont toujours \u00e9t\u00e9 mis en vedette, c&rsquo;est difficile de se retrouver au second plan, poursuit Andr\u00e9 Amitrano. Mais avec moi, il a toujours \u00e9t\u00e9 adorable.\u00a0\u00bb\u00a0\u00ab\u00a0De temps en temps, il cherche \u00e0 en faire un peu trop, ajoute encore Pierre Dr\u00e9ossi. Mais quand tu n&rsquo;as pas la direction, il faut savoir rester \u00e0 sa place. Apr\u00e8s, aimer la lumi\u00e8re, \u00e7a veut dire quoi\u00a0? Tout le monde aime la lumi\u00e8re. Il a envie que son travail soit reconnu, \u00e7a oui, mais c&rsquo;est humain et ce n&rsquo;est pas le seul, non\u00a0? Sauf que lui, il bosse. D&rsquo;ailleurs, j&rsquo;ai d\u00fb mal \u00e0 croire qu&rsquo;\u00e0 l&rsquo;OM, il n&rsquo;en fasse pas un peu plus que ce que vous dites. C&rsquo;est dans son caract\u00e8re.\u00a0\u00bb<\/p>\n<p>                       Le 1er\u00a0juillet, il a \u00e9t\u00e9 nomm\u00e9 coordinateur sportif <\/p>\n<p class=\"Paragraph__content\" data-v-e14a34bc=\"\">Dr\u00e9ossi a du flair ou des infos, car depuis le 1er\u00a0juillet, Bob Tahri &#8211; qui n&rsquo;a pas re\u00e7u l&rsquo;autorisation de s&rsquo;exprimer dans cet article &#8211; a \u00e9t\u00e9 nomm\u00e9 coordinateur sportif de l&rsquo;Olympique de Marseille, \u00ab\u00a0\u00e0 la demande de Medhi\u00a0\u00bb. Medhi Benatia, le vrai patron, qui avait d\u00e9j\u00e0 recrut\u00e9 l&rsquo;ancien athl\u00e8te en d\u00e9cembre apr\u00e8s avoir \u00e9chang\u00e9 avec lui \u00ab\u00a0alors qu&rsquo;ils ne se connaissaient pas\u00a0\u00bb, insiste-t-on dans l&rsquo;environnement marseillais, en r\u00e9ponse aux critiques sur la privatisation suppos\u00e9e du club par Benatia.<\/p>\n<p class=\"Paragraph__content\" data-v-e14a34bc=\"\">C&rsquo;est en effet <a href=\"https:\/\/www.lequipe.fr\/Football\/Actualites\/Aziz-mady-mogne-va-etre-nomme-coordinateur-sportif-de-l-om\/1479202\" notaddlevel=\"true\" target=\"_blank\" rel=\"nofollow noopener\">Aziz Mady Bogne<\/a>, l&rsquo;adjoint de Benatia, qui a souffl\u00e9 le nom de Tahri \u00e0 son boss. Dans les faits, l&rsquo;ancien athl\u00e8te, dont les nouvelles attributions n&rsquo;ont pas fait l&rsquo;objet de communication officielle, s&rsquo;occupe de tout l&rsquo;aspect organisationnel autour de l&rsquo;\u00e9quipe professionnelle\u00a0: logistique, s\u00e9curit\u00e9 rapproch\u00e9e des joueurs et du staff, s\u00e9curisation des joueurs et de leurs familles. Le p\u00e9rim\u00e8tre est large, et le tour de man\u00e8ge n&rsquo;est pas termin\u00e9\u00a0: Bob Tahri a aussi en charge la restructuration de la nutrition des joueurs, et coordonne le d\u00e9partement m\u00e9dical et performance du secteur professionnel. Les journ\u00e9es durent vingt-quatre heures. Mais comme il arrive au centre d&rsquo;entra\u00eenement \u00ab\u00a0\u00e0 7\u00a0heures du matin et en repart \u00e0 22\u00a0heures\u00a0\u00bb, dit-on \u00e0 l&rsquo;OM &#8211; ce qui, dans son cas, est peut-\u00eatre possible -, Marseille est servi.<\/p>\n","protected":false},"excerpt":{"rendered":"Sa longue silhouette longiligne (1,91\u00a0m) accompagne d\u00e9sormais chaque recrue de l&rsquo;Olympique de Marseille lorsqu&rsquo;elle pose le pied \u00e0&hellip;\n","protected":false},"author":2,"featured_media":378144,"comment_status":"","ping_status":"","sticky":false,"template":"","format":"standard","meta":{"footnotes":""},"categories":[9],"tags":[1011,27,60],"class_list":{"0":"post-378143","1":"post","2":"type-post","3":"status-publish","4":"format-standard","5":"has-post-thumbnail","7":"category-sports","8":"tag-fr","9":"tag-france","10":"tag-sports"},"share_on_mastodon":{"url":"https:\/\/pubeurope.com\/@fr\/115175290632459070","error":""},"_links":{"self":[{"href":"https:\/\/www.europesays.com\/fr\/wp-json\/wp\/v2\/posts\/378143","targetHints":{"allow":["GET"]}}],"collection":[{"href":"https:\/\/www.europesays.com\/fr\/wp-json\/wp\/v2\/posts"}],"about":[{"href":"https:\/\/www.europesays.com\/fr\/wp-json\/wp\/v2\/types\/post"}],"author":[{"embeddable":true,"href":"https:\/\/www.europesays.com\/fr\/wp-json\/wp\/v2\/users\/2"}],"replies":[{"embeddable":true,"href":"https:\/\/www.europesays.com\/fr\/wp-json\/wp\/v2\/comments?post=378143"}],"version-history":[{"count":0,"href":"https:\/\/www.europesays.com\/fr\/wp-json\/wp\/v2\/posts\/378143\/revisions"}],"wp:featuredmedia":[{"embeddable":true,"href":"https:\/\/www.europesays.com\/fr\/wp-json\/wp\/v2\/media\/378144"}],"wp:attachment":[{"href":"https:\/\/www.europesays.com\/fr\/wp-json\/wp\/v2\/media?parent=378143"}],"wp:term":[{"taxonomy":"category","embeddable":true,"href":"https:\/\/www.europesays.com\/fr\/wp-json\/wp\/v2\/categories?post=378143"},{"taxonomy":"post_tag","embeddable":true,"href":"https:\/\/www.europesays.com\/fr\/wp-json\/wp\/v2\/tags?post=378143"}],"curies":[{"name":"wp","href":"https:\/\/api.w.org\/{rel}","templated":true}]}}