{"id":378151,"date":"2025-09-09T16:33:10","date_gmt":"2025-09-09T16:33:10","guid":{"rendered":"https:\/\/www.europesays.com\/fr\/378151\/"},"modified":"2025-09-09T16:33:10","modified_gmt":"2025-09-09T16:33:10","slug":"deux-morts-et-quatre-blesses-dans-une-fusillade","status":"publish","type":"post","link":"https:\/\/www.europesays.com\/fr\/378151\/","title":{"rendered":"deux morts et quatre bless\u00e9s dans une fusillade"},"content":{"rendered":"<p>Plusieurs dizaines de gendarmes \u00e9taient mobilis\u00e9s t\u00f4t mardi matin dans et autour de la maison o\u00f9 les coups de feu ont \u00e9t\u00e9 tir\u00e9s, selon des sources concordantes.<\/p>\n<p class=\"fig-paragraph\">Deux hommes sont morts au cours d&rsquo;une fusillade dans la nuit de lundi \u00e0 mardi dans une maison de vacances au Vauclin, commune du sud-est de la\u00a0<a href=\"https:\/\/www.lefigaro.fr\/tag\/martinique?msockid=32699287063066cb00c584d9078767ed\" target=\"_blank\" rel=\"sponsored noopener\" data-gtm-custom-categorie=\"navigation\" data-gtm-custom-action=\"crossclick\" data-gtm-custom-label=\"Contextuel\" data-gtm-event=\"customEventSPE\">Martinique<\/a>, a-t-on appris aupr\u00e8s de la gendarmerie. Quatre autres personnes, trois hommes et une femme, ont par ailleurs \u00e9t\u00e9 l\u00e9g\u00e8rement bless\u00e9es, selon les pompiers.<\/p>\n<p class=\"fig-paragraph\">Plusieurs dizaines de gendarmes \u00e9taient mobilis\u00e9s t\u00f4t mardi matin dans et autour de la maison o\u00f9 les coups de feu ont \u00e9t\u00e9 tir\u00e9s, selon des sources concordantes.<\/p>\n<p>                                    <a class=\"fig-a11y-skip a11y-hidden\" href=\"#fig-a11y-skip-main-inarticle\"><br \/>\n        Passer la publicit\u00e9<br \/>\n    <\/a><\/p>\n<p class=\"fig-paragraph\">\u00abC&rsquo;est une maison o\u00f9 (des) jeunes \u00e9taient en location saisonni\u00e8re\u00bb, a pr\u00e9cis\u00e9 Jimmy Farreaux, le maire du Vauclin, au micro de la radio locale RCI. \u00abC&rsquo;est un quartier plut\u00f4t calme et dans lequel on n&rsquo;a pas de souci particulier\u00bb habituellement, a-t-il ajout\u00e9.<\/p>\n<p>25 homicides commis depuis le d\u00e9but de l\u2019ann\u00e9e<\/p>\n<p class=\"fig-paragraph\">La section de recherche de Fort-de-France et la brigade de recherche du Marin ont \u00e9t\u00e9 charg\u00e9es de l&rsquo;enqu\u00eate. Ce double homicide porte \u00e0 25 le nombre d&rsquo;homicides commis depuis le d\u00e9but de l&rsquo;ann\u00e9e sur le territoire martiniquais, dont 21 commis par armes \u00e0 feu.<\/p>\n<p class=\"fig-paragraph\">En visite sur l&rsquo;\u00eele fin ao\u00fbt, le ministre de l&rsquo;Int\u00e9rieur\u00a0<a href=\"https:\/\/www.lefigaro.fr\/tag\/retailleau\" target=\"_blank\" rel=\"sponsored noopener\" data-gtm-custom-categorie=\"navigation\" data-gtm-custom-action=\"crossclick\" data-gtm-custom-label=\"Contextuel\" data-gtm-event=\"customEventSPE\">Bruno Retailleau<\/a>\u00a0avait annonc\u00e9 plusieurs mesures pour am\u00e9liorer la s\u00e9curit\u00e9 de l&rsquo;\u00eele, devenue une plaque tournante du narcotrafic entre l&rsquo;Am\u00e9rique du Sud et l&rsquo;Europe. Les autorit\u00e9s s&rsquo;alarment notamment d&rsquo;une circulation massive des armes.<\/p>\n<p class=\"fig-paragraph\">Outre la p\u00e9rennisation d&rsquo;un second escadron de gendarmerie, deux groupes d&rsquo;investigation sp\u00e9cialis\u00e9s dans la lutte contre le trafic d&rsquo;armes doivent notamment \u00eatre d\u00e9ploy\u00e9s sur le territoire.<\/p>\n","protected":false},"excerpt":{"rendered":"Plusieurs dizaines de gendarmes \u00e9taient mobilis\u00e9s t\u00f4t mardi matin dans et autour de la maison o\u00f9 les coups&hellip;\n","protected":false},"author":2,"featured_media":378152,"comment_status":"","ping_status":"","sticky":false,"template":"","format":"standard","meta":{"footnotes":""},"categories":[5],"tags":[11,1011,27,3832,14,20470,12,28],"class_list":{"0":"post-378151","1":"post","2":"type-post","3":"status-publish","4":"format-standard","5":"has-post-thumbnail","7":"category-international","8":"tag-actualites","9":"tag-fr","10":"tag-france","11":"tag-fusillade","12":"tag-international","13":"tag-martinique","14":"tag-news","15":"tag-world"},"share_on_mastodon":{"url":"https:\/\/pubeurope.com\/@fr\/115175306317748300","error":""},"_links":{"self":[{"href":"https:\/\/www.europesays.com\/fr\/wp-json\/wp\/v2\/posts\/378151","targetHints":{"allow":["GET"]}}],"collection":[{"href":"https:\/\/www.europesays.com\/fr\/wp-json\/wp\/v2\/posts"}],"about":[{"href":"https:\/\/www.europesays.com\/fr\/wp-json\/wp\/v2\/types\/post"}],"author":[{"embeddable":true,"href":"https:\/\/www.europesays.com\/fr\/wp-json\/wp\/v2\/users\/2"}],"replies":[{"embeddable":true,"href":"https:\/\/www.europesays.com\/fr\/wp-json\/wp\/v2\/comments?post=378151"}],"version-history":[{"count":0,"href":"https:\/\/www.europesays.com\/fr\/wp-json\/wp\/v2\/posts\/378151\/revisions"}],"wp:featuredmedia":[{"embeddable":true,"href":"https:\/\/www.europesays.com\/fr\/wp-json\/wp\/v2\/media\/378152"}],"wp:attachment":[{"href":"https:\/\/www.europesays.com\/fr\/wp-json\/wp\/v2\/media?parent=378151"}],"wp:term":[{"taxonomy":"category","embeddable":true,"href":"https:\/\/www.europesays.com\/fr\/wp-json\/wp\/v2\/categories?post=378151"},{"taxonomy":"post_tag","embeddable":true,"href":"https:\/\/www.europesays.com\/fr\/wp-json\/wp\/v2\/tags?post=378151"}],"curies":[{"name":"wp","href":"https:\/\/api.w.org\/{rel}","templated":true}]}}