{"id":378156,"date":"2025-09-09T16:36:09","date_gmt":"2025-09-09T16:36:09","guid":{"rendered":"https:\/\/www.europesays.com\/fr\/378156\/"},"modified":"2025-09-09T16:36:09","modified_gmt":"2025-09-09T16:36:09","slug":"saint-etienne-la-patrouille-de-france-annule-sa-representation-dans-la-ville-voici-pourquoi","status":"publish","type":"post","link":"https:\/\/www.europesays.com\/fr\/378156\/","title":{"rendered":"Saint-\u00c9tienne. La Patrouille de France annule sa repr\u00e9sentation dans la ville, voici pourquoi"},"content":{"rendered":"<p>            Par<br \/>\n        <strong><br \/>\n            <a href=\"https:\/\/actu.fr\/auteur\/julien-sournies\" title=\"Consulter tous les articles de Julien Sournies\" rel=\"nofollow noopener\" target=\"_blank\">Julien Sournies<\/a><br \/>\n        <\/strong><\/p>\n<p>        Publi\u00e9 le<\/p>\n<p>            9 sept. 2025 \u00e0 18h12        <\/p>\n<p>Le show a\u00e9rien est finalement <strong>annul\u00e9<\/strong>. Les huits Alphajets de la <a href=\"https:\/\/actu.fr\/auvergne-rhone-alpes\/saint-etienne_42218\/saint-etienne-pourquoi-les-avions-de-la-patrouille-de-france-vont-survoler-la-ville-ce-jeudi_63128585.html\" rel=\"nofollow noopener\" target=\"_blank\">Patrouille de France (PAF)<\/a>, qui devaient survoler le CHU de <a href=\"https:\/\/actu.fr\/saint-etienne\/\" rel=\"nofollow noopener\" target=\"_blank\">Saint-\u00c9tienne<\/a> (<a href=\"https:\/\/actu.fr\/auvergne-rhone-alpes\/loire_42\" rel=\"nofollow noopener\" target=\"_blank\">Loire<\/a>) ce jeudi 11 septembre, devront en effet patienter jusqu\u2019\u00e0 l\u2019ann\u00e9e prochaine.\u00a0<\/p>\n<p class=\" wall-content\">Sur ses r\u00e9seaux sociaux, l\u2019\u00e9tablissement de soin a annonc\u00e9 l\u2019annulation de l\u2019\u00e9v\u00e9nement \u00ab\u00a0en raison d\u2019un \u00e9v\u00e8nement survenu en interne \u00e0 la Patrouille de France\u00a0\u00bb.<\/p>\n<p>Le d\u00e9c\u00e8s d\u2019un m\u00e9canicien<\/p>\n<p class=\" wall-content\">En cause : la PAF vient de <strong>perdre l\u2019un de ses m\u00e9caniciens<\/strong>, lequel sera enterr\u00e9 ce jour-l\u00e0, informent nos confr\u00e8res du <a href=\"https:\/\/www.leprogres.fr\/sante\/2025\/09\/09\/la-patrouille-de-france-ne-survolera-finalement-pas-le-chu\" rel=\"nofollow noopener\" target=\"_blank\">Progr\u00e8s<\/a>.<\/p>\n<p class=\" wall-content\">Malgr\u00e9 cette annulation de derni\u00e8re minute, la Patrouille de France sera bel et bien en d\u00e9monstration lors du Meeting a\u00e9rien international de Roanne, qui a lieu ce dimanche 14 septembre.<\/p>\n<p class=\" wall-content\">Pour rappel, cet \u00e9v\u00e9nement avait \u00e9t\u00e9 organis\u00e9 conjointement par l\u2019association ELLYE et l\u2019h\u00f4pital st\u00e9phanois dans le cadre de \u00ab\u2009Septembre Rouge\u2009\u00bb, mois de sensibilisation aux cancers du sang ou cancers h\u00e9matologiques depuis 2022.<\/p>\n<p class=\" wall-content\">Personnalisez votre actualit\u00e9 en ajoutant vos villes et m\u00e9dias en favori avec <a href=\"https:\/\/moncompte.actu.fr\" title=\"D\u00e9couvez Mon Actu\" rel=\"nofollow noopener\" data-trk=\"{&quot;cta&quot;:{&quot;action&quot;:&quot;https:\\\/\\\/moncompte.actu.fr&quot;,&quot;category&quot;:&quot;mon compte&quot;,&quot;from&quot;:&quot;article footer&quot;,&quot;name&quot;:&quot;Mon actu&quot;,&quot;type&quot;:&quot;cta&quot;}}\" target=\"_blank\">Mon Actu<\/a>.<\/p>\n","protected":false},"excerpt":{"rendered":"Par Julien Sournies Publi\u00e9 le 9 sept. 2025 \u00e0 18h12 Le show a\u00e9rien est finalement annul\u00e9. Les huits&hellip;\n","protected":false},"author":2,"featured_media":376686,"comment_status":"","ping_status":"","sticky":false,"template":"","format":"standard","meta":{"footnotes":""},"categories":[9653],"tags":[1111,11,2430,101,1777,674,1011,27,12,25,4001,71,104],"class_list":{"0":"post-378156","1":"post","2":"type-post","3":"status-publish","4":"format-standard","5":"has-post-thumbnail","7":"category-saint-etienne","8":"tag-actu","9":"tag-actualites","10":"tag-auvergne-rhone-alpes","11":"tag-cancer","12":"tag-eu","13":"tag-europe","14":"tag-fr","15":"tag-france","16":"tag-news","17":"tag-republique-francaise","18":"tag-saint-etienne","19":"tag-sante","20":"tag-societe"},"share_on_mastodon":{"url":"https:\/\/pubeurope.com\/@fr\/115175318118916370","error":""},"_links":{"self":[{"href":"https:\/\/www.europesays.com\/fr\/wp-json\/wp\/v2\/posts\/378156","targetHints":{"allow":["GET"]}}],"collection":[{"href":"https:\/\/www.europesays.com\/fr\/wp-json\/wp\/v2\/posts"}],"about":[{"href":"https:\/\/www.europesays.com\/fr\/wp-json\/wp\/v2\/types\/post"}],"author":[{"embeddable":true,"href":"https:\/\/www.europesays.com\/fr\/wp-json\/wp\/v2\/users\/2"}],"replies":[{"embeddable":true,"href":"https:\/\/www.europesays.com\/fr\/wp-json\/wp\/v2\/comments?post=378156"}],"version-history":[{"count":0,"href":"https:\/\/www.europesays.com\/fr\/wp-json\/wp\/v2\/posts\/378156\/revisions"}],"wp:featuredmedia":[{"embeddable":true,"href":"https:\/\/www.europesays.com\/fr\/wp-json\/wp\/v2\/media\/376686"}],"wp:attachment":[{"href":"https:\/\/www.europesays.com\/fr\/wp-json\/wp\/v2\/media?parent=378156"}],"wp:term":[{"taxonomy":"category","embeddable":true,"href":"https:\/\/www.europesays.com\/fr\/wp-json\/wp\/v2\/categories?post=378156"},{"taxonomy":"post_tag","embeddable":true,"href":"https:\/\/www.europesays.com\/fr\/wp-json\/wp\/v2\/tags?post=378156"}],"curies":[{"name":"wp","href":"https:\/\/api.w.org\/{rel}","templated":true}]}}