{"id":378175,"date":"2025-09-09T16:47:18","date_gmt":"2025-09-09T16:47:18","guid":{"rendered":"https:\/\/www.europesays.com\/fr\/378175\/"},"modified":"2025-09-09T16:47:18","modified_gmt":"2025-09-09T16:47:18","slug":"grenoble-de-la-capitale-des-alpes-a-saint-malo-momie-vend-des-bd-depuis-40-ans","status":"publish","type":"post","link":"https:\/\/www.europesays.com\/fr\/378175\/","title":{"rendered":"Grenoble. De la capitale des Alpes \u00e0 Saint-Malo, Momie vend des BD depuis 40 ans"},"content":{"rendered":"<p>\u00ab\u00a0Une putain d\u2019aventure\u00a0!\u00a0\u00bb C\u2019est ce que retient de ces quatre derni\u00e8res d\u00e9cennies Patrick Corbet, l\u2019un des deux fondateurs des librairies Momie. Dans sa boutique de la rue Lafayette, \u00e0 Grenoble, dont la devanture s\u2019\u00e9tale sur plusieurs dizaines de m\u00e8tres, il se fraie un chemin entre les innombrables \u00e9tag\u00e8res et bacs remplis de milliers de r\u00e9f\u00e9rences de BD. Ici, tout le monde l\u2019appelle Pat\u2019. \u00ab\u00a0C\u2019est un peu notre p\u00e8re \u00e0 tous\u00a0\u00bb, lance une salari\u00e9e. Logique, car Momie, c\u2019est un peu son&#8230;<\/p>\n","protected":false},"excerpt":{"rendered":"\u00ab\u00a0Une putain d\u2019aventure\u00a0!\u00a0\u00bb C\u2019est ce que retient de ces quatre derni\u00e8res d\u00e9cennies Patrick Corbet, l\u2019un des deux fondateurs&hellip;\n","protected":false},"author":2,"featured_media":378176,"comment_status":"","ping_status":"","sticky":false,"template":"","format":"standard","meta":{"footnotes":""},"categories":[9566],"tags":[1111,11,2430,1687,112,1777,674,1011,27,2731,2732,108,2410,12,25],"class_list":{"0":"post-378175","1":"post","2":"type-post","3":"status-publish","4":"format-standard","5":"has-post-thumbnail","7":"category-grenoble","8":"tag-actu","9":"tag-actualites","10":"tag-auvergne-rhone-alpes","11":"tag-culture-loisirs","12":"tag-edition-grenoble-agglomeration","13":"tag-eu","14":"tag-europe","15":"tag-fr","16":"tag-france","17":"tag-grenoble","18":"tag-grenoble-bassin","19":"tag-isere","20":"tag-livres-bd","21":"tag-news","22":"tag-republique-francaise"},"share_on_mastodon":{"url":"https:\/\/pubeurope.com\/@fr\/115175361343015063","error":""},"_links":{"self":[{"href":"https:\/\/www.europesays.com\/fr\/wp-json\/wp\/v2\/posts\/378175","targetHints":{"allow":["GET"]}}],"collection":[{"href":"https:\/\/www.europesays.com\/fr\/wp-json\/wp\/v2\/posts"}],"about":[{"href":"https:\/\/www.europesays.com\/fr\/wp-json\/wp\/v2\/types\/post"}],"author":[{"embeddable":true,"href":"https:\/\/www.europesays.com\/fr\/wp-json\/wp\/v2\/users\/2"}],"replies":[{"embeddable":true,"href":"https:\/\/www.europesays.com\/fr\/wp-json\/wp\/v2\/comments?post=378175"}],"version-history":[{"count":0,"href":"https:\/\/www.europesays.com\/fr\/wp-json\/wp\/v2\/posts\/378175\/revisions"}],"wp:featuredmedia":[{"embeddable":true,"href":"https:\/\/www.europesays.com\/fr\/wp-json\/wp\/v2\/media\/378176"}],"wp:attachment":[{"href":"https:\/\/www.europesays.com\/fr\/wp-json\/wp\/v2\/media?parent=378175"}],"wp:term":[{"taxonomy":"category","embeddable":true,"href":"https:\/\/www.europesays.com\/fr\/wp-json\/wp\/v2\/categories?post=378175"},{"taxonomy":"post_tag","embeddable":true,"href":"https:\/\/www.europesays.com\/fr\/wp-json\/wp\/v2\/tags?post=378175"}],"curies":[{"name":"wp","href":"https:\/\/api.w.org\/{rel}","templated":true}]}}