{"id":378177,"date":"2025-09-09T16:48:12","date_gmt":"2025-09-09T16:48:12","guid":{"rendered":"https:\/\/www.europesays.com\/fr\/378177\/"},"modified":"2025-09-09T16:48:12","modified_gmt":"2025-09-09T16:48:12","slug":"voici-le-dispositif-de-securite-xxl","status":"publish","type":"post","link":"https:\/\/www.europesays.com\/fr\/378177\/","title":{"rendered":"voici le dispositif de s\u00e9curit\u00e9 XXL"},"content":{"rendered":"<p>            Par<br \/>\n        <strong><br \/>\n            <a href=\"https:\/\/actu.fr\/auteur\/lisa-rodrigues\" title=\"Consulter tous les articles de Lisa Rodrigues\" rel=\"nofollow noopener\" target=\"_blank\">Lisa Rodrigues<\/a><br \/>\n        <\/strong><\/p>\n<p>        Publi\u00e9 le<\/p>\n<p>            9 sept. 2025 \u00e0 18h29        <\/p>\n<p>La pr\u00e9paration pour le 10 septembre se fait aussi du c\u00f4t\u00e9 des forces de l\u2019ordre. Alors que plusieurs actions sont annonc\u00e9es par <strong>le mouvement \u00ab\u00a0Bloquons tout\u00a0\u00bb<\/strong> sur <a href=\"https:\/\/actu.fr\/auvergne-rhone-alpes\/grenoble_38185\" rel=\"nofollow noopener\" target=\"_blank\">Grenoble<\/a> et en Is\u00e8re, la pr\u00e9fecture vient d\u2019annoncer la mise en place d\u2019un \u00ab\u00a0dispositif de s\u00e9curit\u00e9 renforc\u00e9\u00a0\u00bb pour la journ\u00e9e de mercredi.<\/p>\n<p class=\" wall-content\">Entre les blocages annonc\u00e9s un peu partout sur <a href=\"https:\/\/actu.fr\/auvergne-rhone-alpes\/grenoble_38185\/blocages-du-10-septembre-a-grenoble-les-galeres-annoncees-sur-les-routes-et-dans-les-transports_63134575.html\" rel=\"nofollow noopener\" target=\"_blank\">les axes routiers<\/a>, les rassemblements et manifestations pr\u00e9vus, une partie des effectifs de gendarmerie et de la police nationale va \u00eatre mobilis\u00e9e sur le territoire.<\/p>\n<p>\u00ab\u00a0Aucune violence tol\u00e9r\u00e9e\u00a0\u00bb<\/p>\n<p class=\" wall-content\">\u00ab\u00a0La libert\u00e9 de manifester est un droit constitutionnel qui doit pouvoir s\u2019exercer en s\u00e9curit\u00e9 dans le respect des lois et r\u00e8glements\u00a0\u00bb, rappelle la pr\u00e9fecture de l\u2019<a href=\"https:\/\/actu.fr\/auvergne-rhone-alpes\/isere_38\" rel=\"nofollow noopener\" target=\"_blank\">Is\u00e8re<\/a> dans un communiqu\u00e9 sur les r\u00e9seaux sociaux.<\/p>\n<p class=\" wall-content\">\n<p class=\" wall-content\">Les services de l\u2019\u00c9tat soulignent \u00e9galement \u00ab\u00a0qu\u2019aucune violence, d\u00e9gradation ou blocage prolong\u00e9 des axes de circulation, installations strat\u00e9giques sensibles, b\u00e2timents publics ou \u00e9tablissements scolaires ne sera tol\u00e9r\u00e9\u00a0\u00bb et en appellent \u00ab\u00a0\u00e0 la responsabilit\u00e9 des organisateurs\u00a0\u00bb.<\/p>\n<p>Deux unit\u00e9s de forces mobiles sur le terrain<\/p>\n<p class=\" wall-content\">Dans le d\u00e9tail, <strong>700 policiers et gendarmes<\/strong>, dont deux unit\u00e9s de forces mobiles, vont \u00eatre mobilis\u00e9s pour la journ\u00e9e du 10 septembre en Is\u00e8re et sur Grenoble pour assurer le maintien de l\u2019ordre.<\/p>\n<p class=\" wall-content\">Un arr\u00eat\u00e9 a par ailleurs \u00e9t\u00e9 pris par la pr\u00e9f\u00e8te de l\u2019Is\u00e8re interdisant pour la journ\u00e9e la d\u00e9tention de fumig\u00e8nes ou p\u00e9tards sur la voie publique, ainsi que le port d\u2019objets et dispositifs visant \u00e0 dissimuler tout ou partie de son visage en manifestation.<\/p>\n<p class=\" wall-content\">Concernant la <strong>manifestation pr\u00e9vue \u00e0 Grenoble<\/strong> en fin de journ\u00e9e, le cort\u00e8ge devrait partir de la place Victor-Hugo, traverser le boulevard Gambetta, les quais de l\u2019Is\u00e8re, passer par la place Notre-Dame et la pr\u00e9fecture, avant de rejoindre le parc Paul-Mistral. Des perturbations ponctuelles des transports en commun pourraient survenir sur le trac\u00e9.<\/p>\n<p class=\" wall-content\">Personnalisez votre actualit\u00e9 en ajoutant vos villes et m\u00e9dias en favori avec <a href=\"https:\/\/moncompte.actu.fr\" title=\"D\u00e9couvez Mon Actu\" rel=\"nofollow noopener\" data-trk=\"{&quot;cta&quot;:{&quot;action&quot;:&quot;https:\\\/\\\/moncompte.actu.fr&quot;,&quot;category&quot;:&quot;mon compte&quot;,&quot;from&quot;:&quot;article footer&quot;,&quot;name&quot;:&quot;Mon actu&quot;,&quot;type&quot;:&quot;cta&quot;}}\" target=\"_blank\">Mon Actu<\/a>.<\/p>\n","protected":false},"excerpt":{"rendered":"Par Lisa Rodrigues Publi\u00e9 le 9 sept. 2025 \u00e0 18h29 La pr\u00e9paration pour le 10 septembre se fait&hellip;\n","protected":false},"author":2,"featured_media":378178,"comment_status":"","ping_status":"","sticky":false,"template":"","format":"standard","meta":{"footnotes":""},"categories":[9566],"tags":[1111,11,2430,1777,674,1011,27,2731,50957,12,1072,25,104],"class_list":{"0":"post-378177","1":"post","2":"type-post","3":"status-publish","4":"format-standard","5":"has-post-thumbnail","7":"category-grenoble","8":"tag-actu","9":"tag-actualites","10":"tag-auvergne-rhone-alpes","11":"tag-eu","12":"tag-europe","13":"tag-fr","14":"tag-france","15":"tag-grenoble","16":"tag-mouvement-du-10-septembre","17":"tag-news","18":"tag-police","19":"tag-republique-francaise","20":"tag-societe"},"share_on_mastodon":{"url":"https:\/\/pubeurope.com\/@fr\/115175365299360064","error":""},"_links":{"self":[{"href":"https:\/\/www.europesays.com\/fr\/wp-json\/wp\/v2\/posts\/378177","targetHints":{"allow":["GET"]}}],"collection":[{"href":"https:\/\/www.europesays.com\/fr\/wp-json\/wp\/v2\/posts"}],"about":[{"href":"https:\/\/www.europesays.com\/fr\/wp-json\/wp\/v2\/types\/post"}],"author":[{"embeddable":true,"href":"https:\/\/www.europesays.com\/fr\/wp-json\/wp\/v2\/users\/2"}],"replies":[{"embeddable":true,"href":"https:\/\/www.europesays.com\/fr\/wp-json\/wp\/v2\/comments?post=378177"}],"version-history":[{"count":0,"href":"https:\/\/www.europesays.com\/fr\/wp-json\/wp\/v2\/posts\/378177\/revisions"}],"wp:featuredmedia":[{"embeddable":true,"href":"https:\/\/www.europesays.com\/fr\/wp-json\/wp\/v2\/media\/378178"}],"wp:attachment":[{"href":"https:\/\/www.europesays.com\/fr\/wp-json\/wp\/v2\/media?parent=378177"}],"wp:term":[{"taxonomy":"category","embeddable":true,"href":"https:\/\/www.europesays.com\/fr\/wp-json\/wp\/v2\/categories?post=378177"},{"taxonomy":"post_tag","embeddable":true,"href":"https:\/\/www.europesays.com\/fr\/wp-json\/wp\/v2\/tags?post=378177"}],"curies":[{"name":"wp","href":"https:\/\/api.w.org\/{rel}","templated":true}]}}