{"id":378179,"date":"2025-09-09T16:49:14","date_gmt":"2025-09-09T16:49:14","guid":{"rendered":"https:\/\/www.europesays.com\/fr\/378179\/"},"modified":"2025-09-09T16:49:14","modified_gmt":"2025-09-09T16:49:14","slug":"rentree-plus-de-3-000-euros-depenses-par-les-etudiants-bretons","status":"publish","type":"post","link":"https:\/\/www.europesays.com\/fr\/378179\/","title":{"rendered":"Rentr\u00e9e : plus de 3 000 euros d\u00e9pens\u00e9s par les \u00e9tudiants bretons"},"content":{"rendered":"<p><img decoding=\"async\" class=\"\" style=\"width:100%\" src=\"https:\/\/www.europesays.com\/fr\/wp-content\/uploads\/2025\/09\/Rentr_e__tudiante_Rennes_Ka_lig_Delaunay_et_Yoann1757407749698.jpeg\" alt=\"Ka\u00eblig et Yoann, \u00e9tudiants \u00e0 Rennes\"\/><\/p>\n<p>Ka\u00eblig et Yoann, \u00e9tudiants \u00e0 Rennes<\/p>\n<p>Cr\u00e9dit : No\u00eblline Garon<\/p>\n<p>Un \u00e9tudiant breton d\u00e9pense en moyenne plus de 3 000 euros pour sa rentr\u00e9e. Cet indicateur \u00e9tablit par la F\u00e9d\u00e9ration des associations de Haute-Bretagne (FAHB) est en hausse constante pour les jeunes d&rsquo;Ille-et-Vilaine et des C\u00f4tes-d&rsquo;Armor. A titre de comparaison, les \u00e9tudiants parisiens doivent d\u00e9bourser en moyenne 3 600 euros et sans surprise, la principale d\u00e9pense, c\u2019est le logement.<\/p>\n<blockquote><p>\n\u00ab\u00a0Il faut une revalorisation ou une refonte du mod\u00e8le\u00a0\u00bb\n<\/p><\/blockquote>\n<p>\u00ab\u00a0Aujourd&rsquo;hui, une bourse du CROUS (*) c&rsquo;est entre 100 et 450 euros alors que le loyer moyen est plut\u00f4t aux alentours de 500 euros, on se pose des questions, explique Ka\u00eblig Delaunay, pr\u00e9sident de la FAHB. La bourse ne permet pas de payer le loyer, sans compter l&rsquo;alimentation et tout ce qu&rsquo;il y a derri\u00e8re&#8230; et puis les bourses ne sont plus adapt\u00e9es. Il faut une revalorisation ou une refonte du mod\u00e8le, on ne peut plus calculer les bourses \u00e9tudiantes sur le niveau de vie de leurs tuteurs l\u00e9gaux, leurs parents&#8230; Certains \u00e9tudiants se retrouvent dans la mis\u00e8re, et puis il y a par ailleurs des disparit\u00e9s g\u00e9ographiques entre Lannion et le 18\u00e8me \u00e0 Paris.\u00a0\u00bb<\/p>\n<p>(*) La bourse du CROUS concerne par ailleurs un tiers des \u00e9tudiants.<\/p>\n<p>Dans ce rapport, la FAHB alerte aussi sur les difficult\u00e9s des \u00e9tudiants \u00e0 se nourrir. La f\u00e9d\u00e9ration qui regroupe les jeunes des C\u00f4tes-d&rsquo;Armor et d&rsquo;Ille-et-Vilaine indique m\u00eame qu&rsquo;un \u00e9tudiant saute en moyenne trois repas par semaine.<\/p>\n<blockquote><p>\nUn \u00e9tudiant saute en moyenne trois repas par semaine\n<\/p><\/blockquote>\n<p>Yoann est \u00e9tudiant \u00e0 Rennes et co-pr\u00e9sident d\u2019Ar\u00e8s, l&rsquo;association des \u00e9tudiants en recherche scientifique, sur le campus de Beaulieu : \u00ab\u00a0nous avons beaucoup de questions li\u00e9es \u00e0 la nourriture et l&rsquo;alimentation ou les \u00e9piceries solidaires et nous sommes l\u00e0 pour informer les \u00e9tudiants&#8230; Tous les midis, on voit une queue \u00e9norme au RU. Certains n&rsquo;ont m\u00eame pas le temps pendant leur pause d&rsquo;aller d\u00e9jeuner, il y a trop d&rsquo;\u00e9tudiants. Habituellement il y a trois restaurants universitaires, mais il y en a un en travaux\u00a0\u00bb.<\/p>\n","protected":false},"excerpt":{"rendered":"Ka\u00eblig et Yoann, \u00e9tudiants \u00e0 Rennes Cr\u00e9dit : No\u00eblline Garon Un \u00e9tudiant breton d\u00e9pense en moyenne plus de&hellip;\n","protected":false},"author":2,"featured_media":378180,"comment_status":"","ping_status":"","sticky":false,"template":"","format":"standard","meta":{"footnotes":""},"categories":[2821],"tags":[1111,11,829,13701,6379,1777,674,1011,27,12,584,25,51173],"class_list":{"0":"post-378179","1":"post","2":"type-post","3":"status-publish","4":"format-standard","5":"has-post-thumbnail","7":"category-rennes","8":"tag-actu","9":"tag-actualites","10":"tag-bretagne","11":"tag-campus","12":"tag-etudiants","13":"tag-eu","14":"tag-europe","15":"tag-fr","16":"tag-france","17":"tag-news","18":"tag-rennes","19":"tag-republique-francaise","20":"tag-ru"},"share_on_mastodon":{"url":"https:\/\/pubeurope.com\/@fr\/115175369266206611","error":""},"_links":{"self":[{"href":"https:\/\/www.europesays.com\/fr\/wp-json\/wp\/v2\/posts\/378179","targetHints":{"allow":["GET"]}}],"collection":[{"href":"https:\/\/www.europesays.com\/fr\/wp-json\/wp\/v2\/posts"}],"about":[{"href":"https:\/\/www.europesays.com\/fr\/wp-json\/wp\/v2\/types\/post"}],"author":[{"embeddable":true,"href":"https:\/\/www.europesays.com\/fr\/wp-json\/wp\/v2\/users\/2"}],"replies":[{"embeddable":true,"href":"https:\/\/www.europesays.com\/fr\/wp-json\/wp\/v2\/comments?post=378179"}],"version-history":[{"count":0,"href":"https:\/\/www.europesays.com\/fr\/wp-json\/wp\/v2\/posts\/378179\/revisions"}],"wp:featuredmedia":[{"embeddable":true,"href":"https:\/\/www.europesays.com\/fr\/wp-json\/wp\/v2\/media\/378180"}],"wp:attachment":[{"href":"https:\/\/www.europesays.com\/fr\/wp-json\/wp\/v2\/media?parent=378179"}],"wp:term":[{"taxonomy":"category","embeddable":true,"href":"https:\/\/www.europesays.com\/fr\/wp-json\/wp\/v2\/categories?post=378179"},{"taxonomy":"post_tag","embeddable":true,"href":"https:\/\/www.europesays.com\/fr\/wp-json\/wp\/v2\/tags?post=378179"}],"curies":[{"name":"wp","href":"https:\/\/api.w.org\/{rel}","templated":true}]}}