{"id":378185,"date":"2025-09-09T16:52:09","date_gmt":"2025-09-09T16:52:09","guid":{"rendered":"https:\/\/www.europesays.com\/fr\/378185\/"},"modified":"2025-09-09T16:52:09","modified_gmt":"2025-09-09T16:52:09","slug":"transports-manifestation-greve-tout-ce-quil-faut-savoir-de-la-journee-du-10-septembre-a-strasbourg","status":"publish","type":"post","link":"https:\/\/www.europesays.com\/fr\/378185\/","title":{"rendered":"Transports, manifestation, gr\u00e8ve&#8230; tout ce qu&rsquo;il faut savoir de la journ\u00e9e du 10 septembre \u00e0 Strasbourg"},"content":{"rendered":"<p>            Par<br \/>\n        <strong><br \/>\n            <a href=\"https:\/\/actu.fr\/auteur\/ivan-capecchi\" title=\"Consulter tous les articles de Ivan CAPECCHI\" target=\"_blank\" rel=\"noopener\">Ivan CAPECCHI<\/a><br \/>\n        <\/strong><\/p>\n<p>        Publi\u00e9 le<\/p>\n<p>            9 sept. 2025 \u00e0 18h26        <\/p>\n<p>Manifestations, transports perturb\u00e9s, march\u00e9s \u00e9court\u00e9s\u2026 La journ\u00e9e du <strong>mercredi 10 septembre<\/strong> s\u2019annonce mouvement\u00e9e \u00e0 Strasbourg, dans le sillage de l\u2019appel national \u00e0 <strong>\u00ab\u00a0bloquer\u00a0\u00bb le pays<\/strong>.<\/p>\n<p>Une manifestation \u00e0 partir de 14h place Kl\u00e9ber<\/p>\n<p class=\" wall-content\">Dans la capitale alsacienne, une <a href=\"https:\/\/actu.fr\/grand-est\/strasbourg_67482\/blocage-du-10-septembre-voici-l-heure-et-le-lieu-de-la-manifestation-a-strasbourg_63108918.html\" target=\"_blank\" rel=\"noopener\">manifestation<\/a> est pr\u00e9vue <strong>\u00e0 partir de 14h<\/strong> au niveau de la <strong>place Kl\u00e9ber<\/strong>.<\/p>\n<p class=\" wall-content\">L\u2019annonce avait \u00e9t\u00e9 faite par <strong>LFI<\/strong>, un parti qui a d\u00e9j\u00e0 dit son ralliement au mouvement.<\/p>\n<p>Le trafic CTS perturb\u00e9<\/p>\n<p class=\" wall-content\">Le <a href=\"https:\/\/actu.fr\/grand-est\/strasbourg_67482\/mouvement-de-greve-du-10-septembre-les-trams-et-les-bus-perturbes-a-strasbourg-voici-le-detail_63132166.html\" target=\"_blank\" rel=\"noopener\">trafic des trams sera perturb\u00e9<\/a> : ils circuleront<strong> de 5 h \u00e0 22 h seulement<\/strong>, avec un <strong>passage toutes les 14 \u00e0 30 minutes selon les lignes<\/strong>.<\/p>\n<p class=\" wall-content\">C\u00f4t\u00e9 <strong>bus<\/strong>, une grande partie du r\u00e9seau fonctionnera, mais l\u2019offre sera globalement all\u00e9g\u00e9e et <strong>plusieurs lignes ne rouleront que jusqu\u2019\u00e0 20h<\/strong>. <strong>Deux lignes, la 15 et la 29, resteront totalement \u00e0 l\u2019arr\u00eat<\/strong>.<\/p>\n<p>Le trafic SNCF perturb\u00e9<\/p>\n<p class=\" wall-content\">Le <a href=\"https:\/\/actu.fr\/societe\/blocage-du-10-septembre-le-trafic-sncf-perturbe-en-alsace-voici-les-lignes-concernees_63137618.html\" target=\"_blank\" rel=\"noopener\">trafic SNCF sera perturb\u00e9<\/a> ce mercredi, mais moins qu\u2019en <a href=\"https:\/\/actu.fr\/societe\/bloquons-tout-de-nombreux-ter-supprimes-en-lorraine-le-10-septembre-voici-les-lignes-sncf-concernees_63137620.html\" target=\"_blank\" rel=\"noopener\">Lorraine<\/a> selon la SNCF. Neuf lignes sont concern\u00e9es :<\/p>\n<ul class=\" wall-content\">\n<li>A03 Strasbourg \u2013 Saverne \u2013 Sarrebourg<\/li>\n<li>A04 Strasbourg \u2013 Haguenau<\/li>\n<li>A05 Strasbourg \u2013 Haguenau \u2013 Niederbronn<\/li>\n<li>A07 Strasbourg \u2013 Molsheim \u2013 Barr \u2013 S\u00e9lestat<\/li>\n<li>A08 Strasbourg \u2013 Molsheim \u2013 Saales \u2013 \u00c9pinal<\/li>\n<li>A13 Strasbourg \u2013 Sarrebourg \u2013 Nancy<\/li>\n<li>A18 Strasbourg \u2013 Entzheim \u2013 Molsheim<\/li>\n<li>A31 Mulhouse \u2013 M\u00fcllheim<\/li>\n<li>A34 Strasbourg \u2013 Haguenau \u2013 Wissembourg<\/li>\n<\/ul>\n<p>Votre r\u00e9gion, votre actu !<\/p>\n<p>Recevez chaque jour les infos qui comptent pour vous.<\/p>\n<p>\t<a href=\"https:\/\/actu.fr\/newsletter\" class=\"ac-btn ac-btn--corner ac-btn--medium ac-btn--blue800\" target=\"_blank\" rel=\"noopener\">S&rsquo;incrire<\/a><br \/>\nPlusieurs commissariats de police ferm\u00e9s<\/p>\n<p class=\" wall-content\">Toujours en lien avec le mouvement du 10 septembre, <a href=\"https:\/\/actu.fr\/grand-est\/strasbourg_67482\/blocage-du-10-septembre-plusieurs-commissariats-fermes-ce-mercredi-a-strasbourg-voici-lesquels_63134828.html\" target=\"_blank\" rel=\"noopener\">plusieurs commissariats de police seront ferm\u00e9s<\/a> :<\/p>\n<ul class=\" wall-content\">\n<li>commissariat de la Robertsau,<\/li>\n<li>commissariat de Hautepierre,<\/li>\n<li>commissariat du Neuhof,<\/li>\n<li>commissariat de Lingolsheim,<\/li>\n<li>commissariat de Ostwald.<\/li>\n<\/ul>\n<p>Les march\u00e9s \u00e9court\u00e9s<\/p>\n<p class=\" wall-content\">Enfin, la Ville de Strasbourg a d\u00e9cid\u00e9 de <strong>modifier les horaires de certains march\u00e9s<\/strong>.<\/p>\n<p class=\" wall-content\">Les <strong>march\u00e9s de la place Kl\u00e9ber<\/strong> et de <strong>Brocante<\/strong> se tiendront seulement le matin et devront fermer au plus tard \u00e0 13h30.<\/p>\n<p class=\" wall-content\">Personnalisez votre actualit\u00e9 en ajoutant vos villes et m\u00e9dias en favori avec <a href=\"https:\/\/moncompte.actu.fr\" title=\"D\u00e9couvez Mon Actu\" rel=\"nofollow noopener\" data-trk=\"{&quot;cta&quot;:{&quot;action&quot;:&quot;https:\\\/\\\/moncompte.actu.fr&quot;,&quot;category&quot;:&quot;mon compte&quot;,&quot;from&quot;:&quot;article footer&quot;,&quot;name&quot;:&quot;Mon actu&quot;,&quot;type&quot;:&quot;cta&quot;}}\" target=\"_blank\">Mon Actu<\/a>.<\/p>\n","protected":false},"excerpt":{"rendered":"Par Ivan CAPECCHI Publi\u00e9 le 9 sept. 2025 \u00e0 18h26 Manifestations, transports perturb\u00e9s, march\u00e9s \u00e9court\u00e9s\u2026 La journ\u00e9e du&hellip;\n","protected":false},"author":2,"featured_media":378186,"comment_status":"","ping_status":"","sticky":false,"template":"","format":"standard","meta":{"footnotes":""},"categories":[2820],"tags":[1111,11,1777,674,1011,27,775,1272,12,25,104,640],"class_list":{"0":"post-378185","1":"post","2":"type-post","3":"status-publish","4":"format-standard","5":"has-post-thumbnail","7":"category-strasbourg","8":"tag-actu","9":"tag-actualites","10":"tag-eu","11":"tag-europe","12":"tag-fr","13":"tag-france","14":"tag-grand-est","15":"tag-manifestations","16":"tag-news","17":"tag-republique-francaise","18":"tag-societe","19":"tag-strasbourg"},"share_on_mastodon":{"url":"https:\/\/pubeurope.com\/@fr\/115175381060026249","error":""},"_links":{"self":[{"href":"https:\/\/www.europesays.com\/fr\/wp-json\/wp\/v2\/posts\/378185","targetHints":{"allow":["GET"]}}],"collection":[{"href":"https:\/\/www.europesays.com\/fr\/wp-json\/wp\/v2\/posts"}],"about":[{"href":"https:\/\/www.europesays.com\/fr\/wp-json\/wp\/v2\/types\/post"}],"author":[{"embeddable":true,"href":"https:\/\/www.europesays.com\/fr\/wp-json\/wp\/v2\/users\/2"}],"replies":[{"embeddable":true,"href":"https:\/\/www.europesays.com\/fr\/wp-json\/wp\/v2\/comments?post=378185"}],"version-history":[{"count":0,"href":"https:\/\/www.europesays.com\/fr\/wp-json\/wp\/v2\/posts\/378185\/revisions"}],"wp:featuredmedia":[{"embeddable":true,"href":"https:\/\/www.europesays.com\/fr\/wp-json\/wp\/v2\/media\/378186"}],"wp:attachment":[{"href":"https:\/\/www.europesays.com\/fr\/wp-json\/wp\/v2\/media?parent=378185"}],"wp:term":[{"taxonomy":"category","embeddable":true,"href":"https:\/\/www.europesays.com\/fr\/wp-json\/wp\/v2\/categories?post=378185"},{"taxonomy":"post_tag","embeddable":true,"href":"https:\/\/www.europesays.com\/fr\/wp-json\/wp\/v2\/tags?post=378185"}],"curies":[{"name":"wp","href":"https:\/\/api.w.org\/{rel}","templated":true}]}}