{"id":378187,"date":"2025-09-09T16:53:11","date_gmt":"2025-09-09T16:53:11","guid":{"rendered":"https:\/\/www.europesays.com\/fr\/378187\/"},"modified":"2025-09-09T16:53:11","modified_gmt":"2025-09-09T16:53:11","slug":"calendrier-projets-investissements-promis-a-une-renaissance-ce-qui-attend-le-boulevard-raimbaldi","status":"publish","type":"post","link":"https:\/\/www.europesays.com\/fr\/378187\/","title":{"rendered":"calendrier, projets, investissements\u2026 Promis \u00e0 une renaissance, ce qui attend le boulevard Raimbaldi"},"content":{"rendered":"<p><strong>\u00c0 Nice, le maire et pr\u00e9sident de la M\u00e9tropole mise sur une op\u00e9ration men\u00e9e par le secteur priv\u00e9 pour trans\u00adformer le boulevard Raimbaldi. Un appel \u00e0\u00a0projets sera lanc\u00e9 mi-\u200bseptembre, avec un calen\u00addrier d\u00e9j\u00e0 fix\u00e9 jusqu\u2019en 2030.<\/strong><\/p>\n<p><strong>SYNTH\u00c8SE &#8211; <\/strong>Difficile d\u2019ignorer l\u2019\u00e9tat actuel du boulevard Raimbaldi. Jadis symbole du charme bourgeois ni\u00e7ois, il s\u2019est mu\u00e9 en espace d\u00e9grad\u00e9 o\u00f9 se m\u00ealent parfois insalu\u00adbrit\u00e9, nuisances et sentiment d\u2019ins\u00e9curit\u00e9. Pourtant, ce tron\u00e7on poss\u00e8de des atouts ind\u00e9niables, \u00e0\u00a0deux pas du projet Iconic qui attire chaque jour \u00e9tudiants et visiteurs.<\/p>\n<p>Christian Estrosi l\u2019a confirm\u00e9\u00a0: \u00e0\u00a0compter du 15 septembre, un \u00ab\u00a0Appel \u00e0\u00a0Projets Urbains et Innovants\u00a0\u00bb sera ouvert pour repenser l\u2019\u00eelot du 38 Raimbaldi et la placette voisine. Objectif\u00a0: attirer inves\u00adtis\u00adseurs et archi\u00adtectes capables de proposer commerces, logements, services ou espaces v\u00e9g\u00e9ta\u00adlis\u00e9s, dans le respect du plan d\u2019urbanisme et du patri\u00admoine ni\u00e7ois class\u00e9.<\/p>\n<p>La commune, solli\u00adcit\u00e9e par Nice-\u200bPresse, insiste sur l\u2019importance de l\u2019imagination\u00a0: archi\u00adtecture moderne, int\u00e9gration artis\u00adtique, solutions environ\u00adne\u00admen\u00adtales\u2026 L\u2019ambition est claire, rendre \u00e0\u00a0Raimbaldi une identit\u00e9 digne de son empla\u00adcement strat\u00e9\u00adgique, face \u00e0\u00a0un Iconic qui s\u2019affirme comme la locomotive du secteur.<\/p>\n<p>Transformation progressive de l\u2019\u00eelot Raimbaldi<\/p>\n<p>Actuellement, la zone concern\u00e9e abrite une tour de station\u00adnement automatis\u00e9 et des bureaux utilis\u00e9s par la R\u00e9gie Parc Azur. Ceux-\u200bci seront lib\u00e9r\u00e9s d\u2019ici 2027, tandis que la placette sera d\u00e9class\u00e9e. Une oppor\u00adtunit\u00e9 fonci\u00e8re rare.<\/p>\n<p>La M\u00e9tropole se veut pragma\u00adtique\u00a0: commerces de proximit\u00e9, h\u00e9ber\u00adge\u00adments touris\u00adtiques, logements, \u00e9quipe\u00adments divers pourront \u00eatre propos\u00e9s par les candidats. Les inves\u00adtis\u00adseurs devront cependant composer avec les contraintes de l\u2019Architecte des B\u00e2timents de France, la rue \u00e9tant int\u00e9gr\u00e9e au p\u00e9rim\u00e8tre du patri\u00admoine remarquable.<\/p>\n<p>Calendrier fix\u00e9 jusqu\u2019en 2030<\/p>\n<p>Le planning avanc\u00e9 par la mairie donne le tempo. Les dossiers devront \u00eatre d\u00e9pos\u00e9s avant le 31 d\u00e9cembre 2025. Un jury se r\u00e9unira en 2026 pour s\u00e9lec\u00adtionner le futur laur\u00e9at, qui sera d\u00e9sign\u00e9 au premier semestre 2027. Le permis de construire inter\u00adviendra dans la foul\u00e9e, tandis que la cession du foncier est pr\u00e9vue pour 2029, avec un d\u00e9marrage des travaux.<\/p>\n<p><a href=\"https:\/\/anneedelamer.nice.fr\/\" rel=\"nofollow noopener\" target=\"_blank\"><img loading=\"lazy\" decoding=\"async\" width=\"300\" height=\"300\" src=\"data:image\/svg+xml,%3Csvg%20xmlns=\" http:=\"\" alt=\"\" class=\"wp-image-235449\" data-lazy-src=\"https:\/\/www.europesays.com\/fr\/wp-content\/uploads\/2025\/04\/IMG_1416-2.png\"\/><\/a><\/p>\n","protected":false},"excerpt":{"rendered":"\u00c0 Nice, le maire et pr\u00e9sident de la M\u00e9tropole mise sur une op\u00e9ration men\u00e9e par le secteur priv\u00e9&hellip;\n","protected":false},"author":2,"featured_media":378188,"comment_status":"","ping_status":"","sticky":false,"template":"","format":"standard","meta":{"footnotes":""},"categories":[2819],"tags":[1111,11,1777,674,1011,27,12,2401,882,25],"class_list":{"0":"post-378187","1":"post","2":"type-post","3":"status-publish","4":"format-standard","5":"has-post-thumbnail","7":"category-nice","8":"tag-actu","9":"tag-actualites","10":"tag-eu","11":"tag-europe","12":"tag-fr","13":"tag-france","14":"tag-news","15":"tag-nice","16":"tag-provence-alpes-cote-dazur","17":"tag-republique-francaise"},"share_on_mastodon":{"url":"https:\/\/pubeurope.com\/@fr\/115175385004155049","error":""},"_links":{"self":[{"href":"https:\/\/www.europesays.com\/fr\/wp-json\/wp\/v2\/posts\/378187","targetHints":{"allow":["GET"]}}],"collection":[{"href":"https:\/\/www.europesays.com\/fr\/wp-json\/wp\/v2\/posts"}],"about":[{"href":"https:\/\/www.europesays.com\/fr\/wp-json\/wp\/v2\/types\/post"}],"author":[{"embeddable":true,"href":"https:\/\/www.europesays.com\/fr\/wp-json\/wp\/v2\/users\/2"}],"replies":[{"embeddable":true,"href":"https:\/\/www.europesays.com\/fr\/wp-json\/wp\/v2\/comments?post=378187"}],"version-history":[{"count":0,"href":"https:\/\/www.europesays.com\/fr\/wp-json\/wp\/v2\/posts\/378187\/revisions"}],"wp:featuredmedia":[{"embeddable":true,"href":"https:\/\/www.europesays.com\/fr\/wp-json\/wp\/v2\/media\/378188"}],"wp:attachment":[{"href":"https:\/\/www.europesays.com\/fr\/wp-json\/wp\/v2\/media?parent=378187"}],"wp:term":[{"taxonomy":"category","embeddable":true,"href":"https:\/\/www.europesays.com\/fr\/wp-json\/wp\/v2\/categories?post=378187"},{"taxonomy":"post_tag","embeddable":true,"href":"https:\/\/www.europesays.com\/fr\/wp-json\/wp\/v2\/tags?post=378187"}],"curies":[{"name":"wp","href":"https:\/\/api.w.org\/{rel}","templated":true}]}}