{"id":378189,"date":"2025-09-09T16:54:12","date_gmt":"2025-09-09T16:54:12","guid":{"rendered":"https:\/\/www.europesays.com\/fr\/378189\/"},"modified":"2025-09-09T16:54:12","modified_gmt":"2025-09-09T16:54:12","slug":"caravelle-ajaccio-nice-57-ans-apres-le-crash-des-commemorations-sous-le-signe-de-lespoir-a-nice","status":"publish","type":"post","link":"https:\/\/www.europesays.com\/fr\/378189\/","title":{"rendered":"Caravelle Ajaccio-Nice\u00a0: 57 ans apr\u00e8s le crash, des comm\u00e9morations sous le signe de l&rsquo;espoir \u00e0 Nice"},"content":{"rendered":"<p>C&rsquo;est sous le signe de l&rsquo;espoir qu&rsquo;on eut lieu les comm\u00e9morations pour l&rsquo;accident de la caravelle Ajaccio-Nice sur la promenade des Anglais,  le mardi 09 septembre  Quelques jours avant, les familles de victimes ont appris que de nouvelles recherches vont reprendre d&rsquo;ici la fin de l&rsquo;ann\u00e9e. <\/p>\n<p>Comme chaque ann\u00e9e, \u00e9lus, familles de victimes, et citoyens, se sont r\u00e9unis pour <strong>les comm\u00e9morations du crash de la caravelle Air France Ajaccio-Nice<\/strong>, ce 09 septembre 2025, soit 57 ans apr\u00e8s le drame. Mais cette fois, une pointe d&rsquo;espoir \u00e9merge dans les discours.\u00a0<a class=\"IciLink ici-link IciArticleLink g-ici-body-regular-1 underline brand svelte-lu7k6w\" href=\"https:\/\/www.francebleu.fr\/infos\/faits-divers-justice\/caravelle-ajaccio-nice-une-campagne-de-recherche-en-mer-avant-la-fin-de-l-annee-3237043\" rel=\"nofollow noopener\" target=\"_blank\">Vendredi dernier, les avocats des familles de victimes ont annonc\u00e9 que <strong>de nouvelles recherches vont avoir lieu d&rsquo;ici la fin de l&rsquo;ann\u00e9e<\/strong><\/a>\u00a0pour retrouver l&rsquo;\u00e9pave plong\u00e9e \u00e0 2000 m\u00e8tres de profondeur au large d&rsquo;Antibes.<\/p>\n<p>\u00ab\u00a0Est-ce qu&rsquo;on va enfin avoir la v\u00e9rit\u00e9\u00a0?\u00a0\u00bb<\/p>\n<p>Le 11 septembre 1968, <strong>95 personnes avaient perdu la vie apr\u00e8s le crash de la caravelle qui devait relier Ajaccio \u00e0 Nice<\/strong>. Depuis les familles des victimes cherchent par tous moyens \u00e0 prouver la responsabilit\u00e9 de l&rsquo;arm\u00e9e fran\u00e7aise, qu&rsquo;elles accusent d&rsquo;\u00eatre \u00e0 l&rsquo;origine d&rsquo;un tir de missile qui aurait touch\u00e9 l&rsquo;avion.<\/p>\n<p><img loading=\"lazy\" decoding=\"async\" class=\"VisualPreview svelte-1rldrkz\" src=\"data:image\/jpeg;base64,\/9j\/2wBDACgcHiMeGSgjISMtKygwPGRBPDc3PHtYXUlkkYCZlo+AjIqgtObDoKrarYqMyP\/L2u71\/\/\/\/m8H\/\/\/\/6\/+b9\/\/j\/2wBDASstLTw1PHZBQXb4pYyl+Pj4+Pj4+Pj4+Pj4+Pj4+Pj4+Pj4+Pj4+Pj4+Pj4+Pj4+Pj4+Pj4+Pj4+Pj4+Pj4+Pj\/wAARCAAfACoDASIAAhEBAxEB\/8QAFwABAQEBAAAAAAAAAAAAAAAAAQIAA\/\/EABgQAQEBAQEAAAAAAAAAAAAAAAABEQIS\/8QAFgEBAQEAAAAAAAAAAAAAAAAAAQIA\/8QAFREBAQAAAAAAAAAAAAAAAAAAAAH\/2gAMAwEAAhEDEQA\/AKikSnQymo0azNQ1o1IROjOnGdKnSlOvptc5TqaFaNTo0B\/\/2Q==\" alt=\"Des gerbes ont \u00e9t\u00e9 d\u00e9pos\u00e9es devant la St\u00e8le du souvenir, sur la promenade des Anglais., en hommage aux 95 victimes du crash de la caravelle Ajaccio-Nice de 1968.\" width=\"600\" height=\"450\"\/>  Des gerbes ont \u00e9t\u00e9 d\u00e9pos\u00e9es devant la St\u00e8le du souvenir, sur la promenade des Anglais., en hommage aux 95 victimes du crash de la caravelle Ajaccio-Nice de 1968. \u00a9 Radio France &#8211; Emma Fleter<\/p>\n<p>Catherine Abb\u00e9 avait \u00e0 peine sept mois quand son p\u00e8re,\u00a0ma\u00eetre de cabine \u00e0 bord de la caravelle, a disparu. Sa m\u00e9moire, elle l&rsquo;honore par un po\u00e8me\u00a0et par des fleurs qu&rsquo;elle d\u00e9pose avec d&rsquo;autres familles au nom de l&rsquo;association des victimes. \u00ab\u00a0C&rsquo;est une ann\u00e9e d&rsquo;\u00e9motion suppl\u00e9mentaire avec l&rsquo;annonce des fouilles. <strong>Maintenant, est-ce qu&rsquo;on va avoir enfin la v\u00e9rit\u00e9\u00a0? On l&rsquo;esp\u00e8re mais on garde une forme de lucidit\u00e9\u00a0\u00bb<\/strong>.<\/p>\n<p>Priorit\u00e9\u00a0: retrouver les r\u00e9acteurs de la caravelle<\/p>\n<p>Mathieu Paoli, pr\u00e9sident de l&rsquo;association, a m\u00eame une th\u00e9orie \u00e9tonnante\u00a0 : <strong>il pense que les fouilles ne vont pas permettre de retrouver les r\u00e9acteurs de l&rsquo;avion<\/strong>. Des pi\u00e8ces ma\u00eetresses dans les recherches, puisque les familles pensent que c&rsquo;est la partie qui aurait \u00e9t\u00e9 touch\u00e9 par un missile lanc\u00e9 par l&rsquo;arm\u00e9e fran\u00e7aise.<\/p>\n<p><strong>\u00ab\u00a0C&rsquo;est une conviction personnelle, mais des personnes de l&rsquo;arm\u00e9e m&rsquo;ont dit elles-m\u00eames que les moteurs ont s\u00fbrement d\u00e9j\u00e0 \u00e9t\u00e9 extraits de l&rsquo;eau \u00e0 l&rsquo;\u00e9poque<\/strong>, et qu&rsquo;ils sont \u00e0 la base de Toulon\u00a0\u00bb. C&rsquo;est pourtant cet homme de 81 ans qui a relanc\u00e9 sans cesse l&rsquo;\u00c9tat fran\u00e7ais, depuis des dizaines d&rsquo;ann\u00e9es, pour autoriser une campagne de recherche sous-marine.\u00a0\u00ab\u00a0Mais si on retrouve l&rsquo;\u00e9pave sans les r\u00e9acteurs, \u00e7a voudra dire que quelqu&rsquo;un les a pris\u00a0\u00bb, soutient Mathieu Paoli.<\/p>\n<p><strong>Une autre c\u00e9r\u00e9monie de comm\u00e9moration est pr\u00e9vue \u00e0 Ajaccio, le 11 septembre<\/strong>, soit deux jours plus tard \u00e0 la date exacte \u00e0 laquelle la caravelle a disparu, il y a 57 ans.<\/p>\n<p>\u00c0 lire aussi   <img decoding=\"async\" src=\"https:\/\/www.europesays.com\/fr\/wp-content\/uploads\/2025\/09\/1757436850_218_560x315\" alt=\"Une campagne de recherche des d\u00e9bris de la caravelle Ajaccio-Nice va \u00eatre lanc\u00e9e d'ici fin 2025\" style=\"--_image-preview:url('data:image\/jpeg;base64,\/9j\/2wBDACgcHiMeGSgjISMtKygwPGRBPDc3PHtYXUlkkYCZlo+AjIqgtObDoKrarYqMyP\/L2u71\/\/\/\/m8H\/\/\/\/6\/+b9\/\/j\/2wBDASstLTw1PHZBQXb4pYyl+Pj4+Pj4+Pj4+Pj4+Pj4+Pj4+Pj4+Pj4+Pj4+Pj4+Pj4+Pj4+Pj4+Pj4+Pj4+Pj4+Pj\/wAARCAAXACoDASIAAhEBAxEB\/8QAFwABAQEBAAAAAAAAAAAAAAAAAAIBA\/\/EABcQAQEBAQAAAAAAAAAAAAAAAAABEQL\/xAAXAQEBAQEAAAAAAAAAAAAAAAAAAQID\/8QAFBEBAAAAAAAAAAAAAAAAAAAAAP\/aAAwDAQACEQMRAD8A71FV1UWubQ1OmqLjUSt1A6rnaAJ00FGyq0EH\/9k=');\" loading=\"lazy\" fetchpriority=\"low\" aria-hidden=\"true\" class=\"svelte-1pnmlwx rounded\" onload=\"this.__e=event\" onerror=\"this.__e=event\"\/>\u00c0 lire aussi   <img decoding=\"async\" src=\"https:\/\/www.europesays.com\/fr\/wp-content\/uploads\/2025\/09\/1757436851_786_560x315\" alt=\"Plaque portant les noms des victimes du crash de la Caravelle Ajaccio-Nice\" style=\"--_image-preview:url('data:image\/jpeg;base64,\/9j\/2wBDACgcHiMeGSgjISMtKygwPGRBPDc3PHtYXUlkkYCZlo+AjIqgtObDoKrarYqMyP\/L2u71\/\/\/\/m8H\/\/\/\/6\/+b9\/\/j\/2wBDASstLTw1PHZBQXb4pYyl+Pj4+Pj4+Pj4+Pj4+Pj4+Pj4+Pj4+Pj4+Pj4+Pj4+Pj4+Pj4+Pj4+Pj4+Pj4+Pj4+Pj\/wAARCAAXACoDASIAAhEBAxEB\/8QAGAAAAwEBAAAAAAAAAAAAAAAAAAMEAgX\/xAAaEAEBAQEBAQEAAAAAAAAAAAAAAgMBERIT\/8QAFQEBAQAAAAAAAAAAAAAAAAAAAAH\/xAAUEQEAAAAAAAAAAAAAAAAAAAAA\/9oADAMBAAIRAxEAPwB9aF90T1qx+iCvlnRSCbUZ2otnrXpEUZ6Dh9tn6ABuaUZ0ACrOjvQBH\/\/Z');\" loading=\"lazy\" fetchpriority=\"low\" aria-hidden=\"true\" class=\"svelte-1pnmlwx rounded\" onload=\"this.__e=event\" onerror=\"this.__e=event\"\/>\u00c0 lire aussi   <img decoding=\"async\" src=\"https:\/\/www.europesays.com\/fr\/wp-content\/uploads\/2025\/09\/1757436852_321_560x315\" alt=\"D\u00e9p\u00f4t de gerbe, en 2021, lors de la 53\u00e8 comm\u00e9moration de l'accident de caravelle Ajaccio-Nice (illustration)\" style=\"--_image-preview:url('data:image\/jpeg;base64,\/9j\/2wBDACgcHiMeGSgjISMtKygwPGRBPDc3PHtYXUlkkYCZlo+AjIqgtObDoKrarYqMyP\/L2u71\/\/\/\/m8H\/\/\/\/6\/+b9\/\/j\/2wBDASstLTw1PHZBQXb4pYyl+Pj4+Pj4+Pj4+Pj4+Pj4+Pj4+Pj4+Pj4+Pj4+Pj4+Pj4+Pj4+Pj4+Pj4+Pj4+Pj4+Pj\/wAARCAAXACoDASIAAhEBAxEB\/8QAFwABAQEBAAAAAAAAAAAAAAAAAAMCAf\/EABgQAQEAAwAAAAAAAAAAAAAAAAABAhES\/8QAFgEBAQEAAAAAAAAAAAAAAAAAAQIA\/8QAFREBAQAAAAAAAAAAAAAAAAAAABH\/2gAMAwEAAhEDEQA\/AJ4VbHJCNSgL9udpdObNK0zd7R2bFDACVBAIaka0DF\/\/2Q==');\" loading=\"lazy\" fetchpriority=\"low\" aria-hidden=\"true\" class=\"svelte-1pnmlwx rounded\" onload=\"this.__e=event\" onerror=\"this.__e=event\"\/><\/p>\n","protected":false},"excerpt":{"rendered":"C&rsquo;est sous le signe de l&rsquo;espoir qu&rsquo;on eut lieu les comm\u00e9morations pour l&rsquo;accident de la caravelle Ajaccio-Nice sur&hellip;\n","protected":false},"author":2,"featured_media":378190,"comment_status":"","ping_status":"","sticky":false,"template":"","format":"standard","meta":{"footnotes":""},"categories":[2819],"tags":[1111,11,1777,674,1011,27,12,2401,882,25],"class_list":{"0":"post-378189","1":"post","2":"type-post","3":"status-publish","4":"format-standard","5":"has-post-thumbnail","7":"category-nice","8":"tag-actu","9":"tag-actualites","10":"tag-eu","11":"tag-europe","12":"tag-fr","13":"tag-france","14":"tag-news","15":"tag-nice","16":"tag-provence-alpes-cote-dazur","17":"tag-republique-francaise"},"share_on_mastodon":{"url":"https:\/\/pubeurope.com\/@fr\/115175389356532936","error":""},"_links":{"self":[{"href":"https:\/\/www.europesays.com\/fr\/wp-json\/wp\/v2\/posts\/378189","targetHints":{"allow":["GET"]}}],"collection":[{"href":"https:\/\/www.europesays.com\/fr\/wp-json\/wp\/v2\/posts"}],"about":[{"href":"https:\/\/www.europesays.com\/fr\/wp-json\/wp\/v2\/types\/post"}],"author":[{"embeddable":true,"href":"https:\/\/www.europesays.com\/fr\/wp-json\/wp\/v2\/users\/2"}],"replies":[{"embeddable":true,"href":"https:\/\/www.europesays.com\/fr\/wp-json\/wp\/v2\/comments?post=378189"}],"version-history":[{"count":0,"href":"https:\/\/www.europesays.com\/fr\/wp-json\/wp\/v2\/posts\/378189\/revisions"}],"wp:featuredmedia":[{"embeddable":true,"href":"https:\/\/www.europesays.com\/fr\/wp-json\/wp\/v2\/media\/378190"}],"wp:attachment":[{"href":"https:\/\/www.europesays.com\/fr\/wp-json\/wp\/v2\/media?parent=378189"}],"wp:term":[{"taxonomy":"category","embeddable":true,"href":"https:\/\/www.europesays.com\/fr\/wp-json\/wp\/v2\/categories?post=378189"},{"taxonomy":"post_tag","embeddable":true,"href":"https:\/\/www.europesays.com\/fr\/wp-json\/wp\/v2\/tags?post=378189"}],"curies":[{"name":"wp","href":"https:\/\/api.w.org\/{rel}","templated":true}]}}