{"id":378207,"date":"2025-09-09T17:03:10","date_gmt":"2025-09-09T17:03:10","guid":{"rendered":"https:\/\/www.europesays.com\/fr\/378207\/"},"modified":"2025-09-09T17:03:10","modified_gmt":"2025-09-09T17:03:10","slug":"la-34e-fiesta-des-suds-a-marseille-un-hymne-a-lamour","status":"publish","type":"post","link":"https:\/\/www.europesays.com\/fr\/378207\/","title":{"rendered":"La 34e Fiesta des Suds \u00e0 Marseille, un hymne \u00e0 l\u2019amour"},"content":{"rendered":"\n<p>On a v\u00e9cu beaucoup de p\u00e9rip\u00e9ties cette ann\u00e9e avec notre d\u00e9m\u00e9nagement du Dock des Suds \u00bb, rappelle d\u2019embl\u00e9e Natalie Solia, directrice de la Fiesta des Suds, au dernier \u00e9tage de la tour La Marseillaise.<\/p>\n<p>Le point culminant id\u00e9al pour observer l\u2019agitation immobili\u00e8re qui cerne Arenc et les quartiers limitrophes, \u00e0 deux rues du Dock des Suds. La terre d\u2019adoption pendant plus d\u2019un quart de si\u00e8cle de Latinissimo, l\u2019association organisatrice de la Fiesta des Suds, qui en a \u00e9t\u00e9 chass\u00e9e au printemps dernier par l\u2019\u00e9tablissement public Euromediterran\u00e9e pour des projets toujours incertains. Autant de b\u00e2tons dans les roues \u00e9vit\u00e9s vaillamment par Latisinissimo et la Fiesta des Suds, dont la 34e \u00e9dition investit, comme depuis 2018, l\u2019esplanade du J4. \u00ab M\u00eame si le monde de la culture conna\u00eet un avenir incertain, nous sommes plus d\u00e9termin\u00e9s que jamais \u00e0 proposer des musiques qui rassemblent, en dehors des sentiers battus \u00bb, r\u00e9sume celle qui est \u00e0 la t\u00eate de cet \u00e9v\u00e9nement dont les trois coups sonneront jeudi 9 octobre, lors d\u2019une soir\u00e9e o\u00f9 Morcheeba occupera la t\u00eate d\u2019affiche.<\/p>\n<p>Depuis la deuxi\u00e8me partie des ann\u00e9es 1990, dans la foul\u00e9e de Massive Attack, un groupe symbolique du trip-hop, genre \u00e9lectro n\u00e9e en Angleterre et habit\u00e9 par des samples de la musique afro-am\u00e9ricaine. \u00ab Le premier morceau qu\u2019on m\u2019a envoy\u00e9 \u00e9tait Call for love, issu de l\u2019album Escape de Chaos \u00bb, situe Fr\u00e9d\u00e9ric Andr\u00e9. Sorti cette ann\u00e9e et destin\u00e9 \u00e0 c\u00e9l\u00e9brer les 30 ans du groupe, un opus qui a donn\u00e9 le la de cette \u00e9dition.<\/p>\n<p>Le programmateur de la Fiesta des Suds justifie : \u00ab On veut partager des \u00e9motions avec le maximum de gens. Depuis que je suis petit, on entend parler que de crises, mais tr\u00e8s peu de discours d\u2019un avenir commun \u00bb. Pour reprendre le titre de Morcheeba, un \u00ab appel \u00e0 l\u2019amour \u00bb qui infuse dans toute la programmation avec des artistes tels que la soulwoman Enchant\u00e9e Julia ou encore la mitrailleuse de tendresse rap et punk, Uzi Freyja, toutes deux programm\u00e9es le premier soir de la Fiesta des Suds, illustre entre autres Fr\u00e9d\u00e9ric Andr\u00e9.<\/p>\n<p> \u00ab Procurer des \u00e9motions \u00bb\n              <\/p>\n<p>Qui dit amour et f\u00eate dit \u00e9galement Dabeull et son ensemble de onze musiciens, aussi \u00e0 l\u2019affiche du premier soir, qui ravivent la flamme funk des ann\u00e9es 1970-80, inspir\u00e9s notamment par des groupes style Bar Kays ou Imagination, comme il en a fait part sur les ondes de RFI. Une ribambelle d\u2019artistes qui ont pour d\u00e9nominateur commun \u00ab de procurer de l\u2019\u00e9motion au public \u00bb, dixit Fr\u00e9d\u00e9ric Andr\u00e9, qui \u00e9num\u00e8re encore des messagers du \u00ab love \u00bb pr\u00e9sents \u00e0 la Fiesta des Suds le vendredi 10 octobre : le rappeur Youssoupha qui viendra d\u00e9fendre son dernier album en date Amour supr\u00eame, le projet \u00e9lectro-rock maroco-tunisien A\u00efta mon amour. Sans oublier le guitariste nig\u00e9rian Keziah Jones.<\/p>\n<p>Et que dire encore de la soir\u00e9e du samedi 11 octobre, avec \u00ab l\u2019amour en barres \u00bb prodigu\u00e9 par Kassav\u2019, groupe mythique antillais qui a pr\u00e9figur\u00e9 le zouk d\u00e8s le d\u00e9but des ann\u00e9es 1980. Une nuit d\u00e9cid\u00e9ment plac\u00e9e sous les auspices du d\u00e9hanchement de bassin, avec les \u00ab ambassadeurs \u00bb du Shatta &#8211; genre aux lignes de basse puissantes d\u00e9riv\u00e9 du dancehall &#8211; en la personne de Blaiz Fayah et Bamby.<\/p>\n<p> Les minots pas oubli\u00e9s\n              <\/p>\n<p>\u00ab Nous sommes un festival populaire, ce qui est non n\u00e9gociable, et en m\u00eame temps exigeant. On n\u2019est pas l\u00e0 pour servir de la soupe aux gens sous pr\u00e9texte qu\u2019un artiste fait beaucoup d\u2019entr\u00e9es \u00bb, souligne Fr\u00e9d\u00e9ric Andr\u00e9. Un credo encore plus perceptible le 12 octobre avec la \u00ab Fiesta du dimanche \u00bb, \u00e0 l\u2019esprit diurne et \u00ab plus familial \u00bb. Un \u00e9v\u00e9nement gratuit qui proposera plusieurs concerts, au premier rang desquels celui de La cit\u00e9 des minots, avec la chanteuse slovaque et tzigane Marcela, \u00ab accompagn\u00e9e par plus de 80 enfants des \u00e9coles Peyssonnel 1 et Malpass\u00e9 &#8211; Les Oliviers \u00bb, pr\u00e9cise Andy Burle, responsable des actions culturelles au Nomad\u2019 Caf\u00e9, producteur de cette cr\u00e9ation. \u00ab La fiesta du dimanche est une apr\u00e8s-midi de d\u00e9couvertes, musicales mais pas que, avec notamment une ludoth\u00e8que, des jeux et ateliers cr\u00e9atifs, des terrains de p\u00e9tanque et une grande battle de hip-hop \u00bb, compl\u00e8te Marion Berg\u00e9-Lefranc, charg\u00e9e de production de cette journ\u00e9e de cl\u00f4ture.<\/p>\n<p><b>Philippe Amsellem<\/b><\/p>\n<p>Programme complet sur <a rel=\"nofollow noopener noreferrer\" href=\"http:\/\/www.fiestadessuds.com\/\" target=\"_blank\">www.fiestadessuds.com<\/a><\/p>\n","protected":false},"excerpt":{"rendered":"On a v\u00e9cu beaucoup de p\u00e9rip\u00e9ties cette ann\u00e9e avec notre d\u00e9m\u00e9nagement du Dock des Suds \u00bb, rappelle d\u2019embl\u00e9e&hellip;\n","protected":false},"author":2,"featured_media":378208,"comment_status":"","ping_status":"","sticky":false,"template":"","format":"standard","meta":{"footnotes":""},"categories":[2814],"tags":[1111,11,1777,674,51178,1011,27,884,12,882,25],"class_list":{"0":"post-378207","1":"post","2":"type-post","3":"status-publish","4":"format-standard","5":"has-post-thumbnail","7":"category-marseille","8":"tag-actu","9":"tag-actualites","10":"tag-eu","11":"tag-europe","12":"tag-fiesta-des-suds","13":"tag-fr","14":"tag-france","15":"tag-marseille","16":"tag-news","17":"tag-provence-alpes-cote-dazur","18":"tag-republique-francaise"},"share_on_mastodon":{"url":"https:\/\/pubeurope.com\/@fr\/115175424877854424","error":""},"_links":{"self":[{"href":"https:\/\/www.europesays.com\/fr\/wp-json\/wp\/v2\/posts\/378207","targetHints":{"allow":["GET"]}}],"collection":[{"href":"https:\/\/www.europesays.com\/fr\/wp-json\/wp\/v2\/posts"}],"about":[{"href":"https:\/\/www.europesays.com\/fr\/wp-json\/wp\/v2\/types\/post"}],"author":[{"embeddable":true,"href":"https:\/\/www.europesays.com\/fr\/wp-json\/wp\/v2\/users\/2"}],"replies":[{"embeddable":true,"href":"https:\/\/www.europesays.com\/fr\/wp-json\/wp\/v2\/comments?post=378207"}],"version-history":[{"count":0,"href":"https:\/\/www.europesays.com\/fr\/wp-json\/wp\/v2\/posts\/378207\/revisions"}],"wp:featuredmedia":[{"embeddable":true,"href":"https:\/\/www.europesays.com\/fr\/wp-json\/wp\/v2\/media\/378208"}],"wp:attachment":[{"href":"https:\/\/www.europesays.com\/fr\/wp-json\/wp\/v2\/media?parent=378207"}],"wp:term":[{"taxonomy":"category","embeddable":true,"href":"https:\/\/www.europesays.com\/fr\/wp-json\/wp\/v2\/categories?post=378207"},{"taxonomy":"post_tag","embeddable":true,"href":"https:\/\/www.europesays.com\/fr\/wp-json\/wp\/v2\/tags?post=378207"}],"curies":[{"name":"wp","href":"https:\/\/api.w.org\/{rel}","templated":true}]}}