{"id":378211,"date":"2025-09-09T17:05:11","date_gmt":"2025-09-09T17:05:11","guid":{"rendered":"https:\/\/www.europesays.com\/fr\/378211\/"},"modified":"2025-09-09T17:05:11","modified_gmt":"2025-09-09T17:05:11","slug":"lyon-une-rixe-met-le-feu-aux-poudres-la-metropole-lance-une-procedure-devacuation-du-parking-rue-lortet","status":"publish","type":"post","link":"https:\/\/www.europesays.com\/fr\/378211\/","title":{"rendered":"Lyon. Une rixe met le feu aux poudres, la M\u00e9tropole lance une proc\u00e9dure d\u2019\u00e9vacuation du parking rue Lortet"},"content":{"rendered":"<p>\u00ab\u00a0Mendicit\u00e9, agressions verbales et\/ou physiques, vols \u00e0 la roulotte et propositions de relations tarif\u00e9es\u00a0\u00bb\u00a0: les larcins dont font \u00e9tat les riverains et certains acteurs \u00e9conomiques du quadrilat\u00e8re Yves-Farge, Lortet, Nadaud et Pr\u00e9-Gaudry sont nombreux et de natures diverses. Tous se rejoignent sur un point\u00a0: \u00ab\u00a0Le calme n\u2019est pas revenu du tout dans notre quartier depuis l\u2019\u00e9vacuation, le 22\u00a0juillet, du campement sous la tr\u00e9mie <a href=\"https:\/\/www.leprogres.fr\/societe\/2025\/07\/02\/campement-boulevard-yves-farge-la-mairie-ne-peut-pas-laisser-s-enkyster-la-situation\" target=\"_blank\" rel=\"noopener\">Yves-Farge<\/a>.\u00a0\u00bb<\/p>\n<p>Comme pour appuyer leurs dires, samedi 6\u00a0septembre en soir\u00e9e, une\u00a0rixe entre six, sept hommes, s\u2019est d\u00e9roul\u00e9e devant le village insertion Habitat et humanisme, rue Lortet. Il n\u2019en a pas fallu plus pour que les riverains, une nouvelle fois, montrent du doigt l\u2019association.<\/p>\n<p><strong>&gt;&gt;\u00a0<a href=\"https:\/\/www.leprogres.fr\/encadres\/2025\/07\/22\/la-fin-du-campement-sur-le-boulevard-yves-farge-notre-quartier-est-redevenu-vivant-des-ce-matin\" target=\"_blank\" rel=\"noopener\">La fin du campement sur le boulevard Yves-Farge\u00a0: \u00ab\u00a0Notre quartier est redevenu vivant d\u00e8s ce matin\u00a0\u00bb<\/a><\/strong><\/p>\n<p>La M\u00e9tropole travaille \u00e0 \u00ab\u00a0r\u00e9duire les d\u00e9lais de la proc\u00e9dure\u00a0d\u2019\u00e9vacuation\u00a0\u00bb<\/p>\n<p>Pour eux, le campement install\u00e9 depuis d\u00e9cembre sur le camping DHL, au bout de la rue Lortet, qui&#8230;<\/p>\n","protected":false},"excerpt":{"rendered":"\u00ab\u00a0Mendicit\u00e9, agressions verbales et\/ou physiques, vols \u00e0 la roulotte et propositions de relations tarif\u00e9es\u00a0\u00bb\u00a0: les larcins dont font&hellip;\n","protected":false},"author":2,"featured_media":378212,"comment_status":"","ping_status":"","sticky":false,"template":"","format":"standard","meta":{"footnotes":""},"categories":[1889],"tags":[1111,11,2430,271,272,2757,1777,674,274,1011,27,1061,2428,2756,12,25,2429,104],"class_list":{"0":"post-378211","1":"post","2":"type-post","3":"status-publish","4":"format-standard","5":"has-post-thumbnail","7":"category-lyon","8":"tag-actu","9":"tag-actualites","10":"tag-auvergne-rhone-alpes","11":"tag-crime","12":"tag-delit-et-contravention","13":"tag-edition-lyon-villeurbanne","14":"tag-eu","15":"tag-europe","16":"tag-faits-divers-justice","17":"tag-fr","18":"tag-france","19":"tag-immigration","20":"tag-lyon","21":"tag-lyon-bassin","22":"tag-news","23":"tag-republique-francaise","24":"tag-rhone","25":"tag-societe"},"share_on_mastodon":{"url":"","error":""},"_links":{"self":[{"href":"https:\/\/www.europesays.com\/fr\/wp-json\/wp\/v2\/posts\/378211","targetHints":{"allow":["GET"]}}],"collection":[{"href":"https:\/\/www.europesays.com\/fr\/wp-json\/wp\/v2\/posts"}],"about":[{"href":"https:\/\/www.europesays.com\/fr\/wp-json\/wp\/v2\/types\/post"}],"author":[{"embeddable":true,"href":"https:\/\/www.europesays.com\/fr\/wp-json\/wp\/v2\/users\/2"}],"replies":[{"embeddable":true,"href":"https:\/\/www.europesays.com\/fr\/wp-json\/wp\/v2\/comments?post=378211"}],"version-history":[{"count":0,"href":"https:\/\/www.europesays.com\/fr\/wp-json\/wp\/v2\/posts\/378211\/revisions"}],"wp:featuredmedia":[{"embeddable":true,"href":"https:\/\/www.europesays.com\/fr\/wp-json\/wp\/v2\/media\/378212"}],"wp:attachment":[{"href":"https:\/\/www.europesays.com\/fr\/wp-json\/wp\/v2\/media?parent=378211"}],"wp:term":[{"taxonomy":"category","embeddable":true,"href":"https:\/\/www.europesays.com\/fr\/wp-json\/wp\/v2\/categories?post=378211"},{"taxonomy":"post_tag","embeddable":true,"href":"https:\/\/www.europesays.com\/fr\/wp-json\/wp\/v2\/tags?post=378211"}],"curies":[{"name":"wp","href":"https:\/\/api.w.org\/{rel}","templated":true}]}}