{"id":378213,"date":"2025-09-09T17:06:12","date_gmt":"2025-09-09T17:06:12","guid":{"rendered":"https:\/\/www.europesays.com\/fr\/378213\/"},"modified":"2025-09-09T17:06:12","modified_gmt":"2025-09-09T17:06:12","slug":"blocages-du-10-septembre-a-lyon-a-quoi-faut-il-sattendre","status":"publish","type":"post","link":"https:\/\/www.europesays.com\/fr\/378213\/","title":{"rendered":"Blocages du 10 septembre \u00e0 Lyon : \u00e0 quoi faut-il s&rsquo;attendre ?"},"content":{"rendered":"<p><img loading=\"lazy\" decoding=\"async\" alt=\"\u00a9 Shutterstock - De nombreuses actions sont pr\u00e9vues \u00e0 Lyon et dans la m\u00e9tropole ce mercredi 10 septembre.\" data-zoom-src=\"https:\/\/www.europesays.com\/fr\/wp-content\/uploads\/2025\/09\/initial-blocages-10-septembre-2025-lyon-credit-shutterstock.jpg\" data-zoomable=\"\" height=\"702\" src=\"https:\/\/www.europesays.com\/fr\/wp-content\/uploads\/2025\/09\/initial-blocages-10-septembre-2025-lyon-credit-shutterstock.jpg\" width=\"1248\"\/>  <\/p>\n<p class=\"article-desc\">\u00a9 Shutterstock &#8211; De nombreuses actions sont pr\u00e9vues \u00e0 Lyon et dans la m\u00e9tropole ce mercredi 10 septembre. <\/p>\n<p>La col\u00e8re gronde sur les r\u00e9seaux sociaux depuis le d\u00e9but de l&rsquo;\u00e9t\u00e9 face \u00e0 la politique du gouvernement. Une s\u00e9rie d&rsquo;actions pour <strong>bloquer Lyon et sa m\u00e9tropole<\/strong>, est annonc\u00e9e <a href=\"https:\/\/mesinfos.fr\/greve-du-10-septembre-2025-une-mobilisation-nationale-inedite-228606.html\" rel=\"nofollow noopener\" target=\"_blank\">comme partout en France<\/a>. Il est difficile de pressentir l&rsquo;ampleur que va prendre demain le <strong>mouvement citoyen \u00ab\u00a0Indignons-nous ! Bloquons tout !\u00a0\u00bb. Les contestations g\u00e9n\u00e9rales<\/strong> concernent la politique du <a href=\"https:\/\/mesinfos.fr\/direct\/suivez-le-discours-de-francois-bayrou-et-le-vote-de-confiance-a-l-assemblee-229464.html\" rel=\"noopener nofollow\" target=\"_blank\">d\u00e9sormais ex-gouvernement Bayrou<\/a> et plus largement contre le syst\u00e8me politique en vigueur et le contexte \u00e9conomique et social. <\/p>\n<p>Les<strong> revendications<\/strong> sont nombreuses : annulation du budget 2026 de Bayrou, <a href=\"https:\/\/mesinfos.fr\/pesticides-la-loi-duplomb-est-promulguee-mais-sans-l-article-controverse-228158.html\" rel=\"noopener nofollow\" target=\"_blank\">suppression de la loi Duplomb<\/a>, renforcement des services publics (sant\u00e9, \u00e9ducation, etc.), indexation du smic \u00e0 l&rsquo;inflation, taxation des hauts revenus&#8230;\u00a0 <\/p>\n<p>Une quinzaine d&rsquo;actions pr\u00e9vues \u00e0 Lyon et sa m\u00e9tropole le 10-Septembre\u00a0 <\/p>\n<p>Les collectifs locaux \u00ab\u00a0Indignons-nous Lyon &#8211; Bloquons tout !\u00a0\u00bb et du Rh\u00f4ne ont pr\u00e9vu une <strong>quinzaine d&rsquo;actions mercredi 10 septembre<\/strong>. Parmi lesquelles : <\/p>\n<ul>\n<li>un rassemblement pr\u00e9vu d\u00e8s 6h30 place des Archives \u00e0<strong> Lyon-Perrache<\/strong>. <\/li>\n<li>A Villeurbanne, le rond-point de Feyssine devrait \u00eatre bloqu\u00e9 d\u00e8s 7h.<\/li>\n<\/ul>\n<p>Un<strong> point de blocage <\/strong>est aussi annonc\u00e9 depuis Lyon Part-Dieu d&rsquo;apr\u00e8s la <a href=\"https:\/\/cartedesagbfc.gogocarto.fr\/map#\/fiche\/Bloquons-Tout-La-Gare-De-Lyon-Part-Dieu-pas-de-trains\/BW\/@45.751,4.849,13z?cat=all\" rel=\"noopener nofollow\" target=\"_blank\">cartographie accessible publiquement<\/a> mise \u00e0 jour par le <strong>collectif citoyen lyonnais<\/strong> \u00ab\u00a0Indignons-nous &#8211; bloquons tout -\u00ab\u00a0. <\/p>\n<p>Dans le 3e arrondissement lyonnais, un <strong>rassemblement <\/strong>est programm\u00e9 \u00e0 12h<strong> place Guichard<\/strong> auquel s&rsquo;unira l&rsquo;union locale de la CGT. Du c\u00f4t\u00e9 des entreprises : <\/p>\n<ul>\n<li>\u00a0un piquet de gr\u00e8ve est annonc\u00e9 par la Fnic-CGT et le syndicat CGT d\u00e8s 9h devant la <strong>raffinerie TotalEnergies de Feyzin<\/strong>. <\/li>\n<li>Un autre est pr\u00e9vu d\u00e8s\u00a010h devant le<strong> site d&rsquo;Arkema \u00e0 Pierre-B\u00e9nite<\/strong>. <\/li>\n<\/ul>\n<p> Pas de mouvement pr\u00e9vu sur le r\u00e9seau TCL le 10 septembre <\/p>\n<p>Sur son <a href=\"https:\/\/www.tcl.fr\/\" rel=\"noopener nofollow\" target=\"_blank\">site Internet<\/a>, le r\u00e9seau lyonnais de<strong> transports en commun<\/strong> annonce \u00ab\u00a0que les \u00e9quipes TCL ne sont pas concern\u00e9es par ce mouvement mais les conditions de circulation peuvent \u00eatre perturb\u00e9es par les manifestations\u00a0\u00bb. <\/p>\n<p>Les entr\u00e9es strat\u00e9giques lyonnaises telles que le<strong> p\u00e9riph\u00e9rique Nord <\/strong>et l&rsquo;A46 \u00e0 Rillieux-la-Pape tout comme la rocade Est \u00e0 D\u00e9cines-Meyzieu et l&rsquo;a\u00e9roport Lyon Saint-Exup\u00e9ry sont \u00e9galement concern\u00e9es par les points de blocage et les rassemblements. <\/p>\n<p>Les lignes TER d&rsquo;Auvergne-Rh\u00f4ne-Alpes perturb\u00e9es le 10 septembre <\/p>\n<blockquote class=\"twitter-tweet\" data-uniformized=\"true\">\n<p dir=\"ltr\" lang=\"fr\">\u26a0\ufe0fEn raison d\u2019un mouvement social national interprofessionnel, la circulation des trains sera tr\u00e8s perturb\u00e9e sur les lignes du r\u00e9seau <a href=\"https:\/\/twitter.com\/hashtag\/TERAURA?src=hash&amp;ref_src=twsrc%5Etfw\" rel=\"nofollow noopener\" target=\"_blank\">#TERAURA<\/a> le 10 septembre.<\/p>\n<p>\u27a1Nous vous invitons \u00e0 v\u00e9rifier la circulation de vos trains sur le site TER, SNCF Connect, la veille \u00e0 partir de 17h.<\/p>\n<p> \u2014 SNCF TER AURA (@SNCFTERAURA) <a href=\"https:\/\/twitter.com\/SNCFTERAURA\/status\/1965022778802962719?ref_src=twsrc%5Etfw\" rel=\"nofollow noopener\" target=\"_blank\">September 8, 2025<\/a><\/p><\/blockquote>\n<p>Le trafic ferroviaire de la r\u00e9gion lyonnaise sera aussi perturb\u00e9 indique <strong>SNCF TER Auvergne-Rh\u00f4ne-Alpes<\/strong> sur <a href=\"https:\/\/www.ter.sncf.com\/auvergne-rhone-alpes\" rel=\"noopener nofollow\" target=\"_blank\">son site<\/a>. Les usagers sont invit\u00e9s \u00e0 \u00ab\u00a0anticiper leurs d\u00e9placements\u00a0\u00bb et \u00e0 v\u00e9rifier d\u00e8s ce soir l&rsquo;horaire de leurs trains. <\/p>\n<p>La pr\u00e9fecture de R\u00e9gion Auvergne-Rh\u00f4ne-Alpes et du Rh\u00f4ne indique avoir activ\u00e9 ce mardi soir 9 septembre une cellule de crise.<\/p>\n<p><script async src=\"https:\/\/platform.twitter.com\/widgets.js\" charset=\"utf-8\"><\/script><\/p>\n","protected":false},"excerpt":{"rendered":"\u00a9 Shutterstock &#8211; De nombreuses actions sont pr\u00e9vues \u00e0 Lyon et dans la m\u00e9tropole ce mercredi 10 septembre.&hellip;\n","protected":false},"author":2,"featured_media":378214,"comment_status":"","ping_status":"","sticky":false,"template":"","format":"standard","meta":{"footnotes":""},"categories":[1889],"tags":[48300,1111,11,2430,1777,674,1011,27,11611,2428,12,25,2215,10213],"class_list":{"0":"post-378213","1":"post","2":"type-post","3":"status-publish","4":"format-standard","5":"has-post-thumbnail","7":"category-lyon","8":"tag-10-septembre","9":"tag-actu","10":"tag-actualites","11":"tag-auvergne-rhone-alpes","12":"tag-eu","13":"tag-europe","14":"tag-fr","15":"tag-france","16":"tag-gru00e8ves","17":"tag-lyon","18":"tag-news","19":"tag-republique-francaise","20":"tag-sncf","21":"tag-tcl"},"share_on_mastodon":{"url":"https:\/\/pubeurope.com\/@fr\/115175436395029624","error":""},"_links":{"self":[{"href":"https:\/\/www.europesays.com\/fr\/wp-json\/wp\/v2\/posts\/378213","targetHints":{"allow":["GET"]}}],"collection":[{"href":"https:\/\/www.europesays.com\/fr\/wp-json\/wp\/v2\/posts"}],"about":[{"href":"https:\/\/www.europesays.com\/fr\/wp-json\/wp\/v2\/types\/post"}],"author":[{"embeddable":true,"href":"https:\/\/www.europesays.com\/fr\/wp-json\/wp\/v2\/users\/2"}],"replies":[{"embeddable":true,"href":"https:\/\/www.europesays.com\/fr\/wp-json\/wp\/v2\/comments?post=378213"}],"version-history":[{"count":0,"href":"https:\/\/www.europesays.com\/fr\/wp-json\/wp\/v2\/posts\/378213\/revisions"}],"wp:featuredmedia":[{"embeddable":true,"href":"https:\/\/www.europesays.com\/fr\/wp-json\/wp\/v2\/media\/378214"}],"wp:attachment":[{"href":"https:\/\/www.europesays.com\/fr\/wp-json\/wp\/v2\/media?parent=378213"}],"wp:term":[{"taxonomy":"category","embeddable":true,"href":"https:\/\/www.europesays.com\/fr\/wp-json\/wp\/v2\/categories?post=378213"},{"taxonomy":"post_tag","embeddable":true,"href":"https:\/\/www.europesays.com\/fr\/wp-json\/wp\/v2\/tags?post=378213"}],"curies":[{"name":"wp","href":"https:\/\/api.w.org\/{rel}","templated":true}]}}