{"id":378219,"date":"2025-09-09T17:09:11","date_gmt":"2025-09-09T17:09:11","guid":{"rendered":"https:\/\/www.europesays.com\/fr\/378219\/"},"modified":"2025-09-09T17:09:11","modified_gmt":"2025-09-09T17:09:11","slug":"pourquoi-lidee-de-gabriel-attal-pour-trouver-un-premier-ministre-nest-pas-soutenue-par-les-autres-partis","status":"publish","type":"post","link":"https:\/\/www.europesays.com\/fr\/378219\/","title":{"rendered":"pourquoi l&rsquo;id\u00e9e de Gabriel Attal pour trouver un Premier ministre n&rsquo;est pas soutenue par les autres partis"},"content":{"rendered":"\n<p class=\"c-chapo \">\n  L&rsquo;ancien Premier ministre d\u00e9fend la nomination d&rsquo;une personnalit\u00e9 charg\u00e9e de r\u00e9unir l&rsquo;ensemble des chefs de parti repr\u00e9sent\u00e9s \u00e0 l&rsquo;Assembl\u00e9e \u00ab\u00a0pour s&rsquo;entendre sur un accord\u00a0\u00bb.\n<\/p>\n<p>            lire plus tard<\/p>\n<p id=\"dialog__title\" class=\"dialog__title\">Pour sauvegarder cet article, connectez-vous ou cr\u00e9ez un compte franceinfo<\/p>\n<p class=\"dialog__description\">Sans paiement. Sans abonnement.<\/p>\n<p>        Fermer la fen\u00eatre d\u2019activation des notifications France Info<\/p>\n<p>            cr\u00e9er votre compte<\/p>\n<p>            se connecter<\/p>\n<p>        Fermer la fen\u00eatre de pr\u00e9sentation<\/p>\n<p>    <img loading=\"lazy\" decoding=\"async\" class=\"signature__image lazyload\" width=\"100\" height=\"100\" data- alt=\"\" src=\"https:\/\/www.europesays.com\/fr\/wp-content\/uploads\/2025\/09\/daic-template-live-68baadad16e59550656736.png\"\/><\/p>\n<p>    Publi\u00e9 le 09\/09\/2025 18:01<\/p>\n<p>        Temps de lecture : 6min<\/p>\n<p>    <img decoding=\"async\"  alt=\"Gabriel Attal prononce un discours \u00e0 l'Assembl\u00e9e nationale lors du vote de confiance envers Fran\u00e7ois Bayrou, \u00e0 Paris le 8 septembre. (BERTRAND GUAY \/ AFP)\" width=\"432\" height=\"243\" src=\"https:\/\/www.europesays.com\/fr\/wp-content\/uploads\/2025\/09\/000-73ry78j-68c014b44c661897618313.jpg\" fetchpriority=\"high\"\/><\/p>\n<p>      Gabriel Attal prononce un discours \u00e0 l&rsquo;Assembl\u00e9e nationale lors du vote de confiance envers Fran\u00e7ois Bayrou, \u00e0 Paris le 8 septembre. (BERTRAND GUAY \/ AFP)<\/p>\n<p>Comment d\u00e9bloquer une situation politique aussi complexe\u00a0? Apr\u00e8s la chute du gouvernement Bayrou, chacun tente de trouver un chemin, voire la solution miracle. Mardi 9\u00a0septembre, Gabriel Attal avance l&rsquo;id\u00e9e d&rsquo;un n\u00e9gociateur qui n&rsquo;aurait pas vocation \u00e0 devenir Premier ministre. Il en pr\u00e9cise la mission <a href=\"https:\/\/www.leparisien.fr\/politique\/gabriel-attal-le-president-doit-montrer-quil-est-pret-a-accepter-de-partager-le-pouvoir-08-09-2025-J7JG4URZG5DJJN4RR522R4KI24.php\" target=\"_blank\" rel=\"noopener nofollow\">dans une interview au Parisien<\/a>. \u00ab\u00a0Il serait charg\u00e9 de r\u00e9unir (\u2026) l&rsquo;ensemble des chefs de parti repr\u00e9sent\u00e9s \u00e0 l&rsquo;Assembl\u00e9e vingt-quatre heures sur vingt-quatre, sept jours sur sept pour s&rsquo;entendre sur un accord\u00a0\u00bb, explique le pr\u00e9sident du groupe Ensemble pour la R\u00e9publique (EPR). L&rsquo;ancien Premier ministre semble s&rsquo;inspirer de l&rsquo;exemple de la Belgique, pays qui est habitu\u00e9 \u00e0 l&rsquo;instabilit\u00e9 politique.<\/p>\n<p>Depuis 1935, le roi peut y nommer une personne, un informateur, dont \u00ab\u00a0le r\u00f4le est de [lui] faire rapport de la situation socio-politique du pays, et notamment de l&rsquo;informer sur les\u00a0coalitions\u00a0susceptibles d&rsquo;\u00eatre form\u00e9es entre les partis\u00a0\u00bb, explique <a href=\"https:\/\/www.vocabulairepolitique.be\/informateur\/\" target=\"_blank\" rel=\"noopener nofollow\">le site internet du Centre de recherche et d&rsquo;information socio-politiques<\/a>, organisme ind\u00e9pendant qui \u00e9tudie la vie politique belge.<\/p>\n<p>Interrog\u00e9 sur le profil qu&rsquo;il souhaiterait, Gabriel Attal plaide pour \u00ab\u00a0une figure consensuelle\u00a0\u00bb, issue \u00ab\u00a0du monde syndical ou associatif\u00a0\u00bb. Le nom de Laurent Berger, ancien secr\u00e9taire national de la CFDT, \u00e9tait souvent cit\u00e9 lundi dans les couloirs de l&rsquo;Assembl\u00e9e nationale. Ce n&rsquo;est pas une id\u00e9e nouvelle puisque le premier secr\u00e9taire du Parti socialiste, Olivier Faure la proposait en d\u00e9cembre 2024 apr\u00e8s la chute de Michel Barnier et <a href=\"https:\/\/www.franceinfo.fr\/replay-radio\/8h30-fauvelle-dely\/censure-de-michel-barnier-negociations-possibles-nouveau-gouvernement-le-8h30-franceinfo-d-olivier-faure_6911516.html\" rel=\"nofollow noopener\" target=\"_blank\">appelait sur franceinfo Emmanuel Macron<\/a> \u00e0 nommer un \u00ab\u00a0pr\u00e9figurateur\u00a0\u00bb.<\/p>\n<p>L&rsquo;initiative du patron de Renaissance \u00e9tait relay\u00e9e d\u00e8s lundi par ses troupes. \u00ab\u00a0La question n&rsquo;est pas de savoir ce que va faire Emmanuel Macron et qui il va nommer comme Premier ministre. Mais de savoir quand les d\u00e9put\u00e9s vont changer d&rsquo;\u00e9tat d&rsquo;esprit et accepter de travailler ensemble\u00a0\u00bb, commente Prisca Thevenot, d\u00e9put\u00e9e EPR des Hauts-de-Seine. Dans ce cadre, les \u00e9lus macronistes seraient pr\u00eats \u00e0 effectuer le premier pas.\u00a0\u00ab\u00a0Il faut que toutes les forces soient pr\u00eates au compromis, y compris nous-m\u00eames, sur des sujets sur lesquels nous \u00e9tions ferm\u00e9s. La main est tendue\u00a0\u00bb, ajoute Pieyre-Alexandre Anglade, pr\u00e9sident EPR de la Commission des affaires europ\u00e9ennes.<\/p>\n<p>Dans l&rsquo;esprit de Gabriel Attal, il s&rsquo;agit de r\u00e9unir tous les groupes politiques pr\u00e9sents \u00e0 l&rsquo;Assembl\u00e9e nationale, m\u00eame s&rsquo;il anticipe\u00a0que le RN et LFI \u00ab\u00a0s&rsquo;auto-excluront de fait\u00a0\u00bb. Marine Le Pen a tout de suite ferm\u00e9 la porte. \u00ab\u00a0L&rsquo;id\u00e9e de nommer un n\u00e9gociateur, c&rsquo;est absolument n&rsquo;importe quoi\u00a0\u00bb, d\u00e9clarait-elle \u00e0 son arriv\u00e9e \u00e0 l&rsquo;Assembl\u00e9e nationale. L&rsquo;initiative a aussi essuy\u00e9 un refus de la part des \u00e9cologistes. \u00ab\u00a0L&rsquo;\u00e9t\u00e9 dernier, nous aurions eu le temps d&rsquo;essayer quelque chose de nouveau, de prendre le temps\u00a0\u00bb, regrette Cyrielle Chatelain, pr\u00e9sidente du groupe, \u00e0 franceinfo. \u00ab\u00a0L\u00e0, il y a un enjeu \u00e0 stabiliser les choses rapidement et que la personne qui discute ait toute la l\u00e9gitimit\u00e9 \u00e0 le faire. La seule personne pouvant le faire aujourd&rsquo;hui est le Premier ministre.\u00a0\u00bb<\/p>\n<p>Mais en pr\u00eachant une forme d&rsquo;\u0153cum\u00e9nisme, c&rsquo;est avant tout aux d\u00e9put\u00e9s socialistes que s&rsquo;adresse Gabriel Attal. M\u00eame <a href=\"https:\/\/www.franceinfo.fr\/politique\/gouvernement-de-francois-bayrou\/recit-on-n-a-pas-forcement-envie-de-danser-sur-des-cendres-le-jour-ou-le-gouvernement-de-francois-bayrou-a-ete-renverse_7480114.html\" rel=\"nofollow noopener\" target=\"_blank\">s&rsquo;ils ont \u00e9t\u00e9 un peu surpris du ton vindicatif du discours de Boris Vallaud (PS)<\/a>, lundi \u00e0 l&rsquo;Assembl\u00e9e lors du d\u00e9bat sur le vote de confiance \u00e0 Fran\u00e7ois Bayrou, les d\u00e9put\u00e9s macronistes estiment que seule une entente avec le PS peut permettre d&rsquo;\u00e9viter une dissolution. Pour l&rsquo;heure, il n&rsquo;est pas question de changer de discours officiel du c\u00f4t\u00e9 des\u00a0socialistes. Ils r\u00e9clament Matignon. \u00ab\u00a0Le meilleur n\u00e9gociateur qu&rsquo;on connaisse, c&rsquo;est un Premier ministre de gauche\u00a0\u00bb, ironise le s\u00e9nateur PS Alexandre Ouizille. \u00ab\u00a0Le boulot d&rsquo;un Premier ministre, c&rsquo;est de discuter avec les groupes, de tenter de trouver des majorit\u00e9s, de rassembler. Ce que propose Gabriel Attal, c&rsquo;est un doublon.\u00a0\u00bb\u00a0<\/p>\n<p>Du c\u00f4t\u00e9 de la droite, la question de la nomination d&rsquo;un \u00e9ventuel n\u00e9gociateur a \u00e9t\u00e9 discut\u00e9e lors du comit\u00e9 strat\u00e9gique LR. Mais l&rsquo;initiative ne d\u00e9cha\u00eene gu\u00e8re l&rsquo;enthousiasme au sein des troupes de Bruno Retailleau. \u00ab\u00a0On dit qu&rsquo;il faut un Premier ministre tr\u00e8s rapidement si on veut \u00e9viter une crise de r\u00e9gime\u00a0\u00bb, cingle la porte-parole des LR, Agn\u00e8s Evren.<\/p>\n<blockquote class=\"ftvi_content_quote\">\n<p class=\"ftvi_citation_quote\">\u00ab\u00a0On n&rsquo;a pas besoin d&rsquo;un pr\u00e9figurateur ou d&rsquo;un n\u00e9gociateur. On a besoin d&rsquo;un Premier ministre.\u00a0\u00bb<\/p>\n<p>Agn\u00e8s Evren, porte-parole de LR<\/p>\n<p class=\"ftvi_citation_source\">\u00e0 franceinfo<\/p>\n<\/blockquote>\n<p>Le principal argument contre la proposition du patron de Renaissance ne porte donc pas sur le principe, mais sur sa mise en \u0153uvre. Elle prendrait trop de temps pour se mettre en place. C&rsquo;est pourquoi Gabriel Attal s&#8217;empresse de pr\u00e9ciser que les r\u00e9unions pourraient commencer d\u00e8s mardi et qu&rsquo;il fixe un calendrier de \u00ab\u00a0trois \u00e0 quatre semaines\u00a0\u00bb. Cela correspond au calendrier budg\u00e9taire fix\u00e9 par la Constitution. Le budget doit \u00eatre pr\u00e9sent\u00e9 d&rsquo;ici au 15\u00a0octobre. \u00ab\u00a0C&rsquo;est malin de se donner un peu de temps\u00a0\u00bb, abonde dans ce sens un d\u00e9put\u00e9 du parti.<\/p>\n<p>Est-ce compatible avec la volont\u00e9 d&rsquo;Emmanuel Macron qui souhaite aller rapidement\u00a0? A l&rsquo;Elys\u00e9e, on observe avec circonspection et prudence la proposition de l&rsquo;ancien Premier ministre. \u00ab\u00a0On se r\u00e9jouit \u00e9videmment que Gabriel Attal reprenne les termes de la lettre du pr\u00e9sident de juillet 2024 qui demandait aux partis de travailler ensemble. Comme quoi, il ne faut jamais d\u00e9sesp\u00e9rer\u00a0\u00bb, commente-t-on du c\u00f4t\u00e9 du palais pr\u00e9sidentiel dans un constat teint\u00e9 d&rsquo;ironie.\u00a0\u00ab\u00a0Franchement, c&rsquo;est une bonne id\u00e9e, car il faut changer de m\u00e9thode, mais je ne crois pas que le pr\u00e9sident parte sur cette solution\u00a0\u00bb, regrette le d\u00e9put\u00e9 EPR cit\u00e9 pr\u00e9c\u00e9demment.<\/p>\n","protected":false},"excerpt":{"rendered":"L&rsquo;ancien Premier ministre d\u00e9fend la nomination d&rsquo;une personnalit\u00e9 charg\u00e9e de r\u00e9unir l&rsquo;ensemble des chefs de parti repr\u00e9sent\u00e9s \u00e0&hellip;\n","protected":false},"author":2,"featured_media":378220,"comment_status":"","ping_status":"","sticky":false,"template":"","format":"standard","meta":{"footnotes":""},"categories":[1888],"tags":[1111,1928,11,1927,1777,674,1011,27,12,1926,626,1925,25],"class_list":{"0":"post-378219","1":"post","2":"type-post","3":"status-publish","4":"format-standard","5":"has-post-thumbnail","7":"category-paris","8":"tag-actu","9":"tag-actu-paris","10":"tag-actualites","11":"tag-actualites-paris","12":"tag-eu","13":"tag-europe","14":"tag-fr","15":"tag-france","16":"tag-news","17":"tag-news-paris","18":"tag-paris","19":"tag-paris-news","20":"tag-republique-francaise"},"share_on_mastodon":{"url":"https:\/\/pubeurope.com\/@fr\/115175448159177882","error":""},"_links":{"self":[{"href":"https:\/\/www.europesays.com\/fr\/wp-json\/wp\/v2\/posts\/378219","targetHints":{"allow":["GET"]}}],"collection":[{"href":"https:\/\/www.europesays.com\/fr\/wp-json\/wp\/v2\/posts"}],"about":[{"href":"https:\/\/www.europesays.com\/fr\/wp-json\/wp\/v2\/types\/post"}],"author":[{"embeddable":true,"href":"https:\/\/www.europesays.com\/fr\/wp-json\/wp\/v2\/users\/2"}],"replies":[{"embeddable":true,"href":"https:\/\/www.europesays.com\/fr\/wp-json\/wp\/v2\/comments?post=378219"}],"version-history":[{"count":0,"href":"https:\/\/www.europesays.com\/fr\/wp-json\/wp\/v2\/posts\/378219\/revisions"}],"wp:featuredmedia":[{"embeddable":true,"href":"https:\/\/www.europesays.com\/fr\/wp-json\/wp\/v2\/media\/378220"}],"wp:attachment":[{"href":"https:\/\/www.europesays.com\/fr\/wp-json\/wp\/v2\/media?parent=378219"}],"wp:term":[{"taxonomy":"category","embeddable":true,"href":"https:\/\/www.europesays.com\/fr\/wp-json\/wp\/v2\/categories?post=378219"},{"taxonomy":"post_tag","embeddable":true,"href":"https:\/\/www.europesays.com\/fr\/wp-json\/wp\/v2\/tags?post=378219"}],"curies":[{"name":"wp","href":"https:\/\/api.w.org\/{rel}","templated":true}]}}