{"id":378225,"date":"2025-09-09T17:12:16","date_gmt":"2025-09-09T17:12:16","guid":{"rendered":"https:\/\/www.europesays.com\/fr\/378225\/"},"modified":"2025-09-09T17:12:16","modified_gmt":"2025-09-09T17:12:16","slug":"a-paris-et-montrouge-lindignation-devant-les-mosquees-ou-ont-ete-retrouvees-des-tetes-de-cochons-liberation","status":"publish","type":"post","link":"https:\/\/www.europesays.com\/fr\/378225\/","title":{"rendered":"\u00e0 Paris et Montrouge, l\u2019indignation devant les mosqu\u00e9es o\u00f9 ont \u00e9t\u00e9 retrouv\u00e9es des t\u00eates de cochons \u2013 Lib\u00e9ration"},"content":{"rendered":"<p class=\"sc-cPiKLX AiZTS text-element\">Une d\u00e9couverte sordide, puis une autre, encore une autre\u2026 Ce mardi 9 septembre au matin, comme un \u00e9cho avec la date du jour, neuf t\u00eates de cochons <a href=\"https:\/\/www.liberation.fr\/societe\/police-justice\/des-tetes-de-cochon-decouvertes-devant-des-mosquees-notamment-a-paris-une-enquete-ouverte-20250909_I7347SWRPJEANI3N5XYEWJWEBM\/\" target=\"_blank\" rel=\"noopener\" title=\"https:\/\/www.liberation.fr\/societe\/police-justice\/des-tetes-de-cochon-decouvertes-devant-des-mosquees-notamment-a-paris-une-enquete-ouverte-20250909_I7347SWRPJEANI3N5XYEWJWEBM\/\">ont \u00e9t\u00e9 retrouv\u00e9es devant autant de lieux de culte musulmans de l\u2019agglom\u00e9ration parisienne.<\/a> La d\u00e9pose de ces abats, acte islamophobe traditionnel et \u00e9vident car le porc est consid\u00e9r\u00e9 comme impur dans l\u2019islam, est survenue devant quatre mosqu\u00e9es parisiennes (une dans le XVe, deux dans le XVIIIe et une dans le XXe arrondissement), deux situ\u00e9es dans les Hauts-de-Seine (\u00e0 Malakoff et Montrouge), deux \u00e0 Montreuil (Seine-Saint-Denis) et une derni\u00e8re \u00e0 Gentilly (Val-de-Marne). Une enqu\u00eate a \u00e9t\u00e9 ouverte par le parquet de Paris pour \u00abprovocation publique \u00e0 la haine ou \u00e0 la violence en raison de l\u2019origine, l\u2019ethnie, la nation, la race ou la religion\u00bb et \u00abviolence sans incapacit\u00e9 commise en raison de la race, l\u2019ethnie, la nation ou la religion\u00bb, confi\u00e9e \u00e0 la brigade criminelle de la pr\u00e9fecture de police de Paris. <\/p>\n<p class=\"sc-cPiKLX AiZTS text-element\">A l\u2019unisson de nombreux responsables politiques, la maire de Paris, Anne Hidalgo, a condamn\u00e9 des \u00abactes racistes\u00bb et assu <\/p>\n","protected":false},"excerpt":{"rendered":"Une d\u00e9couverte sordide, puis une autre, encore une autre\u2026 Ce mardi 9 septembre au matin, comme un \u00e9cho&hellip;\n","protected":false},"author":2,"featured_media":378226,"comment_status":"","ping_status":"","sticky":false,"template":"","format":"standard","meta":{"footnotes":""},"categories":[1888],"tags":[11,1777,674,1011,27,6269,12,626,25],"class_list":{"0":"post-378225","1":"post","2":"type-post","3":"status-publish","4":"format-standard","5":"has-post-thumbnail","7":"category-paris","8":"tag-actualites","9":"tag-eu","10":"tag-europe","11":"tag-fr","12":"tag-france","13":"tag-islamophobie","14":"tag-news","15":"tag-paris","16":"tag-republique-francaise"},"share_on_mastodon":{"url":"https:\/\/pubeurope.com\/@fr\/115175459664649002","error":""},"_links":{"self":[{"href":"https:\/\/www.europesays.com\/fr\/wp-json\/wp\/v2\/posts\/378225","targetHints":{"allow":["GET"]}}],"collection":[{"href":"https:\/\/www.europesays.com\/fr\/wp-json\/wp\/v2\/posts"}],"about":[{"href":"https:\/\/www.europesays.com\/fr\/wp-json\/wp\/v2\/types\/post"}],"author":[{"embeddable":true,"href":"https:\/\/www.europesays.com\/fr\/wp-json\/wp\/v2\/users\/2"}],"replies":[{"embeddable":true,"href":"https:\/\/www.europesays.com\/fr\/wp-json\/wp\/v2\/comments?post=378225"}],"version-history":[{"count":0,"href":"https:\/\/www.europesays.com\/fr\/wp-json\/wp\/v2\/posts\/378225\/revisions"}],"wp:featuredmedia":[{"embeddable":true,"href":"https:\/\/www.europesays.com\/fr\/wp-json\/wp\/v2\/media\/378226"}],"wp:attachment":[{"href":"https:\/\/www.europesays.com\/fr\/wp-json\/wp\/v2\/media?parent=378225"}],"wp:term":[{"taxonomy":"category","embeddable":true,"href":"https:\/\/www.europesays.com\/fr\/wp-json\/wp\/v2\/categories?post=378225"},{"taxonomy":"post_tag","embeddable":true,"href":"https:\/\/www.europesays.com\/fr\/wp-json\/wp\/v2\/tags?post=378225"}],"curies":[{"name":"wp","href":"https:\/\/api.w.org\/{rel}","templated":true}]}}