{"id":378234,"date":"2025-09-09T17:17:11","date_gmt":"2025-09-09T17:17:11","guid":{"rendered":"https:\/\/www.europesays.com\/fr\/378234\/"},"modified":"2025-09-09T17:17:11","modified_gmt":"2025-09-09T17:17:11","slug":"un-sabotage-coupe-lelectricite-a-berlin-des-antimilitaristes-revendiquent","status":"publish","type":"post","link":"https:\/\/www.europesays.com\/fr\/378234\/","title":{"rendered":"Un sabotage coupe l\u2019\u00e9lectricit\u00e9 \u00e0 Berlin, des antimilitaristes revendiquent"},"content":{"rendered":"<p>La police v\u00e9rifie l\u2019authenticit\u00e9 de la revendication. Un groupe qui se dit antimilitariste affirme \u00eatre \u00e0 l\u2019origine de l\u2019incendie de deux pyl\u00f4nes \u00e0 <a href=\"https:\/\/www.20minutes.fr\/dossier\/berlin\" target=\"_blank\" class=\"c-link c-link--is-underlined\" rel=\"noopener\">Berlin<\/a> qui a coup\u00e9 l\u2019\u00e9lectricit\u00e9 \u00e0 des dizaines de milliers de foyers mardi.<\/p>\n<p>L\u2019<a href=\"https:\/\/www.20minutes.fr\/dossier\/incendie\" target=\"_blank\" class=\"c-link c-link--is-underlined\" rel=\"noopener\">incendie<\/a> est survenu dans la nuit de lundi \u00e0 mardi dans le quartier de Johannisthal, au sud-est de la capitale, avait indiqu\u00e9 plus t\u00f4t \u00e0 l\u2019AFP une porte-parole de la police berlinoise. Les pompiers ont mis une heure \u00e0 \u00e9teindre le feu, d\u00e9couvert vers 3 heures du matin sur deux pyl\u00f4nes \u00e9lectriques.<\/p>\n<p>Plusieurs jours sans \u00e9lectricit\u00e9<\/p>\n<p>Dans une lettre publi\u00e9e sur la plateforme en ligne d\u2019<a href=\"https:\/\/www.20minutes.fr\/dossier\/extreme_gauche\" target=\"_blank\" class=\"c-link c-link--is-underlined\" rel=\"noopener\">extr\u00eame gauche<\/a> Indymedia, un groupe qui se dit antimilitariste et anarchiste assure avoir vis\u00e9 le complexe technologique d\u2019Adlershof, regroupant des entreprises et des institutions scientifiques. En ao\u00fbt, un incendie criminel contre le rail allemand avait d\u00e9j\u00e0 \u00e9t\u00e9 revendiqu\u00e9 sur ce site.<\/p>\n<p>L\u2019incendie a entra\u00een\u00e9 des coupures de courant pour 43.000 foyers et 3.000 entreprises. Selon un porte-parole du gestionnaire du r\u00e9seau \u00e9lectrique berlinois, \u00ab\u00a0l\u2019approvisionnement en \u00e9lectricit\u00e9 dans la zone ne sera assur\u00e9 compl\u00e8tement que dans les prochains jours\u00a0\u00bb. Parmi les 50.000 clients touch\u00e9s, le courant a \u00e9t\u00e9 r\u00e9tabli pour 17.000 d\u2019entre eux.<\/p>\n<\/p>\n<p>La police avait dit d\u00e8s mardi matin soup\u00e7onner un \u00ab\u00a0incendie criminel\u00a0\u00bb et \u00ab\u00a0n\u2019exclut pas une motivation politique derri\u00e8re l\u2019incendie\u00a0\u00bb, a ajout\u00e9 la porte-parole, mais sans \u00e9voquer de pistes plus pr\u00e9cises quant au mobile ou au courant id\u00e9ologique des auteurs. Cela pourrait expliquer \u00ab\u00a0le type d\u2019installation cibl\u00e9\u00a0\u00bb et les d\u00e9g\u00e2ts provoqu\u00e9s, selon elle.<\/p>\n<p>Une ampleur \u00ab\u00a0exceptionnelle\u00a0\u00bb<\/p>\n<p>L\u2019ampleur de cette coupure de courant est \u00ab\u00a0totalement exceptionnelle\u00a0\u00bb, a d\u00e9crit le porte-parole du gestionnaire du r\u00e9seau. La police criminelle a pris en charge l\u2019enqu\u00eate et recherche des indices dans la zone.<\/p>\n<p><a href=\"https:\/\/www.20minutes.fr\/dossier\/allemagne\" target=\"_blank\" class=\"c-link c-btn c-btn--primary\" rel=\"noopener\">Tous nos articles sur l&rsquo;Allemagne<\/a><\/p>\n<p>Douze \u00e9coles touch\u00e9es par la panne resteront ferm\u00e9es jusqu\u2019\u00e0 jeudi matin, a indiqu\u00e9 l\u2019arrondissement de Treptow-K\u00f6penick dans un communiqu\u00e9. Plusieurs maisons de retraite, des cr\u00e8ches et des tramways ont \u00e9galement \u00e9t\u00e9 affect\u00e9es. Certains patients d\u2019une maison de retraite ont \u00e9t\u00e9 transf\u00e9r\u00e9s par les pompiers dans des h\u00f4pitaux des environs. Les policiers assurent aussi la circulation routi\u00e8re \u00e0 certains endroits car plusieurs feux tricolores sont hors service.<\/p>\n<p>Si dans ce cas les enqu\u00eateurs n\u2019ont pas \u00e9voqu\u00e9 de piste russe \u00e0 ce jour, l\u2019<a href=\"https:\/\/www.20minutes.fr\/dossier\/allemagne\" target=\"_blank\" class=\"c-link c-link--is-underlined\" rel=\"noopener\">Allemagne<\/a> est r\u00e9guli\u00e8rement vis\u00e9e par des actions de sabotage de ses infrastructures, et bien souvent les autorit\u00e9s accusent la Russie de les avoir orchestr\u00e9es.<\/p>\n","protected":false},"excerpt":{"rendered":"La police v\u00e9rifie l\u2019authenticit\u00e9 de la revendication. Un groupe qui se dit antimilitariste affirme \u00eatre \u00e0 l\u2019origine de&hellip;\n","protected":false},"author":2,"featured_media":378235,"comment_status":"","ping_status":"","sticky":false,"template":"","format":"standard","meta":{"footnotes":""},"categories":[1587],"tags":[47,11,672,1898,1804,1805,1803,579,1067,1777,674,1801,23559,74,12,1802],"class_list":{"0":"post-378234","1":"post","2":"type-post","3":"status-publish","4":"format-standard","5":"has-post-thumbnail","7":"category-allemagne","8":"tag-actualite","9":"tag-actualites","10":"tag-allemagne","11":"tag-berlin","12":"tag-bundesrepublik-deutschland","13":"tag-de","14":"tag-deutschland","15":"tag-electricite","16":"tag-enquete","17":"tag-eu","18":"tag-europe","19":"tag-germany","20":"tag-incendie-criminel","21":"tag-monde","22":"tag-news","23":"tag-republique-federale-dallemagne"},"share_on_mastodon":{"url":"https:\/\/pubeurope.com\/@fr\/115175479420951528","error":""},"_links":{"self":[{"href":"https:\/\/www.europesays.com\/fr\/wp-json\/wp\/v2\/posts\/378234","targetHints":{"allow":["GET"]}}],"collection":[{"href":"https:\/\/www.europesays.com\/fr\/wp-json\/wp\/v2\/posts"}],"about":[{"href":"https:\/\/www.europesays.com\/fr\/wp-json\/wp\/v2\/types\/post"}],"author":[{"embeddable":true,"href":"https:\/\/www.europesays.com\/fr\/wp-json\/wp\/v2\/users\/2"}],"replies":[{"embeddable":true,"href":"https:\/\/www.europesays.com\/fr\/wp-json\/wp\/v2\/comments?post=378234"}],"version-history":[{"count":0,"href":"https:\/\/www.europesays.com\/fr\/wp-json\/wp\/v2\/posts\/378234\/revisions"}],"wp:featuredmedia":[{"embeddable":true,"href":"https:\/\/www.europesays.com\/fr\/wp-json\/wp\/v2\/media\/378235"}],"wp:attachment":[{"href":"https:\/\/www.europesays.com\/fr\/wp-json\/wp\/v2\/media?parent=378234"}],"wp:term":[{"taxonomy":"category","embeddable":true,"href":"https:\/\/www.europesays.com\/fr\/wp-json\/wp\/v2\/categories?post=378234"},{"taxonomy":"post_tag","embeddable":true,"href":"https:\/\/www.europesays.com\/fr\/wp-json\/wp\/v2\/tags?post=378234"}],"curies":[{"name":"wp","href":"https:\/\/api.w.org\/{rel}","templated":true}]}}