{"id":378245,"date":"2025-09-09T17:25:12","date_gmt":"2025-09-09T17:25:12","guid":{"rendered":"https:\/\/www.europesays.com\/fr\/378245\/"},"modified":"2025-09-09T17:25:12","modified_gmt":"2025-09-09T17:25:12","slug":"les-confessions-fortes-de-mola-sur-les-difficultes-de-ntamack-et-letat-de-son-genou","status":"publish","type":"post","link":"https:\/\/www.europesays.com\/fr\/378245\/","title":{"rendered":"les confessions fortes de Mola sur les difficult\u00e9s de Ntamack et l\u2019\u00e9tat de son genou"},"content":{"rendered":"<p>Il sera attendu au tournant dans les semaines \u00e0 venir. Depuis un an et demi et sa grave blessure au genou survenue juste avant la Coupe du monde 2023, Romain Ntamack joue avec des douleurs r\u00e9calcitrantes. S\u2019il a serr\u00e9 les dents pendant des mois, l\u2019ouvreur n\u2019est jamais apparu \u00e0 son meilleur niveau en 2025 et a subi de nombreuses critiques.<\/p>\n<p>\u00ab\u00a0Romain a jou\u00e9 avec le genou de J\u00e9r\u00f4me Cazalbou pendant une saison et demie<\/p>\n<p>Apr\u00e8s le nouveau titre <a href=\"https:\/\/www.quinzemondial.com\/top-14\/stade-toulousain-une-recrue-star-du-top-14-raconte-son-admiration-pour-dupont-le-meilleur-joueur-de-la-planete-818582\" rel=\"nofollow noopener\" target=\"_blank\">toulousain<\/a> en Top 14, l\u2019international fran\u00e7ais a d\u00e9cid\u00e9 de profiter de l\u2019intersaison pour se faire op\u00e9rer et retirer des bouts de cartilage. Apr\u00e8s avoir particip\u00e9 \u00e0 la pr\u00e9saison avec le reste de ses co\u00e9quipiers, il \u00e9tait align\u00e9 <a href=\"https:\/\/www.quinzemondial.com\/top-14\/stade-toulousain-un-jeune-talent-a-impressionne-face-a-clermont-818572\" rel=\"nofollow noopener\" target=\"_blank\">face \u00e0 Clermont<\/a> pour le compte de la premi\u00e8re journ\u00e9e de Top 14. Apr\u00e8s la rencontre, Ugo Mola lui a rendu hommage dans les colonnes de <a href=\"https:\/\/www.ladepeche.fr\/2025\/09\/08\/stade-toulousain-des-leaders-deja-moteurs-comment-plusieurs-joueurs-cadres-ont-tenu-leur-rang-pour-permettre-a-toulouse-de-gagner-a-clermont-12917895.php\" rel=\"nofollow noopener\" target=\"_blank\">La D\u00e9p\u00eache.<\/a><\/p>\n<blockquote>\n<p>\u00ab\u00a0Romain a fait un match d\u2019ouvreur propre, classique, bien aid\u00e9 par Thomas Ramos aussi. C\u2019est s\u00fbr que sur l\u2019occupation et sur la capacit\u00e9 \u00e0 mettre des pieds et la justesse de leur gestion et de leur management ont \u00e9t\u00e9 sur le terrain incroyables. Ils ont manag\u00e9 tout le monde, tu voyais qu\u2019ils communiquaient l\u2019un et l\u2019autre.\u00a0\u00bb<\/p>\n<\/blockquote>\n<p>Surtout, Ugo Mola a insist\u00e9 sur les douleurs ressenties par son joueur l\u2019an pass\u00e9, n\u2019h\u00e9sitant pas \u00e0 chambrer gentiment son manager g\u00e9n\u00e9ral.<\/p>\n<p>\u00ab\u00a0Donc Romain est mieux mais Romain, il a jou\u00e9 avec le genou de J\u00e9r\u00f4me Cazalbou pendant une saison et demie donc c\u2019\u00e9tait dur pour lui avant (sourire). L\u00e0, maintenant qu\u2019il a r\u00e9cup\u00e9r\u00e9 le genou de Romain Ntamack, \u00e7a va un peu mieux.\u00a0\u00bb<\/p>\n<p>Partagez cette info avec vos amis et vos proches en cliquant ici<br \/>Pour r\u00e9sumer<\/p>\n<p>Ugo Mola s\u2019est confi\u00e9 pour La D\u00e9p\u00eache apr\u00e8s la victoire du Stade Toulousain face \u00e0 Clermont en ouverture du Top 14. L\u2019entra\u00eeneur des Rouge et Noir est revenu sur les difficult\u00e9s de Romain Ntamack, g\u00ean\u00e9 par son genou toute la saison pass\u00e9e.<\/p>\n<p> <img decoding=\"async\" width=\"76\" height=\"76\" loading=\"lazy\" src=\"https:\/\/www.europesays.com\/fr\/wp-content\/uploads\/2025\/04\/avatar-quinze.png\" alt=\"Arnaud D\u00e9chelotte\"\/><\/p>\n","protected":false},"excerpt":{"rendered":"Il sera attendu au tournant dans les semaines \u00e0 venir. Depuis un an et demi et sa grave&hellip;\n","protected":false},"author":2,"featured_media":378246,"comment_status":"","ping_status":"","sticky":false,"template":"","format":"standard","meta":{"footnotes":""},"categories":[1416],"tags":[1011,27,479,1468,60],"class_list":{"0":"post-378245","1":"post","2":"type-post","3":"status-publish","4":"format-standard","5":"has-post-thumbnail","7":"category-rugby","8":"tag-fr","9":"tag-france","10":"tag-rugby","11":"tag-rugby-football","12":"tag-sports"},"share_on_mastodon":{"url":"https:\/\/pubeurope.com\/@fr\/115175511142495107","error":""},"_links":{"self":[{"href":"https:\/\/www.europesays.com\/fr\/wp-json\/wp\/v2\/posts\/378245","targetHints":{"allow":["GET"]}}],"collection":[{"href":"https:\/\/www.europesays.com\/fr\/wp-json\/wp\/v2\/posts"}],"about":[{"href":"https:\/\/www.europesays.com\/fr\/wp-json\/wp\/v2\/types\/post"}],"author":[{"embeddable":true,"href":"https:\/\/www.europesays.com\/fr\/wp-json\/wp\/v2\/users\/2"}],"replies":[{"embeddable":true,"href":"https:\/\/www.europesays.com\/fr\/wp-json\/wp\/v2\/comments?post=378245"}],"version-history":[{"count":0,"href":"https:\/\/www.europesays.com\/fr\/wp-json\/wp\/v2\/posts\/378245\/revisions"}],"wp:featuredmedia":[{"embeddable":true,"href":"https:\/\/www.europesays.com\/fr\/wp-json\/wp\/v2\/media\/378246"}],"wp:attachment":[{"href":"https:\/\/www.europesays.com\/fr\/wp-json\/wp\/v2\/media?parent=378245"}],"wp:term":[{"taxonomy":"category","embeddable":true,"href":"https:\/\/www.europesays.com\/fr\/wp-json\/wp\/v2\/categories?post=378245"},{"taxonomy":"post_tag","embeddable":true,"href":"https:\/\/www.europesays.com\/fr\/wp-json\/wp\/v2\/tags?post=378245"}],"curies":[{"name":"wp","href":"https:\/\/api.w.org\/{rel}","templated":true}]}}