{"id":378247,"date":"2025-09-09T17:26:10","date_gmt":"2025-09-09T17:26:10","guid":{"rendered":"https:\/\/www.europesays.com\/fr\/378247\/"},"modified":"2025-09-09T17:26:10","modified_gmt":"2025-09-09T17:26:10","slug":"atp-le-programme-de-jannik-sinner-pour-la-fin-de-saison-devoile","status":"publish","type":"post","link":"https:\/\/www.europesays.com\/fr\/378247\/","title":{"rendered":"ATP > Le programme de Jannik Sinner pour la fin de saison d\u00e9voil\u00e9"},"content":{"rendered":"<p>Battu en finale de l\u2019US Open par Carlos Alcaraz et d\u00e9pos\u00ads\u00e9d\u00e9 de la place de num\u00e9ro 1 mondial qu\u2019il occu\u00adpait depuis 65 semaines, Jannik Sinner n\u2019a pas pr\u00e9vu d\u2019al\u00adl\u00e9ger son calen\u00addrier pour la fin de saison 2025.<\/p>\n<p>L\u2019Italien parti\u00adci\u00adpera comme pr\u00e9vu \u00e0 la tourn\u00e9e asia\u00adtique avec deux tour\u00adnois au programme, l\u2019ATP 500 de P\u00e9kin (du 25 septembre au 1er octobre) et le Masters 1000 de Shanghai (du 1er au 12 octobre) avant de s\u2019en\u00advoler pour l\u2019Arabie Saoudite et sa tr\u00e8s lucra\u00adtive exhi\u00adbi\u00adtion, le \u00ab\u202fSix Kings Slam\u202f\u00bb, exhi\u00adbi\u00adtion dont il est d\u2019ailleurs tenant du\u00a0titre.<\/p>\n<p>Concernant la tourn\u00e9e euro\u00adp\u00e9enne en indoor, le 2e mondial, qui a r\u00e9cem\u00adment confirm\u00e9 sa pr\u00e9sence sur l\u2019ATP 500 de Vienne (du 20 au 26 octobre), devrait norma\u00adle\u00adment s\u2019ali\u00adgner sur le Masters 1000 de Paris (du 27 octobre au 2 novembre) m\u00eame si ce n\u2019est toujours pas officiel.\u00a0<\/p>\n<blockquote class=\"twitter-tweet\">\n<p lang=\"it\" dir=\"ltr\">\ud83c\udde8\ud83c\uddf3 Pechino 25 settembre \u2013 1 ottobre <br \/>\ud83c\udde8\ud83c\uddf3 Shangai 1 ottobre \u2013 12 ottobre<br \/>\ud83c\uddf8\ud83c\udde6 Riyadh \u201cSix Kings Slam\u201d 15 ottobre \u2013 18 ottobre<br \/>\ud83c\udde6\ud83c\uddf9 Vienna 20 ottobre \u2013 26 ottobre <br \/>\ud83c\uddee\ud83c\uddf9 Nitto ATP Finals 9 novembre \u2013 16 novembre <\/p>\n<p>Sono al momento quattro i tornei ai quali Jannik Sinner parte\u00adci\u00adper\u00e0\u2026 <a href=\"https:\/\/t.co\/lr7zKIPiKG\" data-wpel-link=\"external\" target=\"_blank\" rel=\"nofollow external noopener\">pic.twitter.com\/lr7zKIPiKG<\/a><\/p>\n<p>\u2014 SuperTennis TV (@SuperTennisTv) <a href=\"https:\/\/twitter.com\/SuperTennisTv\/status\/1965370135683748224?ref_src=twsrc%5Etfw\" data-wpel-link=\"external\" target=\"_blank\" rel=\"nofollow external noopener\">September 9,\u00a02025<\/a><\/p><\/blockquote>\n<p>Il parti\u00adci\u00adpera ensuite \u00e9videm\u00adment au Masters de Turin (du 9 au 16 novembre) o\u00f9 il est \u00e9gale\u00adment tenant du\u00a0titre.\u00a0<\/p>\n<p class=\"post-published-date\" style=\"color: silver; font-size: 75%; text-align: left;\">Publi\u00e9 le mardi 9 septembre 2025 \u00e0 18:51<\/p>\n<p><script async src=\"https:\/\/platform.twitter.com\/widgets.js\" charset=\"utf-8\"><\/script><\/p>\n","protected":false},"excerpt":{"rendered":"Battu en finale de l\u2019US Open par Carlos Alcaraz et d\u00e9pos\u00ads\u00e9d\u00e9 de la place de num\u00e9ro 1 mondial&hellip;\n","protected":false},"author":2,"featured_media":378248,"comment_status":"","ping_status":"","sticky":false,"template":"","format":"standard","meta":{"footnotes":""},"categories":[1415],"tags":[1744,1011,27,2127,60,1467],"class_list":{"0":"post-378247","1":"post","2":"type-post","3":"status-publish","4":"format-standard","5":"has-post-thumbnail","7":"category-tennis","8":"tag-alcaraz","9":"tag-fr","10":"tag-france","11":"tag-sinner","12":"tag-sports","13":"tag-tennis"},"share_on_mastodon":{"url":"https:\/\/pubeurope.com\/@fr\/115175514646055815","error":""},"_links":{"self":[{"href":"https:\/\/www.europesays.com\/fr\/wp-json\/wp\/v2\/posts\/378247","targetHints":{"allow":["GET"]}}],"collection":[{"href":"https:\/\/www.europesays.com\/fr\/wp-json\/wp\/v2\/posts"}],"about":[{"href":"https:\/\/www.europesays.com\/fr\/wp-json\/wp\/v2\/types\/post"}],"author":[{"embeddable":true,"href":"https:\/\/www.europesays.com\/fr\/wp-json\/wp\/v2\/users\/2"}],"replies":[{"embeddable":true,"href":"https:\/\/www.europesays.com\/fr\/wp-json\/wp\/v2\/comments?post=378247"}],"version-history":[{"count":0,"href":"https:\/\/www.europesays.com\/fr\/wp-json\/wp\/v2\/posts\/378247\/revisions"}],"wp:featuredmedia":[{"embeddable":true,"href":"https:\/\/www.europesays.com\/fr\/wp-json\/wp\/v2\/media\/378248"}],"wp:attachment":[{"href":"https:\/\/www.europesays.com\/fr\/wp-json\/wp\/v2\/media?parent=378247"}],"wp:term":[{"taxonomy":"category","embeddable":true,"href":"https:\/\/www.europesays.com\/fr\/wp-json\/wp\/v2\/categories?post=378247"},{"taxonomy":"post_tag","embeddable":true,"href":"https:\/\/www.europesays.com\/fr\/wp-json\/wp\/v2\/tags?post=378247"}],"curies":[{"name":"wp","href":"https:\/\/api.w.org\/{rel}","templated":true}]}}