{"id":378250,"date":"2025-09-09T17:29:19","date_gmt":"2025-09-09T17:29:19","guid":{"rendered":"https:\/\/www.europesays.com\/fr\/378250\/"},"modified":"2025-09-09T17:29:19","modified_gmt":"2025-09-09T17:29:19","slug":"la-f1-peut-etre-vendue-si-loffre-est-suffisante","status":"publish","type":"post","link":"https:\/\/www.europesays.com\/fr\/378250\/","title":{"rendered":"\u00ab La F1 peut \u00eatre vendue si l\u2019offre est suffisante \u00bb"},"content":{"rendered":"<p itemprop=\"description\">Le patron de Liberty Media, John Malone,<br \/>\na laiss\u00e9 entendre que la Formule 1 pourrait \u00eatre vendue si une<br \/>\nproposition exceptionnelle se pr\u00e9sentait, sans doute 40 milliards<br \/>\nde dollars : pas de petits profits !<\/p>\n<p style=\"font-weight: 400\">Liberty Media avait acquis les droits<br \/>\ncommerciaux de la F1 en 2017 pour un peu plus de quatre milliards<br \/>\nde dollars, ainsi que l\u00a0\u00bb\u00e9quivalent en dettes. Depuis, la popularit\u00e9<br \/>\ndu championnat a consid\u00e9rablement augment\u00e9 sous la gestion du<br \/>\ngroupe am\u00e9ricain, qui d\u00e9tient depuis peu \u00e9galement la Dorna,<br \/>\npropri\u00e9taire des droits commerciaux du MotoGP.<\/p>\n<p><strong>Aucune urgence \u00e0 vendre\u2026 mais pas<br \/>\nd\u2019interdiction<\/strong><\/p>\n<p style=\"font-weight: 400\">Invit\u00e9 du podcast Opening Bid<br \/>\nUnfiltered, Malone a expliqu\u00e9 qu\u2019il n\u2019y avait aucune<br \/>\npr\u00e9cipitation \u00e0 vendre la F1, soulignant la bonne sant\u00e9 du<br \/>\nchampionnat et la satisfaction actuelle des actionnaires : \u00ab<br \/>\nLes actionnaires adorent la F1 en ce moment, la discipline se porte<br \/>\nbien \u00bb, a-t-il d\u00e9clar\u00e9.<\/p>\n<p style=\"font-weight: 400\">\u00ab La Formule 1 dispose d\u2019une<br \/>\nstructure \u00e9conomique exceptionnellement solide, observe le<br \/>\nboss. C\u2019est un g\u00e9n\u00e9rateur de flux de tr\u00e9sorerie tr\u00e8s important,<br \/>\net il pourrait y avoir des synergies et des ajouts qui viendraient<br \/>\nencore l\u2019am\u00e9liorer. La F1 reste une marque puissante qui continue<br \/>\nde cro\u00eetre. \u00bb<\/p>\n<p style=\"font-weight: 400\">Cependant, le milliardaire am\u00e9ricain<br \/>\nn\u2019exclut pas l\u2019id\u00e9e d\u2019une vente future si une offre hors norme<br \/>\ndevait arriver : \u00ab C\u2019est une soci\u00e9t\u00e9 cot\u00e9e en bourse,<br \/>\nrappelle-t-il. Si quelqu\u2019un se laisse emporter et souhaite<br \/>\nracheter la F1 en offrant un prix sup\u00e9rieur \u00e0 ce que le conseil<br \/>\nd\u2019administration estime pouvoir d\u00e9livrer aux actionnaires, alors<br \/>\nnous vendrons, c\u2019est aussi simple que \u00e7a. \u00bb<\/p>\n<p><strong>Un avenir encore tr\u00e8s lucratif<br \/>\npour Liberty<\/strong><\/p>\n<p style=\"font-weight: 400\">Pour l\u2019heure, Malone estime que la F1<br \/>\nreste tr\u00e8s rentable et continue de se d\u00e9velopper. Gr\u00e2ce \u00e0<br \/>\nl\u2019expansion mondiale du calendrier, \u00e0 la mont\u00e9e en puissance de<br \/>\nnouveaux march\u00e9s comme les \u00c9tats-Unis et le Moyen-Orient, et \u00e0<br \/>\nl\u2019int\u00e9gration du MotoGP dans son portefeuille, Liberty Media entend<br \/>\nprofiter de la croissance du sport automobile mondial avant<br \/>\nd\u2019envisager une cession.<\/p>\n<p style=\"font-weight: 400\">La popularit\u00e9 de la Formule 1 atteint<br \/>\ndes sommets sans pr\u00e9c\u00e9dent, et cela se refl\u00e8te directement dans la<br \/>\nvaleur des \u00e9curies. Selon les derni\u00e8res estimations, chaque \u00e9quipe<br \/>\nde F1 est d\u00e9sormais \u00e9valu\u00e9e \u00e0 plus de 2,3 milliards de dollars en<br \/>\nmoyenne, un record historique pour la discipline.<\/p>\n<p style=\"font-weight: 400\">Cet essor est aliment\u00e9 par l\u2019expansion<br \/>\ninternationale du championnat, la diversification des revenus sous<br \/>\nl\u2019\u00e9gide de Liberty Media, mais aussi par un facteur culturel<br \/>\ninattendu : le succ\u00e8s du film \u00ab\u00a0F1\u00a0\u00bb avec Brad Pitt, produit en<br \/>\ncollaboration avec Apple et Lewis <a href=\"https:\/\/f1i.autojournal.fr\/dossiers\/pilotes-de-f1\/lewis-hamilton-f1-356976.html\" target=\"_blank\" rel=\"noopener\"><br \/>\nHamilton<\/a>.<\/p>\n<p><strong>Un coup de projecteur mondial<br \/>\ngr\u00e2ce au cin\u00e9ma<\/strong><\/p>\n<p style=\"font-weight: 400\">Ce film tr\u00e8s attendu, dont la sortie a<br \/>\neu lieu cet \u00e9t\u00e9 2025, a contribu\u00e9 \u00e0 renforcer l\u2019int\u00e9r\u00eat mondial<br \/>\npour la Formule 1. En mettant en sc\u00e8ne l\u2019univers des courses et des<br \/>\n\u00e9quipes, il attire un nouveau public, au-del\u00e0 des fans<br \/>\ntraditionnels du sport automobile.<\/p>\n<p style=\"font-weight: 400\">D\u00e9j\u00e0 compar\u00e9 \u00e0 des blockbusters comme<br \/>\nTop Gun: Maverick, le projet a g\u00e9n\u00e9r\u00e9 une forte<br \/>\nvisibilit\u00e9, notamment aux \u00c9tats-Unis, un march\u00e9 cl\u00e9 pour Liberty<br \/>\nMedia, et des recettes battant tous les records.<\/p>\n<p><strong>Des \u00e9quipes devenues des<br \/>\nmarques mondiales<\/strong><\/p>\n<p style=\"font-weight: 400\">Avec des revenus en hausse gr\u00e2ce aux<br \/>\ndroits TV, aux partenariats internationaux et aux \u00e9v\u00e9nements<br \/>\npremium comme les Grands Prix de Las Vegas, Miami ou encore<br \/>\nDjeddah, chaque \u00e9curie est d\u00e9sormais consid\u00e9r\u00e9e comme une marque<br \/>\nglobale, et non plus seulement une \u00e9quipe sportive.<\/p>\n<p style=\"font-weight: 400\">L&rsquo;environnement florissant explique<br \/>\npourquoi la valeur moyenne d\u2019une \u00e9quipe F1 a doubl\u00e9 en quelques<br \/>\nann\u00e9es, atteignant aujourd\u2019hui un niveau comparable \u00e0 celui de<br \/>\nfranchises NFL ou NBA.<\/p>\n<p style=\"font-weight: 400\">Ce contexte conforte Liberty Media dans<br \/>\nsa strat\u00e9gie de d\u00e9veloppement. Avec l\u2019int\u00e9gration du MotoGP via<br \/>\nDorna et l\u2019explosion de la valeur des \u00e9quipes, la Formule 1 se<br \/>\npositionne d\u00e9sormais comme l\u2019un des produits sportifs les plus<br \/>\nattractifs au monde.<\/p>\n","protected":false},"excerpt":{"rendered":"Le patron de Liberty Media, John Malone, a laiss\u00e9 entendre que la Formule 1 pourrait \u00eatre vendue si&hellip;\n","protected":false},"author":2,"featured_media":378251,"comment_status":"","ping_status":"","sticky":false,"template":"","format":"standard","meta":{"footnotes":""},"categories":[1412],"tags":[1451,1452,1453,1454,1455,1011,27,21878,51179,60],"class_list":{"0":"post-378250","1":"post","2":"type-post","3":"status-publish","4":"format-standard","5":"has-post-thumbnail","7":"category-f1","8":"tag-f1","9":"tag-formula-1","10":"tag-formula1","11":"tag-formule-1","12":"tag-formule1","13":"tag-fr","14":"tag-france","15":"tag-liberty-media","16":"tag-malone","17":"tag-sports"},"share_on_mastodon":{"url":"https:\/\/pubeurope.com\/@fr\/115175526710860348","error":""},"_links":{"self":[{"href":"https:\/\/www.europesays.com\/fr\/wp-json\/wp\/v2\/posts\/378250","targetHints":{"allow":["GET"]}}],"collection":[{"href":"https:\/\/www.europesays.com\/fr\/wp-json\/wp\/v2\/posts"}],"about":[{"href":"https:\/\/www.europesays.com\/fr\/wp-json\/wp\/v2\/types\/post"}],"author":[{"embeddable":true,"href":"https:\/\/www.europesays.com\/fr\/wp-json\/wp\/v2\/users\/2"}],"replies":[{"embeddable":true,"href":"https:\/\/www.europesays.com\/fr\/wp-json\/wp\/v2\/comments?post=378250"}],"version-history":[{"count":0,"href":"https:\/\/www.europesays.com\/fr\/wp-json\/wp\/v2\/posts\/378250\/revisions"}],"wp:featuredmedia":[{"embeddable":true,"href":"https:\/\/www.europesays.com\/fr\/wp-json\/wp\/v2\/media\/378251"}],"wp:attachment":[{"href":"https:\/\/www.europesays.com\/fr\/wp-json\/wp\/v2\/media?parent=378250"}],"wp:term":[{"taxonomy":"category","embeddable":true,"href":"https:\/\/www.europesays.com\/fr\/wp-json\/wp\/v2\/categories?post=378250"},{"taxonomy":"post_tag","embeddable":true,"href":"https:\/\/www.europesays.com\/fr\/wp-json\/wp\/v2\/tags?post=378250"}],"curies":[{"name":"wp","href":"https:\/\/api.w.org\/{rel}","templated":true}]}}