{"id":378252,"date":"2025-09-09T17:30:25","date_gmt":"2025-09-09T17:30:25","guid":{"rendered":"https:\/\/www.europesays.com\/fr\/378252\/"},"modified":"2025-09-09T17:30:25","modified_gmt":"2025-09-09T17:30:25","slug":"classement-general-et-resultats-apres-la-16e-etape","status":"publish","type":"post","link":"https:\/\/www.europesays.com\/fr\/378252\/","title":{"rendered":"Classement g\u00e9n\u00e9ral et r\u00e9sultats apr\u00e8s la 16e \u00e9tape"},"content":{"rendered":"<p>Au lendemain d&rsquo;une journ\u00e9e de repos, la <a href=\"https:\/\/www.20minutes.fr\/sport\/vuelta\/\" class=\"c-link c-link--is-underlined\" rel=\"nofollow noopener\" target=\"_blank\">Vuelta<\/a> a repris de plus belle, dans les montagnes galiciennes. Entre Poio et Mos et Castro de Herville, c&rsquo;est le Colombien Egan Bernal (Ineos Grenadiers) qui a remport\u00e9 la 16e \u00e9tape de ce Tour d&rsquo;Espagne 2025 au terme de 159 kilom\u00e8tres (au lieu des 167 kilom\u00e8tres pr\u00e9vus). Il a devanc\u00e9 l&rsquo;Espagnol Mikel Landa. <\/p>\n<p>Jonas Vingegaard (Visma Lease a Bike) conserve le Maillot <a href=\"https:\/\/www.20minutes.fr\/dossier\/rouge\" class=\"c-link c-link--is-underlined\" rel=\"nofollow noopener\" target=\"_blank\">Rouge<\/a> au terme de cette premi\u00e8re \u00e9tape de la derni\u00e8re semaine de la 80e \u00e9dition de la Vuelta, marqu\u00e9e par de nouvelles manifestations pro-palestiniennes. L&rsquo;arriv\u00e9e a \u00e9t\u00e9 r\u00e9alis\u00e9e \u00e0 8 kilom\u00e8tres de la fin initialement pr\u00e9vue.<\/p>\n<p class=\"mb-xxl@xs color-ultramarine font-weight-semi-bold@xs font-source-serif-pro heading-s@xs\">L\u2019acc\u00e8s \u00e0 ce contenu a \u00e9t\u00e9 bloqu\u00e9 afin de respecter votre choix de consentement<\/p>\n<p class=\"mb-m@xs text-l@xs\">En cliquant sur\u00ab J\u2019accepte \u00bb, vous acceptez le d\u00e9p\u00f4t de cookies par des services externes et aurez ainsi acc\u00e8s aux contenus de nos partenaires.<\/p>\n<p class=\"mb-xl@xs text-s@xs\">Plus d\u2019informations sur la page<a href=\"https:\/\/www.20minutes.fr\/gestion-cookies\" class=\"mx-xxs@xs color-ultramarine\" rel=\"nofollow noopener\" target=\"_blank\">Politique de gestion des cookies<\/a><\/p>\n<p>J\u2019accepteDeux Fran\u00e7ais pour un podium<\/p>\n<p>Le <a href=\"https:\/\/www.20minutes.fr\/dossier\/francais\" class=\"c-link c-link--is-underlined\" rel=\"nofollow noopener\" target=\"_blank\">Fran\u00e7ais<\/a> Cl\u00e9ment Braz Afonso (Groupama-FDJ) a \u00e9t\u00e9 malheureux \u00e0 8 kilom\u00e8tres de la fin, lorsqu&rsquo;il a crev\u00e9 alors qu&rsquo;il \u00e9tait id\u00e9alement plac\u00e9 pour aller chercher la victoire d&rsquo;\u00e9tape. Son compatriote et co\u00e9quipier Brieuc Rolland (Groupama-FDJ) en a profit\u00e9 pour monter sur le podium, \u00e0 7 secondes des hommes de t\u00eate.<\/p>\n<p>Le classement de la 16e \u00e9tape de la Vuelta 2025<\/p>\n<ol>\n<li>Egan Bernal &#8211; Ineos Grenadiers 03h35&rsquo;10\u00a0\u00bb<\/li>\n<li>Mikel Landa &#8211; Soudal &#8211; Quick Step \u00e0 0&Prime;<\/li>\n<li>Brieuc Rolland &#8211; Groupama-FDJ \u00e0 07\u00a0\u00bb<\/li>\n<li>Nico Denz &#8211; RedBull &#8211; Bora-Hansgrohe \u00e0 01&rsquo;02\u00a0\u00bb<\/li>\n<li>Cl\u00e9ment Braz Afonso &#8211; Groupama-FDJ \u00e0 01&rsquo;02\u00a0\u00bb<\/li>\n<li>Bob Jungels &#8211; Ineos Grenadiers \u00e0 01&rsquo;10\u00a0\u00bb<\/li>\n<li>Kevin Vermaerke &#8211; Picnic PostNL \u00e0 01&rsquo;12\u00a0\u00bb<\/li>\n<li>Finlay Pickering &#8211; Bahrain Victorious \u00e0 01&rsquo;12\u00a0\u00bb<\/li>\n<li>Sean Quinn &#8211; EF Education &#8211; Easy Post \u00e0 02&rsquo;48\u00a0\u00bb<\/li>\n<li>Rudy Molard &#8211; Groupama-FDJ \u00e0 02&rsquo;48\u00a0\u00bb<\/li>\n<\/ol>\n<p><a href=\"https:\/\/www.lavuelta.es\/fr\/classements\" class=\"c-link c-btn c-btn--primary\" rel=\"nofollow noopener\" target=\"_blank\">Le classement complet de la 16e \u00e9tape de la Vuelta 2025<\/a>Le classement g\u00e9n\u00e9ral apr\u00e8s la 16e \u00e9tape de la Vuelta 2025<a href=\"https:\/\/www.lavuelta.es\/fr\/classements\" target=\"_blank\" class=\"c-link c-btn c-btn--primary\" rel=\"nofollow noopener\">Le classement g\u00e9n\u00e9ral de la Vuelta complet<\/a><\/p>\n<ol>\n<li>Jonas Vingegaard &#8211; Visma Lease a Bike 61h16&rsquo;35\u00a0\u00bb<\/li>\n<li>Jo\u00e3o Almeida &#8211; UAE Team Emirates \u00e0 0&rsquo;48\u00a0\u00bb<\/li>\n<li>Thomas Pidcock &#8211; Q36.5 \u00e0 2&rsquo;38\u00a0\u00bb<\/li>\n<li>Jai Hindley &#8211; RedBull &#8211; Bora-Hansgrohe \u00e0 3&rsquo;10\u00a0\u00bb<\/li>\n<li>Giulio Pellizzari &#8211; RedBull &#8211; Bora-Hansgrohe \u00e0 4&rsquo;21\u00a0\u00bb<\/li>\n<li>Felix Gall &#8211; Decathlon AG2R La Mondiale \u00e0 4&rsquo;24\u00a0\u00bb<\/li>\n<li>Matthew Riccitello &#8211; Israel &#8211; Premier Tech \u00e0 4&rsquo;53\u00a0\u00bb<\/li>\n<li>Sepp Kuss &#8211; Visma Lease a Bike \u00e0 5&rsquo;46\u00a0\u00bb<\/li>\n<li>Torstein Traeen &#8211; Bahrain Victorious \u00e0 6&rsquo;33\u00a0\u00bb<\/li>\n<li>William Junior Lecerf &#8211; Soudal &#8211; Quick Step \u00e0 8&rsquo;04\u00a0\u00bb<\/li>\n<\/ol>\n<p>Mercredi, les coureurs ont rendez-vous avec une \u00e9tape entre O Barco de Valdeorras et Ponferrada (137 kilom\u00e8tres).<\/p>\n","protected":false},"excerpt":{"rendered":"Au lendemain d&rsquo;une journ\u00e9e de repos, la Vuelta a repris de plus belle, dans les montagnes galiciennes. Entre&hellip;\n","protected":false},"author":2,"featured_media":378253,"comment_status":"","ping_status":"","sticky":false,"template":"","format":"standard","meta":{"footnotes":""},"categories":[1411],"tags":[1154,207,34966,1011,27,27884,517,60,47885],"class_list":{"0":"post-378252","1":"post","2":"type-post","3":"status-publish","4":"format-standard","5":"has-post-thumbnail","7":"category-cyclisme","8":"tag-cycling","9":"tag-cyclisme","10":"tag-david-gaudu","11":"tag-fr","12":"tag-france","13":"tag-jonas-vingegaard","14":"tag-sport","15":"tag-sports","16":"tag-vuelta"},"share_on_mastodon":{"url":"https:\/\/pubeurope.com\/@fr\/115175530584212433","error":""},"_links":{"self":[{"href":"https:\/\/www.europesays.com\/fr\/wp-json\/wp\/v2\/posts\/378252","targetHints":{"allow":["GET"]}}],"collection":[{"href":"https:\/\/www.europesays.com\/fr\/wp-json\/wp\/v2\/posts"}],"about":[{"href":"https:\/\/www.europesays.com\/fr\/wp-json\/wp\/v2\/types\/post"}],"author":[{"embeddable":true,"href":"https:\/\/www.europesays.com\/fr\/wp-json\/wp\/v2\/users\/2"}],"replies":[{"embeddable":true,"href":"https:\/\/www.europesays.com\/fr\/wp-json\/wp\/v2\/comments?post=378252"}],"version-history":[{"count":0,"href":"https:\/\/www.europesays.com\/fr\/wp-json\/wp\/v2\/posts\/378252\/revisions"}],"wp:featuredmedia":[{"embeddable":true,"href":"https:\/\/www.europesays.com\/fr\/wp-json\/wp\/v2\/media\/378253"}],"wp:attachment":[{"href":"https:\/\/www.europesays.com\/fr\/wp-json\/wp\/v2\/media?parent=378252"}],"wp:term":[{"taxonomy":"category","embeddable":true,"href":"https:\/\/www.europesays.com\/fr\/wp-json\/wp\/v2\/categories?post=378252"},{"taxonomy":"post_tag","embeddable":true,"href":"https:\/\/www.europesays.com\/fr\/wp-json\/wp\/v2\/tags?post=378252"}],"curies":[{"name":"wp","href":"https:\/\/api.w.org\/{rel}","templated":true}]}}