{"id":378254,"date":"2025-09-09T17:31:12","date_gmt":"2025-09-09T17:31:12","guid":{"rendered":"https:\/\/www.europesays.com\/fr\/378254\/"},"modified":"2025-09-09T17:31:12","modified_gmt":"2025-09-09T17:31:12","slug":"un-jeune-stephanois-en-equipe-de-france","status":"publish","type":"post","link":"https:\/\/www.europesays.com\/fr\/378254\/","title":{"rendered":"Un jeune st\u00e9phanois en \u00e9quipe de France !"},"content":{"rendered":"<p><strong>\u00c0 seulement 15 ans (il aura 16 ans en octobre), Tidiane Vibert, ailier prometteur de l\u2019ASSE, vient d\u2019\u00eatre appel\u00e9 en \u00e9quipe de France U17. Surclass\u00e9 en U19 Nationaux depuis le d\u00e9but de saison, il confirme tout son potentiel et attire d\u00e9j\u00e0 les regards.<\/strong><\/p>\n<p>Form\u00e9 \u00e0 l\u2019AS Saint-\u00c9tienne, Tidiane Vibert n\u2019a pas attendu pour franchir les paliers. N\u00e9 en octobre 2009, il est encore \u00e9ligible chez les U17 mais \u00e9volue d\u00e9j\u00e0 avec les U19 Nationaux, o\u00f9 il s\u2019impose par sa vitesse, son explosivit\u00e9 et sa capacit\u00e9 \u00e0 d\u00e9stabiliser les d\u00e9fenses adverses. Son surclassement t\u00e9moigne de la confiance que le staff for\u00e9zien place en lui. Les performances du jeune St\u00e9phanois prouvent qu\u2019il a d\u00e9j\u00e0 les \u00e9paules pour rivaliser avec des joueurs plus \u00e2g\u00e9s et aguerris.<\/p>\n<p>Une premi\u00e8re en Bleu qui r\u00e9compense son talent<\/p>\n<p>La F\u00e9d\u00e9ration Fran\u00e7aise de Football vient de publier la liste des joueurs retenus pour le stage national U17 \u00e0 Clairefontaine. Tidiane Vibert figure parmi les attaquants convoqu\u00e9s pour affronter la Finlande les 17 et 19 septembre prochains. Une reconnaissance m\u00e9rit\u00e9e pour un joueur qui brille par son audace balle au pied, sa capacit\u00e9 \u00e0 faire la diff\u00e9rence en un contre un et sa r\u00e9gularit\u00e9 malgr\u00e9 son jeune \u00e2ge. Cette convocation en Bleu est une \u00e9tape importante dans sa progression et souligne son statut de grand espoir du football fran\u00e7ais.<\/p>\n<p>L\u2019ASSE peut-elle tenir une future p\u00e9pite ?<\/p>\n<p>Les supporters st\u00e9phanois r\u00eavent d\u00e9j\u00e0 de voir Tidiane Vibert percer avec l\u2019\u00e9quipe premi\u00e8re dans les prochaines ann\u00e9es. L\u2019ASSE a toujours \u00e9t\u00e9 un <a href=\"https:\/\/peuple-vert.fr\/category\/formation\/\" target=\"_blank\" rel=\"noopener nofollow\">club formateur<\/a> et ce nouvel appel confirme la qualit\u00e9 de son centre de formation. \u00c0 l\u2019heure o\u00f9 les Verts cherchent \u00e0 construire l\u2019avenir, la trajectoire de Vibert symbolise parfaitement l\u2019espoir d\u2019une nouvelle g\u00e9n\u00e9ration capable de ramener le club au sommet. Mais pour cela, il faudra g\u00e9rer avec prudence son d\u00e9veloppement, entre ambition et patience, afin de lui permettre de franchir chaque \u00e9tape sans br\u00fbler les \u00e9tapes.<\/p>\n<p>La convocation de Tidiane Vibert en \u00e9quipe de France U17 est une fiert\u00e9 pour l\u2019AS Saint-\u00c9tienne. \u00c0 15 ans, il fait d\u00e9j\u00e0 parler de lui et s\u2019impose comme l\u2019un des grands talents \u00e0 suivre dans les ann\u00e9es \u00e0 venir.<\/p>\n<blockquote class=\"twitter-tweet\">\n<p dir=\"ltr\" lang=\"fr\">\ud83c\uddeb\ud83c\uddf7U17 | Jarell Paisley et Lorenzo Kana Biyik sont s\u00e9lectionn\u00e9s avec l\u2019\u00c9quipe de France U17 pour deux matchs amicaux !! <a href=\"https:\/\/t.co\/GUpm7wLpOS\" rel=\"nofollow\">pic.twitter.com\/GUpm7wLpOS<\/a><\/p>\n<p>\u2014 ICParisSG \u2764\ufe0f\ud83d\udc99 (@icparissg_) <a href=\"https:\/\/twitter.com\/icparissg_\/status\/1965090097617055791?ref_src=twsrc%5Etfw\" rel=\"nofollow noopener\" target=\"_blank\">September 8, 2025<\/a><\/p>\n<\/blockquote>\n<p>\t\t\t\t\t\t\t\t\t\t\t\t\t\t\t\t\t<script async src=\"https:\/\/platform.twitter.com\/widgets.js\" charset=\"utf-8\"><\/script><\/p>\n","protected":false},"excerpt":{"rendered":"\u00c0 seulement 15 ans (il aura 16 ans en octobre), Tidiane Vibert, ailier prometteur de l\u2019ASSE, vient d\u2019\u00eatre&hellip;\n","protected":false},"author":2,"featured_media":378255,"comment_status":"","ping_status":"","sticky":false,"template":"","format":"standard","meta":{"footnotes":""},"categories":[1410],"tags":[63,1011,27,60],"class_list":{"0":"post-378254","1":"post","2":"type-post","3":"status-publish","4":"format-standard","5":"has-post-thumbnail","7":"category-football","8":"tag-football","9":"tag-fr","10":"tag-france","11":"tag-sports"},"share_on_mastodon":{"url":"https:\/\/pubeurope.com\/@fr\/115175534397840336","error":""},"_links":{"self":[{"href":"https:\/\/www.europesays.com\/fr\/wp-json\/wp\/v2\/posts\/378254","targetHints":{"allow":["GET"]}}],"collection":[{"href":"https:\/\/www.europesays.com\/fr\/wp-json\/wp\/v2\/posts"}],"about":[{"href":"https:\/\/www.europesays.com\/fr\/wp-json\/wp\/v2\/types\/post"}],"author":[{"embeddable":true,"href":"https:\/\/www.europesays.com\/fr\/wp-json\/wp\/v2\/users\/2"}],"replies":[{"embeddable":true,"href":"https:\/\/www.europesays.com\/fr\/wp-json\/wp\/v2\/comments?post=378254"}],"version-history":[{"count":0,"href":"https:\/\/www.europesays.com\/fr\/wp-json\/wp\/v2\/posts\/378254\/revisions"}],"wp:featuredmedia":[{"embeddable":true,"href":"https:\/\/www.europesays.com\/fr\/wp-json\/wp\/v2\/media\/378255"}],"wp:attachment":[{"href":"https:\/\/www.europesays.com\/fr\/wp-json\/wp\/v2\/media?parent=378254"}],"wp:term":[{"taxonomy":"category","embeddable":true,"href":"https:\/\/www.europesays.com\/fr\/wp-json\/wp\/v2\/categories?post=378254"},{"taxonomy":"post_tag","embeddable":true,"href":"https:\/\/www.europesays.com\/fr\/wp-json\/wp\/v2\/tags?post=378254"}],"curies":[{"name":"wp","href":"https:\/\/api.w.org\/{rel}","templated":true}]}}