{"id":378260,"date":"2025-09-09T17:34:15","date_gmt":"2025-09-09T17:34:15","guid":{"rendered":"https:\/\/www.europesays.com\/fr\/378260\/"},"modified":"2025-09-09T17:34:15","modified_gmt":"2025-09-09T17:34:15","slug":"une-edition-pour-lire-et-relier","status":"publish","type":"post","link":"https:\/\/www.europesays.com\/fr\/378260\/","title":{"rendered":"une \u00e9dition pour lire et relier"},"content":{"rendered":"<p>                            1. Des genres litt\u00e9raires et des animations pour tous et partout<\/p>\n<p>Romans, BD, essais sur l\u2019actualit\u00e9, contes revisit\u00e9s, mangas\u2026 La diversit\u00e9 est reine. Ainsi, pour faire le lien entre tous les imaginaires, rien ne vaut les rencontres, les d\u00e9bats mais aussi les animations plurielles. Les battles BD, l\u2019atelier quizz manga, l\u2019initiation aux hi\u00e9roglyphes ou les performances dessin\u00e9es sont autant de pr\u00e9textes \u00e0 rassembler les g\u00e9n\u00e9rations.<\/p>\n<p>2. Une marraine adul\u00e9e par son public<\/p>\n<p>Agn\u00e8s Ledig, ancienne sage-femme et&#8230;<\/p>\n","protected":false},"excerpt":{"rendered":"1. Des genres litt\u00e9raires et des animations pour tous et partout Romans, BD, essais sur l\u2019actualit\u00e9, contes revisit\u00e9s,&hellip;\n","protected":false},"author":2,"featured_media":378261,"comment_status":"","ping_status":"","sticky":false,"template":"","format":"standard","meta":{"footnotes":""},"categories":[1357],"tags":[1379,1687,58,7539,59,1011,27,1380,2410,4001,7538],"class_list":{"0":"post-378260","1":"post","2":"type-post","3":"status-publish","4":"format-standard","5":"has-post-thumbnail","7":"category-livres","8":"tag-books","9":"tag-culture-loisirs","10":"tag-divertissement","11":"tag-edition-loire-sud","12":"tag-entertainment","13":"tag-fr","14":"tag-france","15":"tag-livres","16":"tag-livres-bd","17":"tag-saint-etienne","18":"tag-saint-etienne-ville"},"share_on_mastodon":{"url":"https:\/\/pubeurope.com\/@fr\/115175546212711864","error":""},"_links":{"self":[{"href":"https:\/\/www.europesays.com\/fr\/wp-json\/wp\/v2\/posts\/378260","targetHints":{"allow":["GET"]}}],"collection":[{"href":"https:\/\/www.europesays.com\/fr\/wp-json\/wp\/v2\/posts"}],"about":[{"href":"https:\/\/www.europesays.com\/fr\/wp-json\/wp\/v2\/types\/post"}],"author":[{"embeddable":true,"href":"https:\/\/www.europesays.com\/fr\/wp-json\/wp\/v2\/users\/2"}],"replies":[{"embeddable":true,"href":"https:\/\/www.europesays.com\/fr\/wp-json\/wp\/v2\/comments?post=378260"}],"version-history":[{"count":0,"href":"https:\/\/www.europesays.com\/fr\/wp-json\/wp\/v2\/posts\/378260\/revisions"}],"wp:featuredmedia":[{"embeddable":true,"href":"https:\/\/www.europesays.com\/fr\/wp-json\/wp\/v2\/media\/378261"}],"wp:attachment":[{"href":"https:\/\/www.europesays.com\/fr\/wp-json\/wp\/v2\/media?parent=378260"}],"wp:term":[{"taxonomy":"category","embeddable":true,"href":"https:\/\/www.europesays.com\/fr\/wp-json\/wp\/v2\/categories?post=378260"},{"taxonomy":"post_tag","embeddable":true,"href":"https:\/\/www.europesays.com\/fr\/wp-json\/wp\/v2\/tags?post=378260"}],"curies":[{"name":"wp","href":"https:\/\/api.w.org\/{rel}","templated":true}]}}