{"id":378262,"date":"2025-09-09T17:35:17","date_gmt":"2025-09-09T17:35:17","guid":{"rendered":"https:\/\/www.europesays.com\/fr\/378262\/"},"modified":"2025-09-09T17:35:17","modified_gmt":"2025-09-09T17:35:17","slug":"la-transformation-de-cherie-25-en-rmc-life-sur-des-bons-rails-verdict-le-17-septembre","status":"publish","type":"post","link":"https:\/\/www.europesays.com\/fr\/378262\/","title":{"rendered":"La transformation de Ch\u00e9rie 25 en RMC Life sur des bons rails, verdict le 17 septembre"},"content":{"rendered":"<p>                                                                                                                                    <img decoding=\"async\" width=\"800\" height=\"450\" src=\"https:\/\/www.europesays.com\/fr\/wp-content\/uploads\/2025\/04\/TV-800x450-c-default.jpg\" class=\"featured-image tease-featured-image \" alt=\"La transformation de Ch\u00e9rie 25 en RMC Life sur des bons rails, verdict le 17 septembre\" fetchpriority=\"high\"\/><\/p>\n<p><strong>Apr\u00e8s le retrait de NRJ 12 de la TNT, NRJ Group a choisi d\u2019anticiper les difficult\u00e9s \u00e9conomiques en mettant en vente sa seconde cha\u00eene gratuite, Ch\u00e9rie 25.<\/strong><\/p>\n<p>En mai dernier, CMA Media \u2013 filiale de CMA CGM et maison m\u00e8re de RMC BFM \u2013 a sign\u00e9 une promesse d\u2019achat pour reprendre la cha\u00eene num\u00e9ro 25 de la TNT. Mais l\u2019op\u00e9ration reste conditionn\u00e9e \u00e0 l\u2019aval de l\u2019Arcom, le r\u00e9gulateur de l\u2019audiovisuel. Selon les informations d\u2019<a href=\"https:\/\/x.com\/Adschwyter\/status\/1965369583990440174\" target=\"_blank\" rel=\"noopener nofollow\">Adrien Schwyter<\/a> (Challenges), le dossier avance bien et une d\u00e9cision d\u00e9finitive est attendue le 17 septembre.<\/p>\n<p>Si l\u2019approbation est confirm\u00e9e, Ch\u00e9rie 25 devrait \u00eatre <a href=\"https:\/\/www.universfreebox.com\/article\/585370\/cest-confirme-cette-chaine-de-la-tnt-devrait-bientot-changer-de-nom\" target=\"_blank\" rel=\"noopener nofollow\">rebaptis\u00e9e RMC Life<\/a> d\u00e8s le 1er octobre, avec une ligne \u00e9ditoriale centr\u00e9e sur le bien-\u00eatre et le lifestyle. Ce projet s\u2019inscrit dans la volont\u00e9 de CMA Media de constituer un v\u00e9ritable p\u00f4le RMC sur la TNT, aux c\u00f4t\u00e9s de RMC D\u00e9couverte et RMC Story.<\/p>\n<p>Des rumeurs \u00e9voquaient d\u2019ailleurs un rebranding plus large d\u00e8s cette rentr\u00e9e : RMC D\u00e9couverte aurait pu devenir RMC Docs et RMC Story adopter le nom RMC Life. Mais le rachat de Ch\u00e9rie 25 semble avoir modifi\u00e9 ces plans \u00e0 la derni\u00e8re minute.<\/p>\n<p class=\"view_none\" style=\"color:red\"><a style=\"color:red\" href=\"https:\/\/www.universfreebox.com\/article\/585771\/la-transformation-de-cherie-25-en-rmc-life-sur-des-bons-rails-verdict-le-17-septembre\" rel=\"nofollow noopener\" target=\"_blank\">Cet article a \u00e9t\u00e9 repris sur le site Univers FreeBox<\/a> <\/p>\n","protected":false},"excerpt":{"rendered":"Apr\u00e8s le retrait de NRJ 12 de la TNT, NRJ Group a choisi d\u2019anticiper les difficult\u00e9s \u00e9conomiques en&hellip;\n","protected":false},"author":2,"featured_media":59347,"comment_status":"","ping_status":"","sticky":false,"template":"","format":"standard","meta":{"footnotes":""},"categories":[1356],"tags":[58,59,1011,27,252,1364],"class_list":{"0":"post-378262","1":"post","2":"type-post","3":"status-publish","4":"format-standard","5":"has-post-thumbnail","7":"category-television","8":"tag-divertissement","9":"tag-entertainment","10":"tag-fr","11":"tag-france","12":"tag-television","13":"tag-tv"},"share_on_mastodon":{"url":"https:\/\/pubeurope.com\/@fr\/115175550208884162","error":""},"_links":{"self":[{"href":"https:\/\/www.europesays.com\/fr\/wp-json\/wp\/v2\/posts\/378262","targetHints":{"allow":["GET"]}}],"collection":[{"href":"https:\/\/www.europesays.com\/fr\/wp-json\/wp\/v2\/posts"}],"about":[{"href":"https:\/\/www.europesays.com\/fr\/wp-json\/wp\/v2\/types\/post"}],"author":[{"embeddable":true,"href":"https:\/\/www.europesays.com\/fr\/wp-json\/wp\/v2\/users\/2"}],"replies":[{"embeddable":true,"href":"https:\/\/www.europesays.com\/fr\/wp-json\/wp\/v2\/comments?post=378262"}],"version-history":[{"count":0,"href":"https:\/\/www.europesays.com\/fr\/wp-json\/wp\/v2\/posts\/378262\/revisions"}],"wp:featuredmedia":[{"embeddable":true,"href":"https:\/\/www.europesays.com\/fr\/wp-json\/wp\/v2\/media\/59347"}],"wp:attachment":[{"href":"https:\/\/www.europesays.com\/fr\/wp-json\/wp\/v2\/media?parent=378262"}],"wp:term":[{"taxonomy":"category","embeddable":true,"href":"https:\/\/www.europesays.com\/fr\/wp-json\/wp\/v2\/categories?post=378262"},{"taxonomy":"post_tag","embeddable":true,"href":"https:\/\/www.europesays.com\/fr\/wp-json\/wp\/v2\/tags?post=378262"}],"curies":[{"name":"wp","href":"https:\/\/api.w.org\/{rel}","templated":true}]}}