{"id":378275,"date":"2025-09-09T17:42:12","date_gmt":"2025-09-09T17:42:12","guid":{"rendered":"https:\/\/www.europesays.com\/fr\/378275\/"},"modified":"2025-09-09T17:42:12","modified_gmt":"2025-09-09T17:42:12","slug":"dette-la-france-emprunte-desormais-au-meme-taux-que-litalie-actualites","status":"publish","type":"post","link":"https:\/\/www.europesays.com\/fr\/378275\/","title":{"rendered":"Dette: la France emprunte d\u00e9sormais au m\u00eame taux que l&rsquo;Italie : Actualit\u00e9s"},"content":{"rendered":"<p class=\"lead \">La France emprunte d\u00e9sormais aussi cher que l&rsquo;Italie \u00e0 \u00e9ch\u00e9ance dix ans, au lendemain de la chute du gouvernement Bayrou et \u00e0 l&rsquo;approche de la r\u00e9vision de la notation du pays vendredi par l&rsquo;agence Fitch Ratings. <\/p>\n<p class=\"lead \">Le taux de l&#8217;emprunt fran\u00e7ais \u00e0 dix ans, la r\u00e9f\u00e9rence en terme de rendement de la dette souveraine, a termin\u00e9 mardi en hausse, \u00e0 3,47%, lorsque son \u00e9quivalent italien a fini juste au-dessus, \u00e0 3,48%.<\/p>\n<p class=\"lead \">Durant la s\u00e9ance, le rendement italien est m\u00eame pass\u00e9 bri\u00e8vement sous son \u00e9quivalent fran\u00e7ais.<\/p>\n<p class=\"lead \">Cette situation est in\u00e9dite depuis le lancement de l&rsquo;euro en 2002, alors que Rome a longtemps \u00e9t\u00e9 consid\u00e9r\u00e9e parmi les mauvais \u00e9l\u00e8ves en Europe en termes de ma\u00eetrise de sa dette publique.<\/p>\n<p class=\"lead \">Mais la situation budg\u00e9taire italienne \u00ab\u00a0s&rsquo;est am\u00e9lior\u00e9e ces derni\u00e8res ann\u00e9es et le gouvernement Meloni s&rsquo;est engag\u00e9 \u00e0 ramener leur d\u00e9ficit \u00e0 2,8% d&rsquo;ici 2026\u00a0\u00bb, explique Alexandre Baradez, responsable de l&rsquo;analyse march\u00e9s chez IG France.<\/p>\n<p class=\"lead \"><img decoding=\"async\" class=\"w-100\" src=\"https:\/\/www.europesays.com\/fr\/wp-content\/uploads\/2025\/09\/2275\/actu\/afp-news\/482831d1-25c5-47a8-86d1-3e7e9eb127f4-2.jpg\" alt=\"\"\/> Au contraire, \u00ab\u00a0sur les 3 derni\u00e8res ann\u00e9es, on a un d\u00e9ficit qui a augment\u00e9 en France, \u00e0 rebours de ce qui se passe ailleurs en Europe\u00a0\u00bb, rel\u00e8ve Julien-Pierre Nouen, directeur des \u00e9tudes \u00e9conomiques chez Lazard Fr\u00e8res Gestion.<\/p>\n<p class=\"lead \">Plus une dette publique est jug\u00e9e risqu\u00e9e par les march\u00e9s financiers, plus son taux de rendement est \u00e9lev\u00e9.<\/p>\n<p class=\"lead \">Ce rench\u00e9rissement du co\u00fbt de la dette fran\u00e7aise fait directement suite au vote de confiance perdu lundi par Fran\u00e7ois Bayrou, qui l&rsquo;avait sollicit\u00e9 \u00e0 la suite de son annonce de plus de 40 milliards d&rsquo;euros d&rsquo;\u00e9conomies en juillet.<\/p>\n<p class=\"lead \">L&rsquo;\u00e9cart entre le taux d&rsquo;int\u00e9r\u00eat fran\u00e7ais et son \u00e9quivalent allemand, une r\u00e9f\u00e9rence sur le march\u00e9 europ\u00e9en ne cesse \u00e9galement de se creuser. Depuis l&rsquo;annonce, le 25 ao\u00fbt, du vote de confiance par Fran\u00e7ois Bayrou, il s&rsquo;est \u00e9largi de 0,70 point de pourcentage \u00e0 0,81 point mardi en cl\u00f4ture.<\/p>\n<p class=\"lead \">\u00ab\u00a0Il faut rappeler que l&rsquo;\u00e9cart \u00e9tait d&rsquo;environ 50 points de base\u00a0\u00bb avant la dissolution de l&rsquo;Assembl\u00e9e nationale d\u00e9clench\u00e9e par Emmanuel Macron en juin 2024, commente Paul Jackson, directeur mondial de la recherche en allocation d&rsquo;actifs chez Invesco.<\/p>\n<p class=\"lead \">Si le pr\u00e9sident de la R\u00e9publique a affirm\u00e9 son intention de vouloir nommer un Premier ministre rapidement, la d\u00e9mission de Fran\u00e7ois Bayrou rendue effective mardi augmente l&rsquo;incertitude, ce qu&rsquo;abhorrent les investisseurs. <\/p>\n<p class=\"lead \">\u00ab\u00a0La France vient de basculer dans une nouvelle zone de turbulences\u00a0\u00bb, a ainsi not\u00e9 mardi John Plassard, responsable de la strat\u00e9gie d&rsquo;investissement chez Cit\u00e9 Gestion Private Bank.<\/p>\n<p class=\"lead \">Les investisseurs ont d\u00e9sormais les yeux riv\u00e9s vers l&rsquo;agence Fitch Ratings, qui doit actualiser la note de la France vendredi. \u00ab\u00a0L&rsquo;agence a d\u00e9j\u00e0 plac\u00e9 la France sous perspective n\u00e9gative, un abaissement est d\u00e9sormais probable\u00a0\u00bb, estime John Plassard.<\/p>\n<p class=\"lead \">Du c\u00f4t\u00e9 des actions, l&rsquo;indice vedette CAC 40 a pris 0,19%, soit 14,55 points \u00e0 7.7749 points. <\/p>\n<p class=\"small font-weight-bold text-gray3 \"> publi\u00e9 le 9 septembre \u00e0 19h26, AFP<\/p>\n<p>                             Partager<\/p>\n","protected":false},"excerpt":{"rendered":"La France emprunte d\u00e9sormais aussi cher que l&rsquo;Italie \u00e0 \u00e9ch\u00e9ance dix ans, au lendemain de la chute du&hellip;\n","protected":false},"author":2,"featured_media":378276,"comment_status":"","ping_status":"","sticky":false,"template":"","format":"standard","meta":{"footnotes":""},"categories":[6],"tags":[340,35,33,34,1011,27,452,6205],"class_list":{"0":"post-378275","1":"post","2":"type-post","3":"status-publish","4":"format-standard","5":"has-post-thumbnail","7":"category-economie","8":"tag-bourse","9":"tag-business","10":"tag-economie","11":"tag-economy","12":"tag-fr","13":"tag-france","14":"tag-italie","15":"tag-marchs"},"share_on_mastodon":{"url":"https:\/\/pubeurope.com\/@fr\/115175577611498862","error":""},"_links":{"self":[{"href":"https:\/\/www.europesays.com\/fr\/wp-json\/wp\/v2\/posts\/378275","targetHints":{"allow":["GET"]}}],"collection":[{"href":"https:\/\/www.europesays.com\/fr\/wp-json\/wp\/v2\/posts"}],"about":[{"href":"https:\/\/www.europesays.com\/fr\/wp-json\/wp\/v2\/types\/post"}],"author":[{"embeddable":true,"href":"https:\/\/www.europesays.com\/fr\/wp-json\/wp\/v2\/users\/2"}],"replies":[{"embeddable":true,"href":"https:\/\/www.europesays.com\/fr\/wp-json\/wp\/v2\/comments?post=378275"}],"version-history":[{"count":0,"href":"https:\/\/www.europesays.com\/fr\/wp-json\/wp\/v2\/posts\/378275\/revisions"}],"wp:featuredmedia":[{"embeddable":true,"href":"https:\/\/www.europesays.com\/fr\/wp-json\/wp\/v2\/media\/378276"}],"wp:attachment":[{"href":"https:\/\/www.europesays.com\/fr\/wp-json\/wp\/v2\/media?parent=378275"}],"wp:term":[{"taxonomy":"category","embeddable":true,"href":"https:\/\/www.europesays.com\/fr\/wp-json\/wp\/v2\/categories?post=378275"},{"taxonomy":"post_tag","embeddable":true,"href":"https:\/\/www.europesays.com\/fr\/wp-json\/wp\/v2\/tags?post=378275"}],"curies":[{"name":"wp","href":"https:\/\/api.w.org\/{rel}","templated":true}]}}