{"id":378279,"date":"2025-09-09T17:44:13","date_gmt":"2025-09-09T17:44:13","guid":{"rendered":"https:\/\/www.europesays.com\/fr\/378279\/"},"modified":"2025-09-09T17:44:13","modified_gmt":"2025-09-09T17:44:13","slug":"tetes-de-cochon-devant-des-mosquees-une-vague-de-vandalisme-islamophobe-en-ile-de-france-mediapart","status":"publish","type":"post","link":"https:\/\/www.europesays.com\/fr\/378279\/","title":{"rendered":"T\u00eates de cochon devant des mosqu\u00e9es : une vague de vandalisme islamophobe en \u00cele-de-France &#8211; Mediapart"},"content":{"rendered":"<ol>\n<li><a href=\"https:\/\/news.google.com\/rss\/articles\/CBMi0AFBVV95cUxNX0M1Y3lJM09NcEZlbmhlakQ3a0ZSN0ljbWdoVVQ3emtRcGpSYUsycGVEUmxEMnNVRVZER3prYmZ0eFd0ak41YlROTG1SNEh6R240M3lSQ25rZTJ2ekJnS0FLd1lzQ3F5LW82WVBHX0pTMmtmUTRZWXAtUjc0SDNoemoydmRfanZvdTZXSXhuOVNDMlhydTlDUUQzdi1MQy1hMFhwRG5IaG56ZTFHd182OUhBQlU2REZrZmJSeTZaTnJkVFV6MV9Nc0lWaG5KdlNv?oc=5\" target=\"_blank\" rel=\"noopener\">T\u00eates de cochon devant des mosqu\u00e9es : une vague de vandalisme islamophobe en \u00cele-de-France<\/a>&nbsp;&nbsp;Mediapart<\/li>\n<li><a href=\"https:\/\/news.google.com\/rss\/articles\/CBMikAJBVV95cUxNNzNZbFEyOXFTdHlJMEs0UEM3d2cySzdWZ2RhTnZQQUNXeUN1OUl0X2N2SXc5VVpLclZKaHBVSDFUOENudEQ0TUVHM2I0dEMzdUVqR2RwQjh6cmVSOUpucUQwTTljbmotdHlkLWM4NmNCelloTGpYdXRoVk1VTVFwTjNBYWRaaDJVXzlSaVE0ejdTY2gybHgxcGt1SVhDRC1ZYzZFblRLVmxEYmVuYUlpbkUwaDI2ZExYcGtHLThNYXhKVjFVY2t3RDU5VjNHem5QOGpQV2JZa25HUDJ1UEJtQjdOcHVQcURYa181QmhwZGVHVy1Yd0V6UW9qSUxQZ2NIZ3A4cTkyOXVNUjRBYVRxUg?oc=5\" target=\"_blank\" rel=\"noopener\">Des t\u00eates de cochon devant plusieurs mosqu\u00e9es, \u00ab une nouvelle et triste \u00e9tape dans la mont\u00e9e de la haine antimusulmane \u00bb<\/a>&nbsp;&nbsp;Le Monde.fr<\/li>\n<li><a href=\"https:\/\/news.google.com\/rss\/articles\/CBMiqAJBVV95cUxONGlPaTIweU5HSjd0R3lSZUxlb2JVLXNkOXBYUnpJY2F6ZXVCZEtjZV8wS0NuZnlrVGwzY2hNUlY2YTMyZ1hJZG1LSVdBUDM5OE01aEI3X1BpeEYybHhDc1JCZ3ZId29RRXlNNVV2M3pGWVdrQi01ay01b2FfYkhNTThXbXNZOXJlRHI5Wm9EX0FTc213bUNDandrV0ZOSWxWTkhvVVFvdHdULXN4TnVkdXowNFk5azhrcC1qVDRUM2RWNFhOYUhCQnYwTXI0XzZqVFJDcnRGNDFtT3lsYWhpUTlPeWFUNEhuTWdiN0hjR094Slp0OVRRVDZ2RnVaRndIbnIzYmtYRTF0QWZBdEV4NnFoWm05S3RGTWdpR29sTHBSX3lVOXFtTg?oc=5\" target=\"_blank\" rel=\"noopener\">\u00abOn est rest\u00e9s sans voix\u00bb : \u00e0 Paris et Montrouge, l\u2019indignation devant les mosqu\u00e9es o\u00f9 ont \u00e9t\u00e9 retrouv\u00e9es des t\u00eates de cochons<\/a>&nbsp;&nbsp;Lib\u00e9ration<\/li>\n<li><a href=\"https:\/\/news.google.com\/rss\/articles\/CBMi0wJBVV95cUxOZk1UQ0Z3dUMyQlRvaURDMXg5Yk5CZHdiSmh4a2JvYWFKeFhQblJwQ19XcDdpbHZBN3pRSVljdnl2akg0a3p3bDlEUGRtVjZfSTktenFzdGJjMkcwRkJaTTBVVFQzcVBiNm5aWUYzWmhfN0Q5WXY4bWNQWVNMX3dxOUlVdFRpVUFEQkc4Vk5fLUZuNWhXTENueFdNT3JEZkMyNmpVMFNCX3ktdHZHSHhOaW44aW96TFpDbDFwWVZQWXgzdEUzR2hBck5fZFJRWGRwTlBScU1la1FqcGlNTlk1Z1p2S3VoczNZTEdSQTN1WXRPN2VrZWowWkFmbXVXY0dmM0c0LXBvSmRnUkRMZjZGZEVIQkVnLWdhU3BKQW1XMGwyVG5QMXJjc3JPSl9pRWRySzBDZlR4Sm9obHpqSE9WRGtJZTJDeGFyRVpHWXZKcVRiSk0?oc=5\" target=\"_blank\" rel=\"noopener\">Jean-Luc M\u00e9lenchon accuse Bruno Retailleau de \u00ab\u00a0chauffer \u00e0 blanc\u00a0\u00bb les islamophobes, apr\u00e8s la d\u00e9couverte de t\u00eates de cochon devant des mosqu\u00e9es<\/a>&nbsp;&nbsp;France Info<\/li>\n<li><a href=\"https:\/\/news.google.com\/rss\/articles\/CBMi7AFBVV95cUxPWi1JREhWS01oRElJTWI2UUJHOUlZWkdRM3B4TS1xUHpuX2Z0NXV4MEx6LWVNU3JkcmRFdm9hZFlHN1N3OGIzNW9UWU1yQkVwc0xsR0l3N2JtUC0ycWV6ejJTQ3NBMnFrVlNMX1dwakprV3hzaS1xeEJvTkxjbU53d1NQNmswUE9vN3NPSFZWOWZBcnRmbTQ5NFRWd3h0eWxTbGlzdnZNSWZ3c2JXY0haNTFEQUlfZzFhcUR5QmhwMmFwQWZVYVpsaE9scy1mZWllMG4xS0tndGJPVklKaGxqcDk5bjgzYUNSNENNZw?oc=5\" target=\"_blank\" rel=\"noopener\">DOCUMENT \u00ab\u00a0ICI\u00a0\u00bb &#8211; Les images de l&rsquo;homme qui d\u00e9pose une t\u00eate de cochon devant la mosqu\u00e9e de Montreuil<\/a>&nbsp;&nbsp;francebleu.fr<\/li>\n<\/ol>\n","protected":false},"excerpt":{"rendered":"T\u00eates de cochon devant des mosqu\u00e9es : une vague de vandalisme islamophobe en \u00cele-de-France&nbsp;&nbsp;Mediapart Des t\u00eates de cochon&hellip;\n","protected":false},"author":2,"featured_media":378280,"comment_status":"","ping_status":"","sticky":false,"template":"","format":"standard","meta":{"footnotes":""},"categories":[4],"tags":[11,5894,1011,27,662,11696,6269,21715,12,626,25],"class_list":{"0":"post-378279","1":"post","2":"type-post","3":"status-publish","4":"format-standard","5":"has-post-thumbnail","7":"category-france","8":"tag-actualites","9":"tag-discriminations","10":"tag-fr","11":"tag-france","12":"tag-ile-de-france","13":"tag-ingerences-etrangeres","14":"tag-islamophobie","15":"tag-mosquees","16":"tag-news","17":"tag-paris","18":"tag-republique-francaise"},"share_on_mastodon":{"url":"https:\/\/pubeurope.com\/@fr\/115175585972178935","error":""},"_links":{"self":[{"href":"https:\/\/www.europesays.com\/fr\/wp-json\/wp\/v2\/posts\/378279","targetHints":{"allow":["GET"]}}],"collection":[{"href":"https:\/\/www.europesays.com\/fr\/wp-json\/wp\/v2\/posts"}],"about":[{"href":"https:\/\/www.europesays.com\/fr\/wp-json\/wp\/v2\/types\/post"}],"author":[{"embeddable":true,"href":"https:\/\/www.europesays.com\/fr\/wp-json\/wp\/v2\/users\/2"}],"replies":[{"embeddable":true,"href":"https:\/\/www.europesays.com\/fr\/wp-json\/wp\/v2\/comments?post=378279"}],"version-history":[{"count":0,"href":"https:\/\/www.europesays.com\/fr\/wp-json\/wp\/v2\/posts\/378279\/revisions"}],"wp:featuredmedia":[{"embeddable":true,"href":"https:\/\/www.europesays.com\/fr\/wp-json\/wp\/v2\/media\/378280"}],"wp:attachment":[{"href":"https:\/\/www.europesays.com\/fr\/wp-json\/wp\/v2\/media?parent=378279"}],"wp:term":[{"taxonomy":"category","embeddable":true,"href":"https:\/\/www.europesays.com\/fr\/wp-json\/wp\/v2\/categories?post=378279"},{"taxonomy":"post_tag","embeddable":true,"href":"https:\/\/www.europesays.com\/fr\/wp-json\/wp\/v2\/tags?post=378279"}],"curies":[{"name":"wp","href":"https:\/\/api.w.org\/{rel}","templated":true}]}}