{"id":378283,"date":"2025-09-09T17:46:15","date_gmt":"2025-09-09T17:46:15","guid":{"rendered":"https:\/\/www.europesays.com\/fr\/378283\/"},"modified":"2025-09-09T17:46:15","modified_gmt":"2025-09-09T17:46:15","slug":"des-lumieres-led-pour-un-avenir-plus-durable","status":"publish","type":"post","link":"https:\/\/www.europesays.com\/fr\/378283\/","title":{"rendered":"des lumi\u00e8res LED pour un avenir plus durable"},"content":{"rendered":"<p>Sur le parking rue du Coin, ce vendredi, Axel Dugua, maire de Saint-Chamond, proc\u00e8de symboliquement au remplacement de la derni\u00e8re lanterne 250\u00a0W par un mod\u00e8le \u00e0 LED.<\/p>\n<p>\u00c0 cette occasion, il a tenu \u00e0 souligner les enjeux cruciaux attach\u00e9s \u00e0 la modernisation de l\u2019\u00e9clairage public de la Ville. \u00ab\u00a0Ce programme, initi\u00e9 par la commune, vise \u00e0 remplacer en 2025, 425 luminaires vieillissants de 250\u00a0W par des mod\u00e8les 50\u00a0W \u00e0 LED plus performants. Cette initiative,&#8230;<\/p>\n","protected":false},"excerpt":{"rendered":"Sur le parking rue du Coin, ce vendredi, Axel Dugua, maire de Saint-Chamond, proc\u00e8de symboliquement au remplacement de&hellip;\n","protected":false},"author":2,"featured_media":378284,"comment_status":"","ping_status":"","sticky":false,"template":"","format":"standard","meta":{"footnotes":""},"categories":[9653],"tags":[1111,11,2430,33,7539,893,1777,674,1011,27,12,25,9669,9670,4001],"class_list":{"0":"post-378283","1":"post","2":"type-post","3":"status-publish","4":"format-standard","5":"has-post-thumbnail","7":"category-saint-etienne","8":"tag-actu","9":"tag-actualites","10":"tag-auvergne-rhone-alpes","11":"tag-economie","12":"tag-edition-loire-sud","13":"tag-energie","14":"tag-eu","15":"tag-europe","16":"tag-fr","17":"tag-france","18":"tag-news","19":"tag-republique-francaise","20":"tag-saint-chamond","21":"tag-saint-chamond-ville","22":"tag-saint-etienne"},"share_on_mastodon":{"url":"https:\/\/pubeurope.com\/@fr\/115175593392810357","error":""},"_links":{"self":[{"href":"https:\/\/www.europesays.com\/fr\/wp-json\/wp\/v2\/posts\/378283","targetHints":{"allow":["GET"]}}],"collection":[{"href":"https:\/\/www.europesays.com\/fr\/wp-json\/wp\/v2\/posts"}],"about":[{"href":"https:\/\/www.europesays.com\/fr\/wp-json\/wp\/v2\/types\/post"}],"author":[{"embeddable":true,"href":"https:\/\/www.europesays.com\/fr\/wp-json\/wp\/v2\/users\/2"}],"replies":[{"embeddable":true,"href":"https:\/\/www.europesays.com\/fr\/wp-json\/wp\/v2\/comments?post=378283"}],"version-history":[{"count":0,"href":"https:\/\/www.europesays.com\/fr\/wp-json\/wp\/v2\/posts\/378283\/revisions"}],"wp:featuredmedia":[{"embeddable":true,"href":"https:\/\/www.europesays.com\/fr\/wp-json\/wp\/v2\/media\/378284"}],"wp:attachment":[{"href":"https:\/\/www.europesays.com\/fr\/wp-json\/wp\/v2\/media?parent=378283"}],"wp:term":[{"taxonomy":"category","embeddable":true,"href":"https:\/\/www.europesays.com\/fr\/wp-json\/wp\/v2\/categories?post=378283"},{"taxonomy":"post_tag","embeddable":true,"href":"https:\/\/www.europesays.com\/fr\/wp-json\/wp\/v2\/tags?post=378283"}],"curies":[{"name":"wp","href":"https:\/\/api.w.org\/{rel}","templated":true}]}}