{"id":378289,"date":"2025-09-09T17:49:20","date_gmt":"2025-09-09T17:49:20","guid":{"rendered":"https:\/\/www.europesays.com\/fr\/378289\/"},"modified":"2025-09-09T17:49:20","modified_gmt":"2025-09-09T17:49:20","slug":"la-chronique-en-dix-dates-dun-desastre-annonce","status":"publish","type":"post","link":"https:\/\/www.europesays.com\/fr\/378289\/","title":{"rendered":"la chronique, en dix dates, d\u2019un d\u00e9sastre annonc\u00e9\u2026"},"content":{"rendered":"<blockquote class=\"question\"><p>12 d\u00e9cembre 2024 : quatre points\u2026 en guise d\u2019avertissement<\/p><\/blockquote>\n<p>\u00c0 Nancy, on n\u2019avait pas vu le coup arriver. Celui-ci n\u2019en est que plus violent ! Comme Sarrebourg (2 pts) et Frontignan (5 pts), le NH &#8211; \u00e9pingl\u00e9 par le \u00ab gendarme financier \u00bb de la Ligue (CNACG) <a href=\"https:\/\/www.estrepublicain.fr\/sport\/2024\/12\/12\/retrait-de-points-menace-de-retrogradation-nancy-et-frontignan-epingles-par-la-cnacg-et-lourdement-sanctionnes\" target=\"_blank\" rel=\"noopener\">est sanctionn\u00e9 d\u2019un retrait de quatre points,<\/a> peine conjugu\u00e9e \u00e0 la menace d\u2019une r\u00e9trogradation administrative en fin de saison. Le NH est alors invit\u00e9 \u00e0 apporter de nouvelles \u00ab garanties \u00bb avant le 15 avril, et \u00e0 apurer de mani\u00e8re significative un \u00ab trou \u00bb de plus de 370.000 \u20ac\u2026 Toutefois, dans une interview qu\u2019il accepte de nous accorder, Herv\u00e9 Alt se veut rassurant : \u00ab le d\u00e9p\u00f4t de bilan n\u2019est pas \u00e0 l\u2019ordre du jour \u00bb, insiste-t-il.<\/p>\n<blockquote class=\"question\"><p>23 janvier 2025 : Herv\u00e9 Alt demande l\u2019aide des collectivit\u00e9s<\/p><\/blockquote>\n<p>Profitant de la tribune de la traditionnelle \u00ab soir\u00e9e des v\u0153ux \u00bb, <a href=\"https:\/\/www.estrepublicain.fr\/sport\/2025\/01\/25\/herve-alt-passe-a-l-offensive-et-reclame-une-aide-exceptionnelle\" target=\"_blank\" rel=\"noopener\">le PDG de la SASP passe \u00e0 l\u2019offensive et r\u00e9clame de mani\u00e8re \u00e9nergique une \u00ab aide exceptionnelle \u00bb de l\u2019ordre de 200.000 \u20ac.<\/a> Une demande (principalement) adress\u00e9e \u00e0 des \u00e9lus m\u00e9tropolitains\u2026 qui n\u2019ont pas fait le d\u00e9placement. C\u2019est \u00e9galement l\u2019occasion pour le club d\u2019annoncer un \u00ab grand d\u00eener de gala \u00bb.<\/p>\n<blockquote class=\"question\"><p>16 mai 2025 : un nouveau point de retrait !<\/p><\/blockquote>\n<p>Le Nancy Handball se croyait qualifi\u00e9 pour les play-off apr\u00e8s son match nul \u00e0 Sarrebourg\u2026 Que nenni ! <a href=\"https:\/\/www.estrepublicain.fr\/sport\/2025\/05\/15\/le-nancy-handball-reprend-un-point-dans-la-figure\" target=\"_blank\" rel=\"noopener\">Sanctionn\u00e9 d\u2019un nouveau point de retrait par la LNH (le cinqui\u00e8me en tout)<\/a> en raison de sa mauvaise gestion, le club lorrain vivra finalement une derni\u00e8re journ\u00e9e \u00e0 enjeux face \u00e0 Massy ! La direction crie une nouvelle fois \u00e0 l\u2019acharnement, mais les joueurs accusent le coup, derri\u00e8re un copieux succ\u00e8s en trompe-l\u2019\u0153il (36-24) qui les envoie &#8211; pour de bon &#8211; en phases finales.<\/p>\n<blockquote class=\"question\"><p>27 mai 2025 : une \u00ab \u00e9claircie \u00bb de courte dur\u00e9e<\/p><\/blockquote>\n<p>\u00c0 quelques jours d\u2019une audience capitale \u00e0 la CNACG, Herv\u00e9 Alt nous accorde un entretien dans lequel il met en avant les efforts r\u00e9alis\u00e9s par le club (notamment en vue de r\u00e9duire sa masse salariale) et assure <a href=\"https:\/\/www.estrepublicain.fr\/sport\/2025\/05\/26\/herve-alt-president-du-nancy-handball-le-ciel-est-en-train-de-s-eclaircir\" target=\"_blank\" rel=\"noopener\">que \u00ab le ciel est en train de s\u2019\u00e9claircir \u00bb pour les finances du Nancy Handball.<\/a> Une \u00e9claircie de courte dur\u00e9e !<\/p>\n<blockquote class=\"question\"><p>17 juin 2025 : le Nancy Handball \u00ab exclu \u00bb du championnat de Proligue<\/p><\/blockquote>\n<p>Faute de garanties financi\u00e8res jug\u00e9es suffisantes, la CNACG <a href=\"https:\/\/www.estrepublicain.fr\/sport\/2025\/06\/17\/le-nancy-handball-exclu-du-championnat-de-proligue\" target=\"_blank\" rel=\"noopener\">refuse d\u2019engager le Nancy Handball dans le championnat de deuxi\u00e8me division (pour la saison 2025-2026).<\/a> Un nouveau \u00ab coup de massue \u00bb pour les dirigeants meurthe-et-mosellans qui d\u00e9cident de faire appel\u2026<\/p>\n<blockquote class=\"question\"><p>Fin juin : le NH lance un appel aux dons<\/p><\/blockquote>\n<p>Initiative plut\u00f4t tardive, <a href=\"https:\/\/www.estrepublicain.fr\/sport\/2025\/07\/01\/le-nancy-handball-lance-un-appel-aux-dons\" target=\"_blank\" rel=\"noopener\">une \u00ab cagnotte \u00bb (g\u00e9r\u00e9e par l\u2019association) est organis\u00e9e<\/a> afin de contribuer au sauvetage du club.<\/p>\n<blockquote class=\"question\"><p>8 juillet : de nouveau \u00ab K-0 \u00bb face au jury d\u2019appel<\/p><\/blockquote>\n<p>Le jury d\u2019appel de la F\u00e9d\u00e9ration <a href=\"https:\/\/www.estrepublicain.fr\/sport\/2025\/07\/09\/le-nancy-handball-tout-proche-du-ko-apres-le-rejet-de-son-appel\" target=\"_blank\" rel=\"noopener\">confirme la d\u00e9cision prise en premi\u00e8re instance par la CNACG.<\/a> Interdit d\u2019engagement en Proligue, le club lorrain d\u00e9cide de se tourner en dernier recours vers le CNOSF. Mais, tr\u00e8s clairement, sa \u00ab survie \u00bb dans la sph\u00e8re professionnelle ne tient d\u00e9j\u00e0 plus qu\u2019\u00e0 un fil\u2026<\/p>\n<blockquote class=\"question\"><p>19 ao\u00fbt : le CNOSF \u00ab balaie \u00bb les derniers espoirs de maintien du NH<\/p><\/blockquote>\n<p>Dernier \u00ab atout \u00bb dans le jeu des dirigeants nanc\u00e9iens, suspendus \u00e0 une hypoth\u00e9tique tentative de \u00ab conciliation \u00bb, le Comit\u00e9 Olympique <a href=\"https:\/\/www.estrepublicain.fr\/sport\/2025\/08\/20\/nancy-handball-le-cnosf-balaie-les-derniers-espoirs-de-maintien-des-lorrains-en-proligue\" target=\"_blank\" rel=\"noopener\">adresse \u00e0 ces derniers une cinglante fin de non-recevoir<\/a>. Prochaine \u00e9tape : le tribunal de commerce. La SASP du club se trouve plus que jamais sous la menace d\u2019un d\u00e9p\u00f4t de bilan.<\/p>\n<blockquote class=\"question\"><p>26 ao\u00fbt : la soci\u00e9t\u00e9 plac\u00e9e en redressement judiciaire<\/p><\/blockquote>\n<p>Victoire \u00e0 la Pyrrhus, la direction du club lorrain d\u00e9croche <a href=\"https:\/\/www.estrepublicain.fr\/sport\/2025\/08\/26\/le-nancy-handball-obtient-son-placement-en-redressement-judiciaire\" target=\"_blank\" rel=\"noopener\">un sursis devant le Tribunal des activit\u00e9s \u00e9conomiques de Nancy<\/a>. Mais \u00e0 dix jours de la reprise du championnat (de N1), la course contre la montre qui s\u2019engage alors para\u00eet perdue d\u2019avance.<\/p>\n<blockquote class=\"question\"><p>8 septembre : la CNCG prononce \u00ab la mise \u00e0 mort \u00bb<\/p><\/blockquote>\n<p>En refusant d\u2019engager le NH en Nationale 1 F\u00e9d\u00e9rale, le gendarme financier et organe de contr\u00f4le de la F\u00e9d\u00e9 scelle le sort sa soci\u00e9t\u00e9 \u00ab m\u00e8re \u00bb, condamn\u00e9e \u00e0 la liquidation <a href=\"https:\/\/www.estrepublicain.fr\/sport\/2025\/09\/09\/le-nancy-handball-vers-une-liquidation-judiciaire\" target=\"_blank\" rel=\"noopener\">(lire par ailleurs)<\/a>.<\/p>\n","protected":false},"excerpt":{"rendered":"12 d\u00e9cembre 2024 : quatre points\u2026 en guise d\u2019avertissement \u00c0 Nancy, on n\u2019avait pas vu le coup arriver.&hellip;\n","protected":false},"author":2,"featured_media":378290,"comment_status":"","ping_status":"","sticky":false,"template":"","format":"standard","meta":{"footnotes":""},"categories":[9635],"tags":[1111,11,1704,1777,674,107,1701,1795,1011,27,775,1792,1702,13622,1703,12,25,517,1700],"class_list":{"0":"post-378289","1":"post","2":"type-post","3":"status-publish","4":"format-standard","5":"has-post-thumbnail","7":"category-nancy","8":"tag-actu","9":"tag-actualites","10":"tag-edition-nancy-et-agglomeration","11":"tag-eu","12":"tag-europe","13":"tag-fil-info","14":"tag-fil-info-sport","15":"tag-fil-web","16":"tag-fr","17":"tag-france","18":"tag-grand-est","19":"tag-handball","20":"tag-nancy","21":"tag-nancy-handball","22":"tag-nancy-ville-54b","23":"tag-news","24":"tag-republique-francaise","25":"tag-sport","26":"tag-sport-lorrain"},"share_on_mastodon":{"url":"https:\/\/pubeurope.com\/@fr\/115175605167817596","error":""},"_links":{"self":[{"href":"https:\/\/www.europesays.com\/fr\/wp-json\/wp\/v2\/posts\/378289","targetHints":{"allow":["GET"]}}],"collection":[{"href":"https:\/\/www.europesays.com\/fr\/wp-json\/wp\/v2\/posts"}],"about":[{"href":"https:\/\/www.europesays.com\/fr\/wp-json\/wp\/v2\/types\/post"}],"author":[{"embeddable":true,"href":"https:\/\/www.europesays.com\/fr\/wp-json\/wp\/v2\/users\/2"}],"replies":[{"embeddable":true,"href":"https:\/\/www.europesays.com\/fr\/wp-json\/wp\/v2\/comments?post=378289"}],"version-history":[{"count":0,"href":"https:\/\/www.europesays.com\/fr\/wp-json\/wp\/v2\/posts\/378289\/revisions"}],"wp:featuredmedia":[{"embeddable":true,"href":"https:\/\/www.europesays.com\/fr\/wp-json\/wp\/v2\/media\/378290"}],"wp:attachment":[{"href":"https:\/\/www.europesays.com\/fr\/wp-json\/wp\/v2\/media?parent=378289"}],"wp:term":[{"taxonomy":"category","embeddable":true,"href":"https:\/\/www.europesays.com\/fr\/wp-json\/wp\/v2\/categories?post=378289"},{"taxonomy":"post_tag","embeddable":true,"href":"https:\/\/www.europesays.com\/fr\/wp-json\/wp\/v2\/tags?post=378289"}],"curies":[{"name":"wp","href":"https:\/\/api.w.org\/{rel}","templated":true}]}}