{"id":378291,"date":"2025-09-09T17:50:10","date_gmt":"2025-09-09T17:50:10","guid":{"rendered":"https:\/\/www.europesays.com\/fr\/378291\/"},"modified":"2025-09-09T17:50:10","modified_gmt":"2025-09-09T17:50:10","slug":"il-faut-que-macron-degage-pourquoi-cet-agent-de-proprete-varois-manifestera-a-lavenue-83-ce-mercredi","status":"publish","type":"post","link":"https:\/\/www.europesays.com\/fr\/378291\/","title":{"rendered":"\u00ab\u00a0Il faut que Macron d\u00e9gage\u00a0\u00bb: pourquoi cet agent de propret\u00e9 varois manifestera \u00e0 l\u2019Avenue 83 ce mercredi"},"content":{"rendered":"<p>Locaux de la CGT, au rez-de-chauss\u00e9e de la Bourse du travail, \u00e0 Toulon. Parmi les syndicalistes pr\u00e9sents \u00e0 la veille du 10 septembre, S\u00e9bastien Bois est charg\u00e9 de confectionner sur place la banderole pour l\u2019op\u00e9ration de blocage du lendemain.<\/p>\n<p>Reste \u00e0 valider le slogan du moment, en plus de l\u2019impression des 1.500 tracts. \u00ab\u00a0On devrait opter pour \u201cStop au blocage social\u00a0\u00bb \u00bb, glisse cet agent d\u2019entretien, \u00e9galement secr\u00e9taire du syndicat d\u00e9partemental de la propret\u00e9 du Var et d\u00e9l\u00e9gu\u00e9 syndical central de la CGT au sein de GSF Jupiter. Le site choisi pour manifester? L\u2019Avenue 83, \u00ab\u00a0symbole \u00e9conomique du Var\u00a0\u00bb, d\u2019apr\u00e8s notre interlocuteur qui attend \u00ab\u00a0deux cents\u00a0\u00bb membres du syndicat de gauche, \u00ab\u00a0plus tous ceux qui voudront nous rejoindre\u00a0\u00bb. Assez pour bloquer un rond-point et l\u2019entr\u00e9e du parking?<\/p>\n<p>\u00ab\u00a0Mon r\u00f4le, depuis deux semaines? Appeler \u00e0 faire gr\u00e8ve, poursuit ce p\u00e8re de famille de 46 ans. On a subi trop d\u2019attaques ces derniers temps, avec l\u2019annonce par Bayrou de la suppression de deux jours f\u00e9ri\u00e9s et la mon\u00e9tisation de la cinqui\u00e8me semaine de cong\u00e9s pay\u00e9s\u00a0\u00bb. Et la d\u00e9mission du Premier ministre, apr\u00e8s l\u2019\u00e9chec du vote de confiance \u00e0 l\u2019Assembl\u00e9e nationale n\u2019y change rien. \u00ab\u00a0M\u00eame si Bayrou n\u2019est plus l\u00e0, Macron est toujours en place. Il faut qu\u2019il d\u00e9gage, estime S\u00e9bastien Bois. On attend au moins qu\u2019il nomme M\u00e9lenchon \u00e0 Matignon, pas un socialiste. Le PS n\u2019est plus un parti de gauche pour nous.\u00a0\u00bb<\/p>\n<p>\u00ab\u00a0On n\u2019est pas des voyous\u00a0\u00bb<\/p>\n<p>Malgr\u00e9 ses 23 ans d\u2019anciennet\u00e9 \u00e0 passer le balai et nettoyer les vitres de magasins de 5h15\u00e0 12h15, celui-ci ne touche que 1.600 euros nets par mois. Plus les 1.700 euros de sa femme, salari\u00e9e dans l\u2019immobilier. \u00ab\u00a0\u00c0 nous deux, on arrive \u00e0 peine \u00e0 vivre avec ce qu\u2019on gagne, raconte-t-il. On va au travail, on rentre, on dort. Les restaurants? On ne peut pas se le permettre. Et les loisirs sont de plus en plus r\u00e9duits. Si on ne r\u00e9agit pas tout ensemble, \u00e7a sera encore pire demain. Ils seraient capables de s\u2019en prendre au Code du travail et \u00e0 la quatri\u00e8me semaine de cong\u00e9. Alors qu\u2019il faudrait taper dans les poches des grands patrons, pas dans celles des petits comme nous\u2026\u00a0\u00bb<\/p>\n<p>C\u2019est la baisse du pouvoir d\u2019achat et le ras-le-bol g\u00e9n\u00e9ral qui le conduira \u00e0 L\u2019Avenue 83, ce mercredi. Sans intention de violence. \u00ab\u00a0Arr\u00eatons de stigmatiser les revendications du 10 septembre, souligne ce syndicaliste. On n\u2019est pas des voyous contrairement \u00e0 ce qu\u2019a laiss\u00e9 entendre Bruno Retailleau (ministre de l\u2019Int\u00e9rieur d\u00e9missionnaire, Ndlr). Peut-\u00eatre que lui esp\u00e8re des violences pour discr\u00e9diter le mouvement?\u00a0\u00bb La suite? \u00ab\u00a0On se r\u00e9unira en fin de journ\u00e9e pour se compter et d\u00e9cider ou non de prolonger la gr\u00e8ve, anticipe S\u00e9bastien Bois. On est l\u00e0. Et on ne se laissera pas faire.\u00a0\u00bb<\/p>\n","protected":false},"excerpt":{"rendered":"Locaux de la CGT, au rez-de-chauss\u00e9e de la Bourse du travail, \u00e0 Toulon. Parmi les syndicalistes pr\u00e9sents \u00e0&hellip;\n","protected":false},"author":2,"featured_media":378292,"comment_status":"","ping_status":"","sticky":false,"template":"","format":"standard","meta":{"footnotes":""},"categories":[9619],"tags":[1111,11,1777,674,332,1011,27,12,882,25,2310],"class_list":{"0":"post-378291","1":"post","2":"type-post","3":"status-publish","4":"format-standard","5":"has-post-thumbnail","7":"category-toulon","8":"tag-actu","9":"tag-actualites","10":"tag-eu","11":"tag-europe","12":"tag-faits-de-societe","13":"tag-fr","14":"tag-france","15":"tag-news","16":"tag-provence-alpes-cote-dazur","17":"tag-republique-francaise","18":"tag-toulon"},"share_on_mastodon":{"url":"https:\/\/pubeurope.com\/@fr\/115175609099333886","error":""},"_links":{"self":[{"href":"https:\/\/www.europesays.com\/fr\/wp-json\/wp\/v2\/posts\/378291","targetHints":{"allow":["GET"]}}],"collection":[{"href":"https:\/\/www.europesays.com\/fr\/wp-json\/wp\/v2\/posts"}],"about":[{"href":"https:\/\/www.europesays.com\/fr\/wp-json\/wp\/v2\/types\/post"}],"author":[{"embeddable":true,"href":"https:\/\/www.europesays.com\/fr\/wp-json\/wp\/v2\/users\/2"}],"replies":[{"embeddable":true,"href":"https:\/\/www.europesays.com\/fr\/wp-json\/wp\/v2\/comments?post=378291"}],"version-history":[{"count":0,"href":"https:\/\/www.europesays.com\/fr\/wp-json\/wp\/v2\/posts\/378291\/revisions"}],"wp:featuredmedia":[{"embeddable":true,"href":"https:\/\/www.europesays.com\/fr\/wp-json\/wp\/v2\/media\/378292"}],"wp:attachment":[{"href":"https:\/\/www.europesays.com\/fr\/wp-json\/wp\/v2\/media?parent=378291"}],"wp:term":[{"taxonomy":"category","embeddable":true,"href":"https:\/\/www.europesays.com\/fr\/wp-json\/wp\/v2\/categories?post=378291"},{"taxonomy":"post_tag","embeddable":true,"href":"https:\/\/www.europesays.com\/fr\/wp-json\/wp\/v2\/tags?post=378291"}],"curies":[{"name":"wp","href":"https:\/\/api.w.org\/{rel}","templated":true}]}}