{"id":378311,"date":"2025-09-09T18:00:11","date_gmt":"2025-09-09T18:00:11","guid":{"rendered":"https:\/\/www.europesays.com\/fr\/378311\/"},"modified":"2025-09-09T18:00:11","modified_gmt":"2025-09-09T18:00:11","slug":"le-trafic-ter-perturbe-dans-la-region","status":"publish","type":"post","link":"https:\/\/www.europesays.com\/fr\/378311\/","title":{"rendered":"le trafic TER perturb\u00e9 dans la r\u00e9gion"},"content":{"rendered":"<p>Selon SNCF Voyageurs la circulation des trains TER sera \u00ab\u00a0l\u00e9g\u00e8rement perturb\u00e9e\u00a0\u00bb ce mercredi 10\u00a0septembre sur le r\u00e9seau ferroviaire du Grand Est en raison du mouvement \u201cBloquons tout\u201d auquel se sont joints, par un appel \u00e0 la gr\u00e8ve, les syndicats Sud Rail et CGT cheminots. Au moins onze lignes seront affect\u00e9es par des suppressions de trains, dont Strasbourg-Haguenau-Wissembourg, Strasbourg-Epinal, Strasbourg-Molsheim, Strasbourg-Nancy, Strasbourg-Paris Est et Mulhouse-Paris Est. Sur la ligne TER 200 Strasbourg-B\u00e2le, tous les trains circuleront normalement.<\/p>\n<p class=\"note\">Plus d\u2019infos sur ww.ter<\/p>\n<p>Des manifestations sont pr\u00e9vues ce mercredi \u00e0 Strasbourg (d\u00e9part \u00e0 14 h de la place Kl\u00e9ber) et \u00e0 Mulhouse (d\u00e9part \u00e0 14 h du square de la Bourse). \u00c0 Colmar, un rassemblement est pr\u00e9vu \u00e0 11 h au kiosque du Champ de Mars pour d\u00e9battre d\u2019une action collective \u00e0 suivre.<\/p>\n<p>D\u2019autres rassemblements sont programm\u00e9s: \u00e0 Saverne, place de la Gare, avant un convoi prenant la route vers Strasbourg ; \u00e0 S\u00e9lestat \u00e0 10h, place d\u2019Armes ; devant le si\u00e8ge de la CEA, place du Quartier-Blanc \u00e0 Strasbourg, o\u00f9 un \u00abbal des indign\u00e9s\u00bb pourrait se tenir ; au rond-point de Kingersheim d\u00e8s 9h.<\/p>\n<p>Mais le mouvement \u201cBloquons tout\u201d, par d\u00e9finition, ne peut se contenter de manifester : chacun a encore en t\u00eate l\u2019\u00e9chec des <a href=\"https:\/\/www.dna.fr\/social\/2025\/06\/05\/un-millier-de-manifestants-pour-les-retraites-l-emploi-et-les-salaires\" target=\"_blank\" rel=\"nofollow noopener\">mobilisations syndicales contre la derni\u00e8re r\u00e9forme des retraites<\/a>. Sont notamment envisag\u00e9s la perturbation du trafic routier sur les rocades des grandes agglom\u00e9rations et ferroviaire aux environs des gares, des blocages de caisses dans des hypermarch\u00e9s, des blocages de d\u00e9p\u00f4ts p\u00e9troliers, des op\u00e9rations \u201cp\u00e9age gratuit\u201d sur les autoroutes\u2026 \u00c0 Strasbourg, rendez-vous est donn\u00e9 pour un \u00ab \u00e9chauffement \u00bb \u00e0 l\u2019arr\u00eat de tram Montagne-Verte d\u00e8s 7 h.<\/p>\n<p>Dans l\u2019agglom\u00e9ration strasbourgeoise, les commissariats de secteur seront ferm\u00e9s afin de concentrer les forces sur la s\u00e9curisation du mouvement \u00ab Bloquons tout \u00bb. Les commer\u00e7ants se trouvant sur le parcours des manifestations ont \u00e9t\u00e9 sensibilis\u00e9s par les forces de l\u2019ordre. D\u00e8s ce mardi matin, plusieurs magasins strasbourgeois ont pos\u00e9 des panneaux de bois pour prot\u00e9ger leurs vitrines. Des sources polici\u00e8res indiquent qu\u2019une attention particuli\u00e8re sera port\u00e9e aux \u00e9ventuels blocages d\u2019\u00e9tablissements scolaires, de zones commerciales (\u00e0 l\u2019instar du Kaligone \u00e0 Kingersheim), d\u2019autoroutes ou de d\u00e9p\u00f4ts de transports en commun. La semaine de session du Parlement europ\u00e9en complique la chose \u00e0 Strasbourg, o\u00f9 ils seront au moins 150 policiers, \u00e9paul\u00e9s par des unit\u00e9s mobiles. AMulhouse, \u00abun maximum d\u2019effectifs\u00bb seront d\u00e9ploy\u00e9s, des personnels en repos \u00e9tant rappel\u00e9s.<\/p>\n<p>De leur c\u00f4t\u00e9, les militants syndicaux ralli\u00e9s au mouvement citoyen ces derni\u00e8res semaines insistent sur l\u2019importance de la gr\u00e8ve. \u00ab Ce n\u2019est pas en restant chez nous ou en ne se servant pas de nos cartes de cr\u00e9dit [autres \u201cactions\u201d \u00e9voqu\u00e9es sur les r\u00e9seaux sociaux, NDLR] que l\u2019on va r\u00e9ussir \u00e0 destituer Macron. Il faut comprendre que ce droit constitutionnel qu\u2019est la gr\u00e8ve, c\u2019est celui qui nous expose le moins \u00e0 la r\u00e9pression, c\u2019est aussi le moyen plus efficace de bloquer le pays \u00bb, a plaid\u00e9 Mathieu Relin, \u00e9lu Grand Est de Sud Rail \u00e0 la SNCF, samedi devant le collectif haut-rhinois.<\/p>\n","protected":false},"excerpt":{"rendered":"Selon SNCF Voyageurs la circulation des trains TER sera \u00ab\u00a0l\u00e9g\u00e8rement perturb\u00e9e\u00a0\u00bb ce mercredi 10\u00a0septembre sur le r\u00e9seau ferroviaire&hellip;\n","protected":false},"author":2,"featured_media":378312,"comment_status":"","ping_status":"","sticky":false,"template":"","format":"standard","meta":{"footnotes":""},"categories":[2820],"tags":[1111,11,2389,2649,9671,2880,1777,674,107,1011,27,775,12,25,801,640,2879],"class_list":{"0":"post-378311","1":"post","2":"type-post","3":"status-publish","4":"format-standard","5":"has-post-thumbnail","7":"category-strasbourg","8":"tag-actu","9":"tag-actualites","10":"tag-alsace","11":"tag-bas-rhin","12":"tag-conflit-social","13":"tag-edition-strasbourg","14":"tag-eu","15":"tag-europe","16":"tag-fil-info","17":"tag-fr","18":"tag-france","19":"tag-grand-est","20":"tag-news","21":"tag-republique-francaise","22":"tag-social","23":"tag-strasbourg","24":"tag-strasbourg-ville"},"share_on_mastodon":{"url":"https:\/\/pubeurope.com\/@fr\/115175648364962763","error":""},"_links":{"self":[{"href":"https:\/\/www.europesays.com\/fr\/wp-json\/wp\/v2\/posts\/378311","targetHints":{"allow":["GET"]}}],"collection":[{"href":"https:\/\/www.europesays.com\/fr\/wp-json\/wp\/v2\/posts"}],"about":[{"href":"https:\/\/www.europesays.com\/fr\/wp-json\/wp\/v2\/types\/post"}],"author":[{"embeddable":true,"href":"https:\/\/www.europesays.com\/fr\/wp-json\/wp\/v2\/users\/2"}],"replies":[{"embeddable":true,"href":"https:\/\/www.europesays.com\/fr\/wp-json\/wp\/v2\/comments?post=378311"}],"version-history":[{"count":0,"href":"https:\/\/www.europesays.com\/fr\/wp-json\/wp\/v2\/posts\/378311\/revisions"}],"wp:featuredmedia":[{"embeddable":true,"href":"https:\/\/www.europesays.com\/fr\/wp-json\/wp\/v2\/media\/378312"}],"wp:attachment":[{"href":"https:\/\/www.europesays.com\/fr\/wp-json\/wp\/v2\/media?parent=378311"}],"wp:term":[{"taxonomy":"category","embeddable":true,"href":"https:\/\/www.europesays.com\/fr\/wp-json\/wp\/v2\/categories?post=378311"},{"taxonomy":"post_tag","embeddable":true,"href":"https:\/\/www.europesays.com\/fr\/wp-json\/wp\/v2\/tags?post=378311"}],"curies":[{"name":"wp","href":"https:\/\/api.w.org\/{rel}","templated":true}]}}