{"id":378313,"date":"2025-09-09T18:01:12","date_gmt":"2025-09-09T18:01:12","guid":{"rendered":"https:\/\/www.europesays.com\/fr\/378313\/"},"modified":"2025-09-09T18:01:12","modified_gmt":"2025-09-09T18:01:12","slug":"lems-demande-des-comptes-a-senerval","status":"publish","type":"post","link":"https:\/\/www.europesays.com\/fr\/378313\/","title":{"rendered":"l\u2019EMS demande des comptes \u00e0 S\u00e9nerval"},"content":{"rendered":"<p>Le grand incin\u00e9rateur de Strasbourg, g\u00e9r\u00e9 par l\u2019entreprise S\u00e9nerval est soup\u00e7onn\u00e9 de minimiser ses rejets atmosph\u00e9riques. C\u2019est en tout cas le doute qui a \u00e9merg\u00e9 lors du dernier contr\u00f4le de la Direction r\u00e9gionale de l\u2019environnement de l\u2019am\u00e9nagement et du logement Grand Est (Dreal) dat\u00e9 du 11\u00a0juillet et dont le rapport a \u00e9t\u00e9 publi\u00e9 le 16\u00a0juillet.<\/p>\n<p>Un appareil de pr\u00e9l\u00e8vement mis sur pause<\/p>\n<p>Lors de son passage, le contr\u00f4leur a constat\u00e9 que l\u2019appareil de pr\u00e9l\u00e8vement automatique des fum\u00e9es, qui sert \u00e0 mesurer la teneur en dioxines et furanes (des polluants organiques persistants et potentiellement canc\u00e9rog\u00e8nes) avait \u00e9t\u00e9 mis sur pause depuis la veille, soit plus de 19 heures. Les polluants \u00e9mis pendant ce laps de temps n\u2019appara\u00eetront donc jamais dans la mesure de leur teneur dans les fum\u00e9es, pourtant rendue obligatoire depuis 2002.<\/p>\n<p>Par ailleurs, alors que ces \u00e9quipements de mesure doivent \u00eatre contr\u00f4l\u00e9s par un organisme comp\u00e9tent tous les ans, le rapport indique que&#8230;<\/p>\n","protected":false},"excerpt":{"rendered":"Le grand incin\u00e9rateur de Strasbourg, g\u00e9r\u00e9 par l\u2019entreprise S\u00e9nerval est soup\u00e7onn\u00e9 de minimiser ses rejets atmosph\u00e9riques. C\u2019est en&hellip;\n","protected":false},"author":2,"featured_media":378314,"comment_status":"","ping_status":"","sticky":false,"template":"","format":"standard","meta":{"footnotes":""},"categories":[2820],"tags":[1111,11,33,2880,436,1777,674,107,1011,27,775,693,12,1800,25,640,2879],"class_list":{"0":"post-378313","1":"post","2":"type-post","3":"status-publish","4":"format-standard","5":"has-post-thumbnail","7":"category-strasbourg","8":"tag-actu","9":"tag-actualites","10":"tag-economie","11":"tag-edition-strasbourg","12":"tag-environnement","13":"tag-eu","14":"tag-europe","15":"tag-fil-info","16":"tag-fr","17":"tag-france","18":"tag-grand-est","19":"tag-industrie","20":"tag-news","21":"tag-pollution","22":"tag-republique-francaise","23":"tag-strasbourg","24":"tag-strasbourg-ville"},"share_on_mastodon":{"url":"https:\/\/pubeurope.com\/@fr\/115175652522110662","error":""},"_links":{"self":[{"href":"https:\/\/www.europesays.com\/fr\/wp-json\/wp\/v2\/posts\/378313","targetHints":{"allow":["GET"]}}],"collection":[{"href":"https:\/\/www.europesays.com\/fr\/wp-json\/wp\/v2\/posts"}],"about":[{"href":"https:\/\/www.europesays.com\/fr\/wp-json\/wp\/v2\/types\/post"}],"author":[{"embeddable":true,"href":"https:\/\/www.europesays.com\/fr\/wp-json\/wp\/v2\/users\/2"}],"replies":[{"embeddable":true,"href":"https:\/\/www.europesays.com\/fr\/wp-json\/wp\/v2\/comments?post=378313"}],"version-history":[{"count":0,"href":"https:\/\/www.europesays.com\/fr\/wp-json\/wp\/v2\/posts\/378313\/revisions"}],"wp:featuredmedia":[{"embeddable":true,"href":"https:\/\/www.europesays.com\/fr\/wp-json\/wp\/v2\/media\/378314"}],"wp:attachment":[{"href":"https:\/\/www.europesays.com\/fr\/wp-json\/wp\/v2\/media?parent=378313"}],"wp:term":[{"taxonomy":"category","embeddable":true,"href":"https:\/\/www.europesays.com\/fr\/wp-json\/wp\/v2\/categories?post=378313"},{"taxonomy":"post_tag","embeddable":true,"href":"https:\/\/www.europesays.com\/fr\/wp-json\/wp\/v2\/tags?post=378313"}],"curies":[{"name":"wp","href":"https:\/\/api.w.org\/{rel}","templated":true}]}}