{"id":378315,"date":"2025-09-09T18:02:19","date_gmt":"2025-09-09T18:02:19","guid":{"rendered":"https:\/\/www.europesays.com\/fr\/378315\/"},"modified":"2025-09-09T18:02:19","modified_gmt":"2025-09-09T18:02:19","slug":"ces-villages-perches-pour-des-balades-depaysantes-et-des-panoramas-uniques-sur-la-mediterranee","status":"publish","type":"post","link":"https:\/\/www.europesays.com\/fr\/378315\/","title":{"rendered":"ces villages perch\u00e9s pour des balades d\u00e9paysantes et des panoramas uniques sur la M\u00e9diterran\u00e9e"},"content":{"rendered":"<p><strong>Sur le littoral, d\u2019incroyables cit\u00e9s vous attendent, perch\u00e9es \u00e0\u00a0quelques m\u00e8tres d\u2019altitude. Elles permettent de contempler l\u2019horizon bleu de la M\u00e9diterran\u00e9e, en prenant un peu de hauteur sur la Riviera\u2026\u00a0<\/strong><\/p>\n<p>Vous cherchez le meilleur point d\u2019obser\u00advation sur la M\u00e9diterran\u00e9e, mais tout en restant \u00e0\u00a0c\u00f4t\u00e9 de la\u00a0plage\u00a0?\u00a0<\/p>\n<p>Voici quelques id\u00e9es de desti\u00adna\u00adtions imman\u00adquables sur la C\u00f4te d\u2019Azur, des villages \u00e9clatants et somptueux le long du littoral pour une d\u00e9ambu\u00adlation inoubliable dans les Alpes-\u200bMaritimes. Une belle occasion de d\u00e9couvrir des communes nich\u00e9es au milieu de jolis paysages.<\/p>\n<p>\u00c8ze, le nid d\u2019aigle azur\u00e9en\u00a0<\/p>\n<blockquote class=\"instagram-media\" data-instgrm-permalink=\"https:\/\/www.instagram.com\/p\/DNnnoiuq4OC\/?utm_source=ig_embed&amp;utm_campaign=loading\" data-instgrm-version=\"14\" style=\" background:#FFF; border:0; border-radius:3px; box-shadow:0 0 1px 0 rgba(0,0,0,0.5),0 1px 10px 0 rgba(0,0,0,0.15); margin: 1px; max-width:540px; min-width:326px; padding:0; width:99.375%; width:-webkit-calc(100% - 2px); width:calc(100% - 2px);\"\/>\n<p>On peut partir <a href=\"https:\/\/nicepresse.com\/cote-dazur-eze-la-sublime-cite-aux-3-corniches\/\" rel=\"nofollow noopener\" target=\"_blank\">\u00e0\u00a0\u00c8ze<\/a> tout d\u2019abord, une localit\u00e9 incon\u00adtour\u00adnable pour les multiples tr\u00e9sors qu\u2019elle prot\u00e8ge. Entamons la visite par la station baln\u00e9aire, moins en altitude, au bord du rivage. Il vous faudra, apr\u00e8s en avoir contempl\u00e9 le d\u00e9cor, commencer l\u2019escalade de l\u2019incroyable <a href=\"https:\/\/nicepresse.com\/photos-cote-dazur-le-sentier-nietzsche-limmanquable-balade-naturelle-au-coeur-du-pays-nicois\/\" rel=\"nofollow noopener\" target=\"_blank\">chemin de Nietzsche<\/a>. Une balade certes exigeante, mais dont les attraits sont exceptionnels.<\/p>\n<p>L\u2019arriv\u00e9e dans l\u2019\u00e9crin m\u00e9di\u00e9val est un passage oblig\u00e9 Comme un nid d\u2019aigle, il se dresse \u00e0\u00a0plus de 400 m\u00e8tres du niveau de la mer. Entre ciel et mer, au c\u0153ur <a href=\"https:\/\/nicepresse.com\/cote-dazur-balade-le-long-du-littoral-sur-les-routes-des-trois-corniches\/\" rel=\"nofollow noopener\" target=\"_blank\">des belles corniches azur\u00e9ennes<\/a>.\u2026 Il faut dire que la forte\u00adresse, les vestiges et le jardin exotique sont tr\u00e8s appr\u00e9ci\u00e9s.<\/p>\n<p>La tr\u00e8s distingu\u00e9e station baln\u00e9aire de Cap-d\u2019Ail<\/p>\n<blockquote class=\"instagram-media\" data-instgrm-permalink=\"https:\/\/www.instagram.com\/p\/DMtQ-MBoOop\/?utm_source=ig_embed&amp;utm_campaign=loading\" data-instgrm-version=\"14\" style=\" background:#FFF; border:0; border-radius:3px; box-shadow:0 0 1px 0 rgba(0,0,0,0.5),0 1px 10px 0 rgba(0,0,0,0.15); margin: 1px; max-width:540px; min-width:326px; padding:0; width:99.375%; width:-webkit-calc(100% - 2px); width:calc(100% - 2px);\"\/>\n<p>Aux portes de la Principaut\u00e9 de Monaco, Cap-\u200bd\u2019Ail vous marquera par ses splen\u00addides villas \u00e0\u00a0l\u2019architecture datant de la fin du XIXe si\u00e8cle. Par ses mus\u00e9es et ses demeures Belle \u00c9poque, elle promet aux touristes un cadre magni\u00adfique m\u00ealant art et culture. Sans oublier la vue panora\u00admique sur le bleu de la\u00a0mer.\u00a0<\/p>\n<p><a href=\"https:\/\/anneedelamer.nice.fr\/\" rel=\"nofollow noopener\" target=\"_blank\"><img loading=\"lazy\" decoding=\"async\" width=\"300\" height=\"300\" src=\"data:image\/svg+xml,%3Csvg%20xmlns=\" http:=\"\" alt=\"\" class=\"wp-image-235449\" data-lazy-src=\"https:\/\/www.europesays.com\/fr\/wp-content\/uploads\/2025\/04\/IMG_1416-2.png\"\/><\/a><\/p>\n<p>Un bonheur visuel. Explorez les sentiers de la T\u00eate de Chien avec ses flancs abrupts\u00a0et ses falaises de calcaire. Un site unique sur la Riviera\u00a0! Une fois redes\u00adcendu, il est m\u00eame possible d\u2019aller se faire plaisir sur les adorables plages de la\u00a0ville.<\/p>\n<p>Les multiples facettes de Roquebrune-Cap-Martin<\/p>\n<blockquote class=\"instagram-media\" data-instgrm-permalink=\"https:\/\/www.instagram.com\/p\/DNe9zWBCxLf\/?utm_source=ig_embed&amp;utm_campaign=loading\" data-instgrm-version=\"14\" style=\" background:#FFF; border:0; border-radius:3px; box-shadow:0 0 1px 0 rgba(0,0,0,0.5),0 1px 10px 0 rgba(0,0,0,0.15); margin: 1px; max-width:540px; min-width:326px; padding:0; width:99.375%; width:-webkit-calc(100% - 2px); width:calc(100% - 2px);\"\/>\n<p>Toujours sur les hauteurs de la C\u00f4te d\u2019Azur, Roquebrune-\u200bCap-\u200bMartin se distingue par son aspect \u00ab\u00a0deux en\u00a0un\u00a0\u00bb.\u00a0<\/p>\n<p>Il y\u00a0a d\u00e9j\u00e0 son cap moderne avec ses r\u00e9sidences iconiques, comme la villa E-\u200b1027 ou encore la zone du Cabanon, imagin\u00e9e par Le Corbusier. Dans ce coin pr\u00e9serv\u00e9, les merveilles naturelles donnent l\u2019impression d\u2019une exp\u00e9dition hors du\u00a0temps.<\/p>\n<p>Dans le vieux-\u200bvillage, changement d\u2019ambiance, plus en altitude. De l\u2019authen\u00adticit\u00e9 et du caract\u00e8re exprim\u00e9s par le ch\u00e2teau, qui remonte \u00e0\u00a0plus de 1000 ans. On fl\u00e2ne ensuite dans des ruelles pitto\u00adresques. \u00c0\u00a0la cl\u00e9, un panorama de carte postale, qui s\u2019ajoute \u00e0\u00a0la d\u00e9cou\u00adverte de l\u2019olivier mill\u00e9\u00adnaire et du tombeau antique de Lumone, t\u00e9moin du pass\u00e9 romain de la r\u00e9gion.<\/p>\n<p>\t<script async src=\"\/\/www.instagram.com\/embed.js\"><\/script><\/p>\n","protected":false},"excerpt":{"rendered":"Sur le littoral, d\u2019incroyables cit\u00e9s vous attendent, perch\u00e9es \u00e0\u00a0quelques m\u00e8tres d\u2019altitude. Elles permettent de contempler l\u2019horizon bleu de&hellip;\n","protected":false},"author":2,"featured_media":378316,"comment_status":"","ping_status":"","sticky":false,"template":"","format":"standard","meta":{"footnotes":""},"categories":[2819],"tags":[1111,11,1777,674,1011,27,12,2401,882,25],"class_list":{"0":"post-378315","1":"post","2":"type-post","3":"status-publish","4":"format-standard","5":"has-post-thumbnail","7":"category-nice","8":"tag-actu","9":"tag-actualites","10":"tag-eu","11":"tag-europe","12":"tag-fr","13":"tag-france","14":"tag-news","15":"tag-nice","16":"tag-provence-alpes-cote-dazur","17":"tag-republique-francaise"},"share_on_mastodon":{"url":"https:\/\/pubeurope.com\/@fr\/115175656320753412","error":""},"_links":{"self":[{"href":"https:\/\/www.europesays.com\/fr\/wp-json\/wp\/v2\/posts\/378315","targetHints":{"allow":["GET"]}}],"collection":[{"href":"https:\/\/www.europesays.com\/fr\/wp-json\/wp\/v2\/posts"}],"about":[{"href":"https:\/\/www.europesays.com\/fr\/wp-json\/wp\/v2\/types\/post"}],"author":[{"embeddable":true,"href":"https:\/\/www.europesays.com\/fr\/wp-json\/wp\/v2\/users\/2"}],"replies":[{"embeddable":true,"href":"https:\/\/www.europesays.com\/fr\/wp-json\/wp\/v2\/comments?post=378315"}],"version-history":[{"count":0,"href":"https:\/\/www.europesays.com\/fr\/wp-json\/wp\/v2\/posts\/378315\/revisions"}],"wp:featuredmedia":[{"embeddable":true,"href":"https:\/\/www.europesays.com\/fr\/wp-json\/wp\/v2\/media\/378316"}],"wp:attachment":[{"href":"https:\/\/www.europesays.com\/fr\/wp-json\/wp\/v2\/media?parent=378315"}],"wp:term":[{"taxonomy":"category","embeddable":true,"href":"https:\/\/www.europesays.com\/fr\/wp-json\/wp\/v2\/categories?post=378315"},{"taxonomy":"post_tag","embeddable":true,"href":"https:\/\/www.europesays.com\/fr\/wp-json\/wp\/v2\/tags?post=378315"}],"curies":[{"name":"wp","href":"https:\/\/api.w.org\/{rel}","templated":true}]}}