{"id":378319,"date":"2025-09-09T18:04:13","date_gmt":"2025-09-09T18:04:13","guid":{"rendered":"https:\/\/www.europesays.com\/fr\/378319\/"},"modified":"2025-09-09T18:04:13","modified_gmt":"2025-09-09T18:04:13","slug":"vignoble-nantais-la-mome-de-vertou-la-voix-dun-hommage-a-la-legende-piaf","status":"publish","type":"post","link":"https:\/\/www.europesays.com\/fr\/378319\/","title":{"rendered":"Vignoble nantais. La \u00ab M\u00f4me \u00bb de Vertou, la voix d&rsquo;un hommage \u00e0 la l\u00e9gende Piaf"},"content":{"rendered":"<p>            Par<br \/>\n        <strong><br \/>\n            <a href=\"https:\/\/actu.fr\/auteur\/journaliste-sm\" title=\"Consulter tous les articles de R\u00e9daction Clisson\" target=\"_blank\" rel=\"noopener\">R\u00e9daction Clisson<\/a><br \/>\n        <\/strong><\/p>\n<p>        Publi\u00e9 le<\/p>\n<p>            9 sept. 2025 \u00e0 19h07        <\/p>\n<p>C\u2019est l\u2019histoire d\u2019une jeune fille qui ne s\u2019arr\u00eatait jamais de <b>chantonner \u00c9dith Piaf<\/b>. Dans les caf\u00e9s de <a href=\"https:\/\/actu.fr\/pays-de-la-loire\/vertou_44215\" target=\"_blank\" rel=\"noopener\">Vertou<\/a>, les rues de Nantes, les couloirs de son lyc\u00e9e\u2026 Partout o\u00f9 elle le pouvait, toujours du Piaf en bouche et dans les oreilles. \u00ab Le surnom a \u00e9t\u00e9 vite trouv\u00e9, tout le monde m\u2019appelait \u2018La M\u00f4me\u2019 \u00e0 Vertou, se souvient Ana\u00efs Auduc, dont le professeur de maths allait m\u00eame jusqu\u2019\u00e0 l\u2019appeler \u00c9dith. Elle me suivait partout. \u00bb<\/p>\n<p class=\" wall-content\">Jusqu\u2019au <b>ch\u00e2teau de La Berri\u00e8re<\/b> o\u00f9 la chanteuse de 34\u00a0ans va interpr\u00e9ter, avec <b>le groupe de jazz swing Holy Totsy Gang<\/b>, le r\u00e9cital \u00ab Non, je ne regrette rien \u00bb lors d\u2019une double repr\u00e9sentation. Avec 15 morceaux du r\u00e9pertoire de la chanteuse d\u00e9c\u00e9d\u00e9e en 1963 \u2013 des chansons les plus connues (La vie en rose, Milord\u2026) et d\u2019autres moins (Les Flonflons du bal, Paris\u2026). Et avec une ambition :<\/p>\n<blockquote class=\"ac-article-quote wall-content\">\n<p>\u00ab Aller chercher au plus profond de ce qu\u2019est l\u2019\u00eatre humain. Quand on \u00e9coute Piaf, on n\u2019est pas centr\u00e9 sur une chose. Il y a beaucoup d\u2019amour, de joie, de tristesse, de chagrin. En m\u00eame temps, c\u2019est essayer d\u2019aller au plus pr\u00e8s toucher le c\u0153ur des gens. \u00bb<\/p>\n<\/blockquote>\n<p>\u00ab J\u2019ai eu l\u2019impression qu\u2019on parlait le m\u00eame langage \u00bb<\/p>\n<p class=\" wall-content\">Le sien a \u00e9t\u00e9 touch\u00e9 par les mots de Piaf d\u00e8s le plus jeune \u00e2ge. Une <b>adoration instantan\u00e9e <\/b>\u00ab d\u00e8s la premi\u00e8re \u00e9coute. \u00c7a a fait \u00e9cho tout de suite. J\u2019ai eu l\u2019impression qu\u2019on parlait le m\u00eame langage \u00bb. Ana\u00efs Auduc a 14\u00a0ans quand, lors d\u2019une c\u00e9r\u00e9monie du 11-Novembre pluvieuse \u00e0 Vertou, elle chante spontan\u00e9ment Piaf. Ce qui lui vaut d\u2019\u00eatre <b>rep\u00e9r\u00e9e par une professeure de technique vocale<\/b> et son mari, directeur de l\u2019\u00e9cole de musique de la commune, apr\u00e8s une <b>proposition de com\u00e9die musicale <\/b>sur la table.<\/p>\n<p>Vid\u00e9os : en ce moment sur Actu<\/p>\n<p class=\" wall-content\">Puis les portes du<b> jeune festival Charivari <\/b>s\u2019ouvrent \u00e0 la jeune chanteuse. Elle est alors <b>propuls\u00e9e sur la grande sc\u00e8ne<\/b> du rendez-vous musical une premi\u00e8re fois, puis les ann\u00e9es suivantes. En parall\u00e8le, celle qui a int\u00e9gr\u00e9 le <b>conservatoire de Nantes<\/b> devient professeure de chant \u00e0 seulement 19\u00a0ans. Et cr\u00e9e l\u2019\u00e9cole Rhapsody, au sein de laquelle elle \u00e9crit plusieurs com\u00e9dies musicales. Pour ses \u00e9l\u00e8ves, pas pour elle. \u00ab Je me suis d\u00e9couverte plut\u00f4t femme de l\u2019ombre, dans l\u2019\u00e9criture, la mise en sc\u00e8ne\u2026 \u00bb Avec brio : ses repr\u00e9sentations font salle comble au Quatrain de Haute-Goulaine.<\/p>\n<p>    <a href=\"https:\/\/www.youtube.com\/embed\/MwlyrSpllP0?si=IzSg_vZORMWy5Zh5\" title=\"Ouvrie le lien\" target=\"_blank\" rel=\"noopener\">Cliquez ici pour visualiser le contenu<\/a><\/p>\n<p>Votre r\u00e9gion, votre actu !<\/p>\n<p>Recevez chaque jour les infos qui comptent pour vous.<\/p>\n<p>\t<a href=\"https:\/\/actu.fr\/newsletter\" class=\"ac-btn ac-btn--corner ac-btn--medium ac-btn--blue800\" target=\"_blank\" rel=\"noopener\">S&rsquo;incrire<\/a><br \/>\nL\u2019envie d\u2019\u00eatre dans la lumi\u00e8re<\/p>\n<p class=\" wall-content\">Aujourd\u2019hui, retour \u00e0 ses \u00ab origines \u00bb, avec une envie d\u2019\u00eatre \u00ab dans la lumi\u00e8re \u00bb. Mais \u00e9galement de rendre un hommage plus personnel \u00e0 sa belle-m\u00e8re, sa \u00ab seconde maman \u00bb, dont le d\u00e9c\u00e8s il y a deux ans l\u2019a boulevers\u00e9e. La chanteuse n\u2019a pas oubli\u00e9 ce moment o\u00f9 elles avaient<b> dans\u00e9 toutes les deux sur La Vie en rose avant de se prendre dans les bras<\/b>.<\/p>\n<blockquote class=\"ac-article-quote wall-content\">\n<p>\u00ab On avait un regard tendre, c\u2019\u00e9tait fort. J\u2019ai envie de garder en m\u00e9moire ce moment dans son petit salon. \u00bb<\/p>\n<\/blockquote>\n<p class=\" wall-content\">Fin ao\u00fbt, la jeune femme, qui se d\u00e9crit \u00e9galement comme une \u00ab fan inconsid\u00e9r\u00e9e de Dalida \u00bb, r\u00e9p\u00e9tait avec le groupe de jazz au ch\u00e2teau des Montys \u00e0 Haute-Goulaine, dont elle remercie les propri\u00e9taires Guillaume et Fr\u00e9d\u00e9rique Libaudi\u00e8re. Elle esp\u00e8re que ce r\u00e9cital, ainsi que le concert du Holy Totsy Gang, va pouvoir encha\u00eener les dates apr\u00e8s celles de septembre, dans l\u2019optique de \u00ab l\u2019envoyer tr\u00e8s loin \u00bb en s\u2019appuyant sur un groupe de musiciens dont elle chante les louanges.<\/p>\n<p class=\" wall-content\">\u00ab Notre histoire d\u2019amour est n\u00e9e il y a dix ans avec ce groupe \u00bb, rapporte la chanteuse en glissant cette anecdote charg\u00e9e de symboles : le batteur du groupe lui a r\u00e9v\u00e9l\u00e9 <b>\u00eatre n\u00e9 le m\u00eame jour, et \u00e0 la m\u00eame heure<\/b>, que\u2026 la mort de Piaf.<\/p>\n<p>Vendredi\u00a019 et samedi 20\u00a0septembre de 20 h \u00e0 22 h, au ch\u00e2teau de La Berri\u00e8re \u00e0 Divatte-sur-Loire. Tarif unique : 15\u00a0\u20ac. R\u00e9servation obligatoire sur www.helloasso.com ou au 06 16 36 00 37.<\/p>\n<p class=\" wall-content\">Personnalisez votre actualit\u00e9 en ajoutant vos villes et m\u00e9dias en favori avec <a href=\"https:\/\/moncompte.actu.fr\" title=\"D\u00e9couvez Mon Actu\" rel=\"nofollow noopener\" data-trk=\"{&quot;cta&quot;:{&quot;action&quot;:&quot;https:\\\/\\\/moncompte.actu.fr&quot;,&quot;category&quot;:&quot;mon compte&quot;,&quot;from&quot;:&quot;article footer&quot;,&quot;name&quot;:&quot;Mon actu&quot;,&quot;type&quot;:&quot;cta&quot;}}\" target=\"_blank\">Mon Actu<\/a>.<\/p>\n","protected":false},"excerpt":{"rendered":"Par R\u00e9daction Clisson Publi\u00e9 le 9 sept. 2025 \u00e0 19h07 C\u2019est l\u2019histoire d\u2019une jeune fille qui ne s\u2019arr\u00eatait&hellip;\n","protected":false},"author":2,"featured_media":378320,"comment_status":"","ping_status":"","sticky":false,"template":"","format":"standard","meta":{"footnotes":""},"categories":[2818],"tags":[1111,11,1697,1777,674,1011,27,1652,766,12,2636,25,2900],"class_list":{"0":"post-378319","1":"post","2":"type-post","3":"status-publish","4":"format-standard","5":"has-post-thumbnail","7":"category-nantes","8":"tag-actu","9":"tag-actualites","10":"tag-concert","11":"tag-eu","12":"tag-europe","13":"tag-fr","14":"tag-france","15":"tag-loisirs-culture","16":"tag-nantes","17":"tag-news","18":"tag-pays-de-la-loire","19":"tag-republique-francaise","20":"tag-vignoble-nantais"},"share_on_mastodon":{"url":"https:\/\/pubeurope.com\/@fr\/115175664102572678","error":""},"_links":{"self":[{"href":"https:\/\/www.europesays.com\/fr\/wp-json\/wp\/v2\/posts\/378319","targetHints":{"allow":["GET"]}}],"collection":[{"href":"https:\/\/www.europesays.com\/fr\/wp-json\/wp\/v2\/posts"}],"about":[{"href":"https:\/\/www.europesays.com\/fr\/wp-json\/wp\/v2\/types\/post"}],"author":[{"embeddable":true,"href":"https:\/\/www.europesays.com\/fr\/wp-json\/wp\/v2\/users\/2"}],"replies":[{"embeddable":true,"href":"https:\/\/www.europesays.com\/fr\/wp-json\/wp\/v2\/comments?post=378319"}],"version-history":[{"count":0,"href":"https:\/\/www.europesays.com\/fr\/wp-json\/wp\/v2\/posts\/378319\/revisions"}],"wp:featuredmedia":[{"embeddable":true,"href":"https:\/\/www.europesays.com\/fr\/wp-json\/wp\/v2\/media\/378320"}],"wp:attachment":[{"href":"https:\/\/www.europesays.com\/fr\/wp-json\/wp\/v2\/media?parent=378319"}],"wp:term":[{"taxonomy":"category","embeddable":true,"href":"https:\/\/www.europesays.com\/fr\/wp-json\/wp\/v2\/categories?post=378319"},{"taxonomy":"post_tag","embeddable":true,"href":"https:\/\/www.europesays.com\/fr\/wp-json\/wp\/v2\/tags?post=378319"}],"curies":[{"name":"wp","href":"https:\/\/api.w.org\/{rel}","templated":true}]}}