{"id":378327,"date":"2025-09-09T18:08:09","date_gmt":"2025-09-09T18:08:09","guid":{"rendered":"https:\/\/www.europesays.com\/fr\/378327\/"},"modified":"2025-09-09T18:08:09","modified_gmt":"2025-09-09T18:08:09","slug":"ce-festival-dart-de-rue-va-animer-la-commune-pendant-trois-jours","status":"publish","type":"post","link":"https:\/\/www.europesays.com\/fr\/378327\/","title":{"rendered":"ce festival d&rsquo;art de rue va animer la commune pendant trois jours"},"content":{"rendered":"<p>            Par<br \/>\n        <strong><br \/>\n            <a href=\"https:\/\/actu.fr\/auteur\/nina-hossein-zadeh\" title=\"Consulter tous les articles de Nina Hossein-Zadeh\" target=\"_blank\" rel=\"noopener\">Nina Hossein-Zadeh<\/a><br \/>\n        <\/strong><\/p>\n<p>        Publi\u00e9 le<\/p>\n<p>            9 sept. 2025 \u00e0 19h40        <\/p>\n<p>L\u2019embl\u00e9matique<strong> Festival d\u2019art de rue de Ramonville<\/strong>, pr\u00e8s de<strong><a href=\"https:\/\/actu.fr\/toulouse\/\" target=\"_blank\" rel=\"noopener\"> Toulouse<\/a>,<\/strong> fait son grand retour dans les rues, places et parcs de la ville du 12 au 14\u00a0septembre 2025. Organis\u00e9 par <strong>l\u2019association ARTO<\/strong>, en partenariat avec la municipalit\u00e9, ce rendez-vous incontournable des arts de la rue en Occitanie f\u00eatera sa 38\u1d49 \u00e9dition avec un programme haut en couleurs, bien que<a href=\"https:\/\/actu.fr\/occitanie\/toulouse_31555\/toulouse-apres-une-perte-de-352-000-euros-de-subventions-ce-festival-s-arrete-definitivement_62518616.html\" target=\"_blank\" rel=\"noopener\"> contraint par un contexte budg\u00e9taire difficile.<\/a><\/p>\n<p>Un festival populaire et festif<\/p>\n<p class=\" wall-content\">Pendant trois jours, th\u00e9\u00e2tre de rue, cirque, danse et concerts feront vibrer Ramonville gr\u00e2ce \u00e0<strong> une trentaine de compagnies venues de France et d\u2019Europe.<\/strong> Fid\u00e8le \u00e0 son esprit de partage, le festival propose une grande majorit\u00e9 de spectacles gratuits et accessibles \u00e0 toutes et tous, y compris gr\u00e2ce \u00e0 des dispositifs sp\u00e9cifiques pour les personnes en situation de handicap.<\/p>\n<p class=\" wall-content\">En amont,<strong> deux pr\u00e9ambules d\u00e9localis\u00e9s<\/strong> viendront ouvrir les festivit\u00e9s\u2009: le <a href=\"https:\/\/actu.fr\/occitanie\/toulouse_31555\/bloquons-tout-a-toulouse-bus-metros-trains-ecoles-voici-les-perturbations-a-prevoir_63133690.html\" target=\"_blank\" rel=\"noopener\">10\u00a0septembre \u00e0 Toulouse<\/a> dans le quartier Bagatelle et le 11\u00a0septembre \u00e0 Lab\u00e8ge.<\/p>\n<p>Une programmation riche<\/p>\n<p class=\" wall-content\">Cette ann\u00e9e, ARTO mise sur une programmation \u00ab\u2009d\u00e9tendue\u2009\u00bb, largement tourn\u00e9e vers <strong>l\u2019humour, l\u2019absurde et le d\u00e9cal\u00e9<\/strong>, comme un pied de nez \u00e0 l\u2019anxi\u00e9t\u00e9 ambiante, confiait \u00e0 Actu Toulouse le programmateur Pierre Boisson.<\/p>\n<p class=\" wall-content\">Des artistes incontournables tels que Fred Blin (Les Chiche Capon, les Chiens de Navarre), le clown catalan Leandre, ou encore les compagnies Kiroul, Intrepidus Squad, Muchmuche et La D\u00e9pliante viendront bousculer les imaginaires.<\/p>\n<p>Vid\u00e9os : en ce moment sur Actu<\/p>\n<p class=\" wall-content\">Le festival accueillera \u00e9galement des artistes de<strong>\u00a0la sc\u00e8ne catalane<\/strong>, avec trois compagnies invit\u00e9es en partenariat avec l\u2019Institut Ramon Llull (Xirriquiteula Teatre, Sound de Sec\u00e0 et Leandre).<\/p>\n<p class=\" wall-content\">C\u00f4t\u00e9 musique, la f\u00eate battra son plein avec Radio Tutti, Pulcinella, Deeplodocus, AyAy, Shamaly ou encore La Cercleuse, sans oublier un open mic rap organis\u00e9 avec l\u2019association Open Mic Castanet.<\/p>\n<p>Votre r\u00e9gion, votre actu !<\/p>\n<p>Recevez chaque jour les infos qui comptent pour vous.<\/p>\n<p>\t<a href=\"https:\/\/actu.fr\/newsletter\" class=\"ac-btn ac-btn--corner ac-btn--medium ac-btn--blue800\" target=\"_blank\" rel=\"noopener\">S&rsquo;incrire<\/a><br \/>\nUn final collectif malgr\u00e9 un contexte tendu<\/p>\n<p class=\" wall-content\">Le festival se cl\u00f4turera le dimanche 14\u00a0septembre \u00e0 19h, avec<strong> une c\u00e9r\u00e9monie collective sur l\u2019All\u00e9e des Sables<\/strong>\u2009: un moment unique imagin\u00e9 pour et avec le public \u00ab\u2009pour se dire au revoir et souhaiter prosp\u00e9rit\u00e9 au festival de la plus belle des mani\u00e8res\u2009\u00bb.<\/p>\n<p class=\" wall-content\">Car derri\u00e8re cet \u00e9v\u00e9nement, l\u2019avenir du festival reste pr\u00e9occupant. Comme de nombreuses institutions culturelles de la r\u00e9gion, ARTO est frapp\u00e9 par une baisse significative de ses financements.<\/p>\n<p class=\" wall-content\">En 2025, <strong>ce sont plus de 60\u2009000\u00a0\u20ac de subventions qui disparaissent<\/strong>, amputant directement la capacit\u00e9 du festival \u00e0 proposer une programmation \u00e0 la hauteur de son attractivit\u00e9.<\/p>\n<p>Un festival \u00ab\u2009en p\u00e9ril\u2009\u00bb<\/p>\n<p class=\" wall-content\">Le programmateur Pierre Boisson tirait la sonnette d\u2019alarme en mai dernier et soulignait un important paradoxe\u2009:<strong> \u00ab\u2009On a eu\u00a0une affluence record de 40\u2009000\u00a0personnes\u00a0l\u2019an pass\u00e9 sur trois jours.<\/strong> Mais on est sous dimensionn\u00e9 pour proposer des spectacles vari\u00e9s qui touchent l\u2019ensemble de la soci\u00e9t\u00e9 et pour l\u2019organisation qui est tr\u00e8s sp\u00e9cifique au festival de rue.\u2009\u00bb<\/p>\n<p class=\" wall-content\">Selon lui,<strong> le festival souffre \u00ab\u2009d\u2019un d\u00e9calage entre les moyens allou\u00e9s et l\u2019attractivit\u00e9\u2009\u00bb.<\/strong> \u00ab\u2009Le festival est en p\u00e9ril\u2009\u00bb, avertissait Pierre Boisson. Pourtant, le festival aura bien lieu avec une \u00e9dition qui se veut une bouff\u00e9e d\u2019air avec \u00ab\u2009une tonalit\u00e9 d\u00e9jant\u00e9e, d\u00e9cal\u00e9e et libre\u2009\u00bb.<\/p>\n<p><strong>Infos pratiques :\u00a0<\/strong><br \/>\nDu 12 au 14 septembre 2025, deux pr\u00e9ambules d\u00e9localis\u00e9s le 10 et 11 septembre<br \/>\nPlus d\u2019information sur la programmation sur <a href=\"https:\/\/festivalramonville-arto.fr\/\" target=\"_blank\" rel=\"noopener\">le site web<\/a>.<\/p>\n<p class=\" wall-content\">Personnalisez votre actualit\u00e9 en ajoutant vos villes et m\u00e9dias en favori avec <a href=\"https:\/\/moncompte.actu.fr\" title=\"D\u00e9couvez Mon Actu\" rel=\"nofollow noopener\" data-trk=\"{&quot;cta&quot;:{&quot;action&quot;:&quot;https:\\\/\\\/moncompte.actu.fr&quot;,&quot;category&quot;:&quot;mon compte&quot;,&quot;from&quot;:&quot;article footer&quot;,&quot;name&quot;:&quot;Mon actu&quot;,&quot;type&quot;:&quot;cta&quot;}}\" target=\"_blank\">Mon Actu<\/a>.<\/p>\n","protected":false},"excerpt":{"rendered":"Par Nina Hossein-Zadeh Publi\u00e9 le 9 sept. 2025 \u00e0 19h40 L\u2019embl\u00e9matique Festival d\u2019art de rue de Ramonville, pr\u00e8s&hellip;\n","protected":false},"author":2,"featured_media":378328,"comment_status":"","ping_status":"","sticky":false,"template":"","format":"standard","meta":{"footnotes":""},"categories":[2816],"tags":[1111,11,1777,674,1011,27,1652,12,2680,25,1341,2312],"class_list":{"0":"post-378327","1":"post","2":"type-post","3":"status-publish","4":"format-standard","5":"has-post-thumbnail","7":"category-toulouse","8":"tag-actu","9":"tag-actualites","10":"tag-eu","11":"tag-europe","12":"tag-fr","13":"tag-france","14":"tag-loisirs-culture","15":"tag-news","16":"tag-occitanie","17":"tag-republique-francaise","18":"tag-sortir-a-toulouse","19":"tag-toulouse"},"share_on_mastodon":{"url":"https:\/\/pubeurope.com\/@fr\/115175679871606589","error":""},"_links":{"self":[{"href":"https:\/\/www.europesays.com\/fr\/wp-json\/wp\/v2\/posts\/378327","targetHints":{"allow":["GET"]}}],"collection":[{"href":"https:\/\/www.europesays.com\/fr\/wp-json\/wp\/v2\/posts"}],"about":[{"href":"https:\/\/www.europesays.com\/fr\/wp-json\/wp\/v2\/types\/post"}],"author":[{"embeddable":true,"href":"https:\/\/www.europesays.com\/fr\/wp-json\/wp\/v2\/users\/2"}],"replies":[{"embeddable":true,"href":"https:\/\/www.europesays.com\/fr\/wp-json\/wp\/v2\/comments?post=378327"}],"version-history":[{"count":0,"href":"https:\/\/www.europesays.com\/fr\/wp-json\/wp\/v2\/posts\/378327\/revisions"}],"wp:featuredmedia":[{"embeddable":true,"href":"https:\/\/www.europesays.com\/fr\/wp-json\/wp\/v2\/media\/378328"}],"wp:attachment":[{"href":"https:\/\/www.europesays.com\/fr\/wp-json\/wp\/v2\/media?parent=378327"}],"wp:term":[{"taxonomy":"category","embeddable":true,"href":"https:\/\/www.europesays.com\/fr\/wp-json\/wp\/v2\/categories?post=378327"},{"taxonomy":"post_tag","embeddable":true,"href":"https:\/\/www.europesays.com\/fr\/wp-json\/wp\/v2\/tags?post=378327"}],"curies":[{"name":"wp","href":"https:\/\/api.w.org\/{rel}","templated":true}]}}