{"id":378333,"date":"2025-09-09T18:12:14","date_gmt":"2025-09-09T18:12:14","guid":{"rendered":"https:\/\/www.europesays.com\/fr\/378333\/"},"modified":"2025-09-09T18:12:14","modified_gmt":"2025-09-09T18:12:14","slug":"une-policiere-blessee-par-un-individu-atteint-de-troubles-psychiatriques-a-plan-de-cuques","status":"publish","type":"post","link":"https:\/\/www.europesays.com\/fr\/378333\/","title":{"rendered":"Une polici\u00e8re bless\u00e9e par un individu atteint de troubles psychiatriques \u00e0 Plan-de-Cuques"},"content":{"rendered":"<p>\u00c7a n&rsquo;aurait pu \u00eatre qu&rsquo;une banale intervention de routine, mais elle a d\u00e9g\u00e9n\u00e9r\u00e9 lundi soir \u00e0 <a href=\"https:\/\/www.laprovence.com\/article\/politique\/45566761713029\/municipales-2026-a-allauch-et-plan-de-cuques-le-rassemblement-national-en-ordre-de-marche\" target=\"_blank\" rel=\"nofollow noopener\">Plan-de-Cuques<\/a>, au point qu&rsquo;une polici\u00e8re a \u00e9t\u00e9 bless\u00e9e.<\/p>\n<p>Il \u00e9tait 20 h 45 lorsque les sapeurs-pompiers, en difficult\u00e9 avec un individu souffrant de troubles psychiatriques et refusant d&rsquo;\u00eatre pris en charge alors qu&rsquo;il \u00e9tait manifestement en pleine crise, ont demand\u00e9 l&rsquo;assistance de la police. Retranch\u00e9 dans son domicile, ce patient suivi d&rsquo;habitude \u00e0 Aubagne, au sein de <a href=\"https:\/\/www.laprovence.com\/article\/region\/194089123420115\/a-aubagne-l-hopital-valvert-s-inspire-de-l-islande-pour-lutter-contre-les-addictions-chez-les-jeunes\" target=\"_blank\" rel=\"nofollow noopener\">l&rsquo;h\u00f4pital sp\u00e9cialis\u00e9 de Valvert<\/a>, mena\u00e7ait de mort des membres de sa famille habitant \u00e0 proximit\u00e9.<\/p>\n<p>Dans un premier temps, les policiers appel\u00e9s en renfort ont d\u00e9couvert un homme dispos\u00e9 \u00e0 se laisser faire puisqu&rsquo;il se serait livr\u00e9 sans r\u00e9sistance particuli\u00e8re.<\/p>\n<p>Intern\u00e9 d&rsquo;office<\/p>\n<p>Mais le temps du transport et le lieu d&rsquo;une hospitalisation d&rsquo;urgence tardant \u00e0 \u00eatre confirm\u00e9, l&rsquo;individu a perdu patience et tent\u00e9 de s&rsquo;enfuir. Il aurait alors d\u00e9coch\u00e9 des coups de pied \u00e0 une <a href=\"https:\/\/www.laprovence.com\/article\/faits-divers-justice\/199160036203214\/ivre-et-en-possession-de-cocaine-il-force-un-controle-et-blesse-trois-policiers-entre-vitrolles-et-marignane\" target=\"_blank\" rel=\"nofollow noopener\">polici\u00e8re<\/a>, jusqu&rsquo;\u00e0 la faire tomber au sol. La fonctionnaire souffre de blessures au poignet et au dos.<\/p>\n<p>Interpell\u00e9, cet homme \u00e2g\u00e9 de 38 ans a aussit\u00f4t \u00e9t\u00e9 interpell\u00e9, avant d&rsquo;\u00eatre plac\u00e9 en garde \u00e0 vue. Garde \u00e0 vue qui a ensuite \u00e9t\u00e9 lev\u00e9e pour un internement d&rsquo;office.<\/p>\n","protected":false},"excerpt":{"rendered":"\u00c7a n&rsquo;aurait pu \u00eatre qu&rsquo;une banale intervention de routine, mais elle a d\u00e9g\u00e9n\u00e9r\u00e9 lundi soir \u00e0 Plan-de-Cuques, au&hellip;\n","protected":false},"author":2,"featured_media":378334,"comment_status":"","ping_status":"","sticky":false,"template":"","format":"standard","meta":{"footnotes":""},"categories":[2814],"tags":[17,1111,11,14647,10620,1102,1777,674,274,1011,27,23912,884,12,5912,17416,882,25,30838,96],"class_list":{"0":"post-378333","1":"post","2":"type-post","3":"status-publish","4":"format-standard","5":"has-post-thumbnail","7":"category-marseille","8":"tag-17","9":"tag-actu","10":"tag-actualites","11":"tag-atteint","12":"tag-blessee","13":"tag-breakingnews","14":"tag-eu","15":"tag-europe","16":"tag-faits-divers-justice","17":"tag-fr","18":"tag-france","19":"tag-individu","20":"tag-marseille","21":"tag-news","22":"tag-par","23":"tag-policiere","24":"tag-provence-alpes-cote-dazur","25":"tag-republique-francaise","26":"tag-troubles","27":"tag-une"},"share_on_mastodon":{"url":"https:\/\/pubeurope.com\/@fr\/115175695542849893","error":""},"_links":{"self":[{"href":"https:\/\/www.europesays.com\/fr\/wp-json\/wp\/v2\/posts\/378333","targetHints":{"allow":["GET"]}}],"collection":[{"href":"https:\/\/www.europesays.com\/fr\/wp-json\/wp\/v2\/posts"}],"about":[{"href":"https:\/\/www.europesays.com\/fr\/wp-json\/wp\/v2\/types\/post"}],"author":[{"embeddable":true,"href":"https:\/\/www.europesays.com\/fr\/wp-json\/wp\/v2\/users\/2"}],"replies":[{"embeddable":true,"href":"https:\/\/www.europesays.com\/fr\/wp-json\/wp\/v2\/comments?post=378333"}],"version-history":[{"count":0,"href":"https:\/\/www.europesays.com\/fr\/wp-json\/wp\/v2\/posts\/378333\/revisions"}],"wp:featuredmedia":[{"embeddable":true,"href":"https:\/\/www.europesays.com\/fr\/wp-json\/wp\/v2\/media\/378334"}],"wp:attachment":[{"href":"https:\/\/www.europesays.com\/fr\/wp-json\/wp\/v2\/media?parent=378333"}],"wp:term":[{"taxonomy":"category","embeddable":true,"href":"https:\/\/www.europesays.com\/fr\/wp-json\/wp\/v2\/categories?post=378333"},{"taxonomy":"post_tag","embeddable":true,"href":"https:\/\/www.europesays.com\/fr\/wp-json\/wp\/v2\/tags?post=378333"}],"curies":[{"name":"wp","href":"https:\/\/api.w.org\/{rel}","templated":true}]}}