{"id":378343,"date":"2025-09-09T18:18:11","date_gmt":"2025-09-09T18:18:11","guid":{"rendered":"https:\/\/www.europesays.com\/fr\/378343\/"},"modified":"2025-09-09T18:18:11","modified_gmt":"2025-09-09T18:18:11","slug":"sebastien-lecornu-nomme-premier-ministre","status":"publish","type":"post","link":"https:\/\/www.europesays.com\/fr\/378343\/","title":{"rendered":"S\u00e9bastien Lecornu nomm\u00e9 Premier ministre"},"content":{"rendered":"<p class=\"paragraph text_align_left lp-f-body-02\">Dans son bureau donnant sur les jardins de l\u2019h\u00f4tel de Brienne (Paris VIIe), S\u00e9bastien Lecornu n\u2019a pas d\u00e9fait tous ses cartons, qu\u2019il avait faits au moment de la dissolution, en juin 2024. Cela lui facilitera la t\u00e2che alors qu\u2019il va d\u00e9m\u00e9nager \u00e0 Matignon, apr\u00e8s huit ans de pr\u00e9sence sans discontinuer depuis le premier mandat d\u2019<a href=\"https:\/\/www.leparisien.fr\/politique\/pour-matignon-macron-cultive-le-flou-08-09-2025-DKJ34YPQTVF25D3ZGDAR6OWC7E.php\" target=\"_blank\" rel=\"noreferrer nofollow noopener\">Emmanuel Macron <\/a>\u2013 un record ! Jusqu\u2019au bout, \u00e0 sa table de travail, il a entendu les rumeurs (qui l\u2019ont agac\u00e9), essayant d\u2019en faire abstraction et jurant ses grands dieux aupr\u00e8s de ses interlocuteurs qu\u2019il n\u2019en savait rien.<\/p>\n<p class=\"paragraph text_align_left lp-f-body-02\">Comme \u00e0 chaque remaniement, le nom du ministre des Arm\u00e9es a fait partie des favoris pour le fauteuil de Premier ministre. En d\u00e9cembre dernier, \u00e0 entendre certains, c\u2019\u00e9tait m\u00eame quasiment fait, <a href=\"https:\/\/www.leparisien.fr\/politique\/cest-le-grand-muet-sebastien-lecornu-tres-discret-mais-toujours-cite-pour-matignon-15-06-2025-CQLIY4JR7VDITONI2JW3E2JM6U.php\" target=\"_blank\" rel=\"noreferrer nofollow noopener\">Macron s\u2019appr\u00eatait \u00e0 nommer ce fid\u00e8le<\/a>, issu des rangs des R\u00e9publicains, fana de l\u2019arm\u00e9e et cultivant sa proximit\u00e9 avec le pr\u00e9sident au gr\u00e9 des crises internationales.<\/p>\n<p class=\"paragraph text_align_left lp-f-body-02\">Las, la suite est connue, Fran\u00e7ois Bayrou le coiffa au poteau, mena\u00e7ant de retirer les centristes du fragile socle commun s\u2019il n\u2019acc\u00e9dait pas \u00e0 Matignon. Lecornu eut beau r\u00e9p\u00e9ter, comme \u00e0 chaque fois, qu\u2019il n\u2019\u00e9tait \u00ab candidat \u00e0 rien, heureux aux Arm\u00e9es \u00bb, il connut un s\u00e9rieux coup de mou, d\u00e9\u00e7u et furieux, une bonne partie de l\u2019hiver.<\/p>\n<p class=\"paragraph text_align_left lp-f-body-02\">Cette fois encore, il s\u2019est livr\u00e9 au m\u00eame num\u00e9ro. Et si le pr\u00e9sident vous proposait Matignon, l\u2019interrogeait Le <a href=\"https:\/\/www.leparisien.fr\/politique\/sebastien-lecornu-il-ny-a-pas-de-censure-gratuite-30-08-2025-3U6QKZKMVZANNAUE5Z6HE2DGHY.php\" target=\"_blank\" rel=\"noreferrer nofollow noopener\">Parisien-Aujourd\u2019hui en France le dimanche 31 ao\u00fbt <\/a>? \u00ab Je ne suis pas candidat, r\u00e9pondait-il, patelin. Je note d\u2019ailleurs que dans l\u2019histoire, \u00e0 chaque remaniement, les anciens ministres de la D\u00e9fense, comme Mich\u00e8le Alliot-Marie et Jean-Yves Le Drian, \u00e9taient donn\u00e9s \u00ab premiers ministrables \u00bb, et ils ne sont jamais all\u00e9s \u00e0 Matignon. Cela me va tr\u00e8s bien ! \u00bb<\/p>\n<p class=\"paragraph text_align_left lp-f-body-02\">Ces jours-ci, S\u00e9bastien Lecornu est \u00e0 la t\u00e2che, multiplie les \u00ab tourn\u00e9es des popotes \u00bb, tant dans les r\u00e9giments \u00e0 travers l\u2019Hexagone que sur les sites d\u2019industrie de l\u2019armement, pour promouvoir l\u2019actualisation de la LPM (Loi de programmation militaire) apr\u00e8s <a href=\"https:\/\/www.leparisien.fr\/politique\/defense-macron-donne-ses-orientations-aux-armees-face-a-trump-et-a-lacceleration-des-menaces-20-01-2025-EA5IWHDARBCKPLGQUYCLW3WKHQ.php\" target=\"_blank\" rel=\"noreferrer nofollow noopener\">la hausse de 6,5 Mds de cr\u00e9dits<\/a> pour 2026-2027, annonc\u00e9e par le chef de l\u2019\u00c9tat en juillet.<\/p>\n<p class=\"paragraph text_align_left lp-f-body-02\">Ce mardi apr\u00e8s-midi, il devait d\u2019ailleurs s\u2019envoler pour Londres (Royaume-Uni), pour deux jours de r\u00e9unions avec ses homologues du \u00ab groupe E5 \u00bb (Allemagne, Pologne, Italie, France et Royaume-Uni) sur <a href=\"https:\/\/www.leparisien.fr\/international\/ukraine\/\" target=\"_blank\" rel=\"noreferrer nofollow noopener\">l\u2019Ukraine<\/a>. Le dossier prioritaire du pr\u00e9sident, avec Gaza et <a href=\"https:\/\/www.leparisien.fr\/international\/la-france-va-reconnaitre-letat-de-palestine-en-septembre-quest-ce-que-ca-changerait-concretement-25-07-2025-UVITU3KAHJHIDBSNP47BR65NQI.php\" target=\"_blank\" rel=\"noreferrer nofollow noopener\">la reconnaissance de la Palestine<\/a>, en mati\u00e8re d\u2019international. Avant que le d\u00e9placement soit annul\u00e9 \u00e0 cause de la chute du gouvernement Bayrou.<\/p>\n<p>Du PS au RN, les oppositions attendent le nouveau chef de gouvernement de pied ferme<\/p>\n<p class=\"paragraph text_align_left lp-f-body-02\">\u00c0 l\u2019int\u00e9rieur, ce sont l\u2019habilet\u00e9 et la rondeur du s\u00e9nateur Lecornu \u2013 \u00e0 39 ans, l\u2019int\u00e9ress\u00e9 confie lui-m\u00eame avoir \u00ab toujours fait plus vieux \u00bb \u2013, admirateur du g\u00e9n\u00e9ral de Gaulle et f\u00e9ru de l\u2019histoire de la R\u00e9sistance, qui rassureraient Macron. Ne se flatte-t-il pas d\u2019avoir fait adopter en 2023 <a href=\"https:\/\/google.com\/search?q=lpm+le+parisien&amp;sca_esv=b77b92e33e02ffaf&amp;rlz=1C1GCEA_enFR1057FR1057&amp;sxsrf=AE3TifMmLTsaMBibeh1MMQ3XKq6fm2Ig8w%3A1757418349012&amp;ei=bRPAaL89wYrszw_0442hDQ&amp;ved=0ahUKEwj_p6jDzcuPAxVBBfsDHfRxI9QQ4dUDCBA&amp;uact=5&amp;oq=lpm+le+parisien&amp;gs_lp=Egxnd3Mtd2l6LXNlcnAiD2xwbSBsZSBwYXJpc2llbkjRBVAAWLECcAB4AZABAJgBAKABAKoBALgBA8gBAPgBAZgCAKACAJgDAJIHAKAHALIHALgHAMIHAMgHAA&amp;sclient=gws-wiz-serp\" target=\"_self\" rel=\"nofollow noopener\">une LPM d\u2019ampleur in\u00e9dite <\/a>(413 Mds d\u2019euros) \u00e0 une majorit\u00e9 \u00e9crasante, gr\u00e2ce aux dizaines d\u2019heures pass\u00e9es \u00e0 convaincre les d\u00e9put\u00e9s et s\u00e9nateurs de tous bords ? Un signal favorable dans la perspective d\u2019une recherche de majorit\u00e9 (relative) pour voter le prochain budget.<\/p>\n<p class=\"paragraph text_align_left lp-f-body-02\">Probl\u00e8me, vu de gauche et notamment du PS, son profil issu du camp pr\u00e9sidentiel, et ex LR, ne changerait en rien la donne politique. \u00ab Vous ne ferez pas de moi un coresponsable de la nomination d\u2019un macroniste \u00bb, attaquait avant m\u00eame la confirmation de sa nomination, le Premier secr\u00e9taire du PS <a href=\"https:\/\/www.leparisien.fr\/politique\/olivier-faure\/\" target=\"_blank\" rel=\"noreferrer nofollow noopener\">Olivier Faure<\/a>.<\/p>\n<p class=\"paragraph text_align_left lp-f-body-02\">La nomination d\u2019un intime de Macron, alors que ce dernier est d\u00e9sormais directement dans la ligne de mire des oppositions, serait m\u00eame un chiffon rouge. En outre, beaucoup, chez les Marcheurs, reprochent \u00e0 Lecornu sa \u00ab complaisance \u00bb avec le RN, lui qui est \u00e9lu d\u2019un d\u00e9partement, l\u2019Eure, o\u00f9 le parti d\u2019extr\u00eame droite est puissant.<\/p>\n<p class=\"paragraph text_align_left lp-f-body-02\">Fin avril, il a ainsi re\u00e7u \u00e0 d\u00eener \u00e0 Brienne, en toute discr\u00e9tion, <a href=\"https:\/\/www.leparisien.fr\/politique\/marine-le-pen\/\" target=\"_blank\" rel=\"noreferrer nofollow noopener\">Marine Le Pen<\/a> et <a href=\"https:\/\/www.leparisien.fr\/politique\/jordan-bardella\/\" target=\"_blank\" rel=\"noreferrer nofollow noopener\">Jordan Bardella<\/a>. \u00ab Mais je rencontre les responsables de tous les partis \u00bb, s\u2019est-il d\u00e9fendu quand le \u00ab Canard encha\u00een\u00e9 \u00bb a r\u00e9v\u00e9l\u00e9 l\u2019\u00e9pisode. \u00c0 l\u2019inverse, certains y virent alors la marque d\u2019un homme promis \u00e0 Matignon, o\u00f9 il pourrait peut-\u00eatre s\u2019entendre avec le RN, plus important groupe \u00e0 l\u2019Assembl\u00e9e nationale. Mais voil\u00e0, apr\u00e8s la d\u00e9route de <a href=\"https:\/\/www.leparisien.fr\/politique\/francois-bayrou\/\" target=\"_blank\" rel=\"noreferrer nofollow noopener\">Fran\u00e7ois Bayrou<\/a>, contre lequel les d\u00e9put\u00e9s lep\u00e9nistes ont vot\u00e9 \u00e0 l\u2019unanimit\u00e9, ces petits calculs ne sont peut-\u00eatre plus d\u2019actualit\u00e9\u2026<\/p>\n","protected":false},"excerpt":{"rendered":"Dans son bureau donnant sur les jardins de l\u2019h\u00f4tel de Brienne (Paris VIIe), S\u00e9bastien Lecornu n\u2019a pas d\u00e9fait&hellip;\n","protected":false},"author":2,"featured_media":378344,"comment_status":"","ping_status":"","sticky":false,"template":"","format":"standard","meta":{"footnotes":""},"categories":[1888],"tags":[1111,1928,11,1927,1777,674,1011,27,12,1926,626,1925,316,25],"class_list":{"0":"post-378343","1":"post","2":"type-post","3":"status-publish","4":"format-standard","5":"has-post-thumbnail","7":"category-paris","8":"tag-actu","9":"tag-actu-paris","10":"tag-actualites","11":"tag-actualites-paris","12":"tag-eu","13":"tag-europe","14":"tag-fr","15":"tag-france","16":"tag-news","17":"tag-news-paris","18":"tag-paris","19":"tag-paris-news","20":"tag-politique","21":"tag-republique-francaise"},"share_on_mastodon":{"url":"https:\/\/pubeurope.com\/@fr\/115175719131881893","error":""},"_links":{"self":[{"href":"https:\/\/www.europesays.com\/fr\/wp-json\/wp\/v2\/posts\/378343","targetHints":{"allow":["GET"]}}],"collection":[{"href":"https:\/\/www.europesays.com\/fr\/wp-json\/wp\/v2\/posts"}],"about":[{"href":"https:\/\/www.europesays.com\/fr\/wp-json\/wp\/v2\/types\/post"}],"author":[{"embeddable":true,"href":"https:\/\/www.europesays.com\/fr\/wp-json\/wp\/v2\/users\/2"}],"replies":[{"embeddable":true,"href":"https:\/\/www.europesays.com\/fr\/wp-json\/wp\/v2\/comments?post=378343"}],"version-history":[{"count":0,"href":"https:\/\/www.europesays.com\/fr\/wp-json\/wp\/v2\/posts\/378343\/revisions"}],"wp:featuredmedia":[{"embeddable":true,"href":"https:\/\/www.europesays.com\/fr\/wp-json\/wp\/v2\/media\/378344"}],"wp:attachment":[{"href":"https:\/\/www.europesays.com\/fr\/wp-json\/wp\/v2\/media?parent=378343"}],"wp:term":[{"taxonomy":"category","embeddable":true,"href":"https:\/\/www.europesays.com\/fr\/wp-json\/wp\/v2\/categories?post=378343"},{"taxonomy":"post_tag","embeddable":true,"href":"https:\/\/www.europesays.com\/fr\/wp-json\/wp\/v2\/tags?post=378343"}],"curies":[{"name":"wp","href":"https:\/\/api.w.org\/{rel}","templated":true}]}}